{"id":2091,"date":"2020-07-27T07:25:58","date_gmt":"2020-07-27T05:25:58","guid":{"rendered":"https:\/\/www.roma-sinti-holocaust-memorial-day.eu\/?p=2091"},"modified":"2024-06-19T11:35:33","modified_gmt":"2024-06-19T09:35:33","slug":"is-auschwitz-only-sleeping","status":"publish","type":"post","link":"https:\/\/www.roma-sinti-holocaust-memorial-day.eu\/de\/remembrance\/is-auschwitz-only-sleeping\/","title":{"rendered":"Ist \"Auschwitz nur am Schlafen\"?"},"content":{"rendered":"<div data-elementor-type=\"wp-post\" data-elementor-id=\"2091\" class=\"elementor elementor-2091\" data-elementor-post-type=\"post\">\n\t\t\t\t\t\t<section class=\"elementor-section elementor-top-section elementor-element elementor-element-3957485a elementor-section-stretched elementor-section-full_width elementor-section-height-default elementor-section-height-default\" data-id=\"3957485a\" data-element_type=\"section\" data-e-type=\"section\" data-settings=\"{&quot;stretch_section&quot;:&quot;section-stretched&quot;}\">\n\t\t\t\t\t\t<div class=\"elementor-container elementor-column-gap-no\">\n\t\t\t\t\t<div class=\"elementor-column elementor-col-100 elementor-top-column elementor-element elementor-element-3d7b9497\" data-id=\"3d7b9497\" data-element_type=\"column\" data-e-type=\"column\">\n\t\t\t<div class=\"elementor-widget-wrap elementor-element-populated\">\n\t\t\t\t\t\t<div class=\"elementor-element elementor-element-7a948de3 elementor-widget elementor-widget-video\" data-id=\"7a948de3\" data-element_type=\"widget\" data-e-type=\"widget\" data-settings=\"{&quot;youtube_url&quot;:&quot;https:\\\/\\\/youtu.be\\\/wwsJAg4UUAo&quot;,&quot;video_type&quot;:&quot;youtube&quot;,&quot;controls&quot;:&quot;yes&quot;}\" data-widget_type=\"video.default\">\n\t\t\t\t<div class=\"elementor-widget-container\">\n\t\t\t\t\t\t\t<div class=\"elementor-wrapper elementor-open-inline\">\n\t\t\t<div class=\"elementor-video\"><\/div>\t\t<\/div>\n\t\t\t\t\t\t<\/div>\n\t\t\t\t<\/div>\n\t\t\t\t\t<\/div>\n\t\t<\/div>\n\t\t\t\t\t<\/div>\n\t\t<\/section>\n\t\t\t\t<section class=\"elementor-section elementor-top-section elementor-element elementor-element-707757f6 elementor-section-full_width elementor-section-stretched elementor-section-height-default elementor-section-height-default\" data-id=\"707757f6\" data-element_type=\"section\" data-e-type=\"section\" data-settings=\"{&quot;stretch_section&quot;:&quot;section-stretched&quot;,&quot;background_background&quot;:&quot;classic&quot;}\">\n\t\t\t\t\t\t<div class=\"elementor-container elementor-column-gap-no\">\n\t\t\t\t\t<div class=\"elementor-column elementor-col-100 elementor-top-column elementor-element elementor-element-588cf51b\" data-id=\"588cf51b\" data-element_type=\"column\" data-e-type=\"column\">\n\t\t\t<div class=\"elementor-widget-wrap elementor-element-populated\">\n\t\t\t\t\t\t<section class=\"elementor-section elementor-inner-section elementor-element elementor-element-246e604f elementor-section-boxed elementor-section-height-default elementor-section-height-default\" data-id=\"246e604f\" data-element_type=\"section\" data-e-type=\"section\">\n\t\t\t\t\t\t<div class=\"elementor-container elementor-column-gap-default\">\n\t\t\t\t\t<div class=\"elementor-column elementor-col-100 elementor-inner-column elementor-element elementor-element-43836c76\" data-id=\"43836c76\" data-element_type=\"column\" data-e-type=\"column\">\n\t\t\t<div class=\"elementor-widget-wrap elementor-element-populated\">\n\t\t\t\t\t\t<div class=\"elementor-element elementor-element-3571a329 elementor-widget elementor-widget-spacer\" data-id=\"3571a329\" data-element_type=\"widget\" data-e-type=\"widget\" data-widget_type=\"spacer.default\">\n\t\t\t\t<div class=\"elementor-widget-container\">\n\t\t\t\t\t\t\t<div class=\"elementor-spacer\">\n\t\t\t<div class=\"elementor-spacer-inner\"><\/div>\n\t\t<\/div>\n\t\t\t\t\t\t<\/div>\n\t\t\t\t<\/div>\n\t\t\t\t<div class=\"elementor-element elementor-element-7dff26b elementor-widget elementor-widget-theme-post-title elementor-page-title elementor-widget-heading\" data-id=\"7dff26b\" data-element_type=\"widget\" data-e-type=\"widget\" data-widget_type=\"theme-post-title.default\">\n\t\t\t\t<div class=\"elementor-widget-container\">\n\t\t\t\t\t<h1 class=\"elementor-heading-title elementor-size-default\">Ist \"Auschwitz nur am Schlafen\"?<\/h1>\t\t\t\t<\/div>\n\t\t\t\t<\/div>\n\t\t\t\t<div class=\"elementor-element elementor-element-1a3258e elementor-widget elementor-widget-heading\" data-id=\"1a3258e\" data-element_type=\"widget\" data-e-type=\"widget\" data-widget_type=\"heading.default\">\n\t\t\t\t<div class=\"elementor-widget-container\">\n\t\t\t\t\t<h3 class=\"elementor-heading-title elementor-size-default\">Internationale Konferenz (2019) zu den Erz\u00e4hlungen der Sinti und Roma \u00fcber den Holocaust<\/h3>\t\t\t\t<\/div>\n\t\t\t\t<\/div>\n\t\t\t\t<div class=\"elementor-element elementor-element-a994280 elementor-widget elementor-widget-spacer\" data-id=\"a994280\" data-element_type=\"widget\" data-e-type=\"widget\" data-widget_type=\"spacer.default\">\n\t\t\t\t<div class=\"elementor-widget-container\">\n\t\t\t\t\t\t\t<div class=\"elementor-spacer\">\n\t\t\t<div class=\"elementor-spacer-inner\"><\/div>\n\t\t<\/div>\n\t\t\t\t\t\t<\/div>\n\t\t\t\t<\/div>\n\t\t\t\t<div class=\"elementor-element elementor-element-b0a19f2 elementor-widget elementor-widget-heading\" data-id=\"b0a19f2\" data-element_type=\"widget\" data-e-type=\"widget\" data-widget_type=\"heading.default\">\n\t\t\t\t<div class=\"elementor-widget-container\">\n\t\t\t\t\t<h3 class=\"elementor-heading-title elementor-size-default\"><p style=\"margin-bottom: 0px;font-family: Roboto, sans-serif;font-size: 17px;font-style: normal;font-weight: 400;white-space: normal;text-align: right\"><br><\/p><p align=\"right\" style=\"margin: 0cm 0cm 0.0001pt;text-align: right;background-image: initial;background-position: initial;background-size: initial;background-repeat: initial;background-attachment: initial\"><em><span lang=\"EN-US\" style=\"font-size: 10pt;, sans-serif;border-width: 1pt;border-style: none;border-color: windowtext;padding: 0cm;font-style: normal\">\"Ich habe Angst, dass Europa seine Vergangenheit vergisst <\/span><\/em><\/p><p align=\"right\" style=\"margin: 0cm 0cm 0.0001pt;text-align: right;background-image: initial;background-position: initial;background-size: initial;background-repeat: initial;background-attachment: initial\"><em><span lang=\"EN-US\" style=\"font-size: 10pt;, sans-serif;border-width: 1pt;border-style: none;border-color: windowtext;padding: 0cm;font-style: normal\">und das Auschwitz nur am Schlafen ist. <\/span><\/em><\/p><p align=\"right\" style=\"margin: 0cm 0cm 0.0001pt;text-align: right;background-image: initial;background-position: initial;background-size: initial;background-repeat: initial;background-attachment: initial\"><em><span lang=\"EN-US\" style=\"font-size: 10pt;, sans-serif;border-width: 1pt;border-style: none;border-color: windowtext;padding: 0cm;font-style: normal\">Anitziganistische Bedrohnungen, Vorg\u00e4nge und Taten<\/span><\/em><\/p><p align=\"right\" style=\"margin: 0cm 0cm 0.0001pt;text-align: right;background-image: initial;background-position: initial;background-size: initial;background-repeat: initial;background-attachment: initial\"><em><span lang=\"EN-US\" style=\"font-size: 10pt;, sans-serif;border-width: 1pt;border-style: none;border-color: windowtext;padding: 0cm;font-style: normal\"> beunruhigen mich und machen mich sehr traurig.\"<\/span><\/em><span lang=\"EN-US\" style=\"font-size:10.0pt;,sans-serif;color:#070707\"><\/span><\/p><br><p align=\"right\" style=\"margin: 0cm 0cm 0.0001pt;text-align: right;background-image: initial;background-position: initial;background-size: initial;background-repeat: initial;background-attachment: initial\"><span lang=\"EN-US\" style=\"font-size:10.0pt;,sans-serif;color:#070707\">Ceija Stojka, \u00dcberlebende des Roma-Holocaust (1933 \u2013 2013)<\/span><\/p><\/h3>\t\t\t\t<\/div>\n\t\t\t\t<\/div>\n\t\t\t\t<div class=\"elementor-element elementor-element-aa816a8 elementor-widget elementor-widget-spacer\" data-id=\"aa816a8\" data-element_type=\"widget\" data-e-type=\"widget\" data-widget_type=\"spacer.default\">\n\t\t\t\t<div class=\"elementor-widget-container\">\n\t\t\t\t\t\t\t<div class=\"elementor-spacer\">\n\t\t\t<div class=\"elementor-spacer-inner\"><\/div>\n\t\t<\/div>\n\t\t\t\t\t\t<\/div>\n\t\t\t\t<\/div>\n\t\t\t\t\t<\/div>\n\t\t<\/div>\n\t\t\t\t\t<\/div>\n\t\t<\/section>\n\t\t\t\t<section class=\"elementor-section elementor-inner-section elementor-element elementor-element-16f7145 elementor-section-boxed elementor-section-height-default elementor-section-height-default\" data-id=\"16f7145\" data-element_type=\"section\" data-e-type=\"section\">\n\t\t\t\t\t\t<div class=\"elementor-container elementor-column-gap-default\">\n\t\t\t\t\t<div class=\"elementor-column elementor-col-50 elementor-inner-column elementor-element elementor-element-cafefe5\" data-id=\"cafefe5\" data-element_type=\"column\" data-e-type=\"column\">\n\t\t\t<div class=\"elementor-widget-wrap elementor-element-populated\">\n\t\t\t\t\t\t<div class=\"elementor-element elementor-element-1e5b1d92 elementor-widget elementor-widget-text-editor\" data-id=\"1e5b1d92\" data-element_type=\"widget\" data-e-type=\"widget\" data-widget_type=\"text-editor.default\">\n\t\t\t\t<div class=\"elementor-widget-container\">\n\t\t\t\t\t\t\t\t\t<p>Eine internationale Konferenz mit dem Titel \"'Is 'Auschwitz only Sleeping?' Sinti and Roma Narratives after the Holocaust\" findet am 31. Juli und 1. August 2019 im Auditorium Maximum der Jagiellonen-Universit\u00e4t in Krakau statt.<\/p><p>Die Konferenz wird wichtige Interessenvertreter, K\u00fcnstler, F\u00fcrsprecher und Akademiker zusammenbringen, um die Darstellung der Roma-Erinnerung an der Schnittstelle von Kunst, Kultur, Wissenschaft, politischem Aktivismus und den historischen Narrativen und Erinnerungsr\u00e4umen der Roma sowie den B\u00fcrgerrechtskampf um Anerkennung und gegen Antiziganismus zu diskutieren.<\/p><p>Inspiriert durch das Zitat von Ceija Stojka, einer Roma-Holocaust-\u00dcberlebenden und K\u00fcnstlerin, arbeiten die Organisatoren daran, \u00fcber die Bedeutung der Pflege der Erinnerung an den Roma-Holocaust f\u00fcr die Sicherheit und das Wohlergehen der Roma-Gemeinschaften heute nachzudenken. Die internationale Konferenz hat die Ehre, eine Grundsatzrede von Rev. Jesse L. Jackson Sr. zu halten, dem legend\u00e4ren afroamerikanischen B\u00fcrgerrechtler und Gr\u00fcnder der PUSH\/Rainbow Coalition. antigypsyism.<\/p><p><span style=\"font-size: 19.215px; font-family: var( --e-global-typography-text-font-family ), Sans-serif;\">Die internationale Konferenz wird begleitet von einer Ausstellung mit dem Titel <a href=\"https:\/\/www.roma-sinti-holocaust-memorial-day.eu\/de\/remembrance\/exhibition-tears-of-gold\/\">\"TEARS OF GOLD\/ SOWNAKUNE JASFA\",<\/a>kuratiert von Dr. Krzysztof Gil und Dr. Anna Mirga-Kruszelnicka. Die Ausstellung pr\u00e4sentiert die Werke der K\u00fcnstler Ma\u0142gorzata Mirga-Tas, Valerie Leray, Emilia Rigova, Marcin Tas und Kalman Varady, die sich alle mit dem Thema der Holocaust-Erinnerung auseinandersetzen. Durch die Kunst evozieren sie das Trauma des Zweiten Weltkriegs und geben damit ein Zeugnis der Erinnerung an den Holocaust der Roma als Pr\u00e4misse f\u00fcr die R\u00fcckgewinnung von Identit\u00e4t und Existenz. Das traumatische Erbe des Holocausts wird in metaphorisches Gold verwandelt, das die fragmentierten St\u00fccke der Erinnerung zusammenbringt, um das vernarbte und doch sch\u00f6ne kulturelle Ganze der Roma zusammenzusetzen.<\/span><\/p><p>Die Konferenz war au\u00dferdem mit dem Jugendevent<span style=\"font-size: 19.215px; font-style: normal; font-weight: 400; font-family: var( --e-global-typography-text-font-family ), Sans-serif;\">\"Dikh he na Bister\" verbunden, an dem \u00fcber 500 Jugendliche aus ganz Europa teilnehmen, sowie mit der offiziellen Gedenkfeier zum Gedenktag am 2. August, die jedes Jahr in Krakau und Auschwitz-Birkenau stattfindet.<\/span><\/p>\t\t\t\t\t\t\t\t<\/div>\n\t\t\t\t<\/div>\n\t\t\t\t<div class=\"elementor-element elementor-element-335dab4 elementor-widget elementor-widget-text-editor\" data-id=\"335dab4\" data-element_type=\"widget\" data-e-type=\"widget\" data-widget_type=\"text-editor.default\">\n\t\t\t\t<div class=\"elementor-widget-container\">\n\t\t\t\t\t\t\t\t\t<p><span style=\"font-size: 19.215px; font-style: normal;\"><b>Veranstalter<br \/><\/b><\/span><span style=\"font-size: 19.215px; font-style: normal; font-weight: 400; font-family: var( --e-global-typography-text-font-family ), Sans-serif;\">Die internationale Konferenz wird anl\u00e4sslich des 75. Jahrestages des 2. August 1944 - dem europ\u00e4ischen Roma-Holocaust-Gedenktag - vom\u00a0<\/span><a style=\"font-size: 19.215px; font-style: normal; font-family: var( --e-global-typography-text-font-family ), Sans-serif; background-color: #ffffff;\" href=\"https:\/\/eriac.org\/international-conference-is-auschwitz-only-sleeping-sinti-and-roma-narratives-after-the-holocaust\/\">European Roma Institute for Arts and Culture (ERIAC)<\/a><span style=\"font-size: 19.215px; font-style: normal; font-weight: 400; font-family: var( --e-global-typography-text-font-family ), Sans-serif;\">, dem <strong><a href=\"https:\/\/zentralrat.sintiundroma.de\/\">Zentralrat Deutscher Sinti und Roma<\/a><\/strong>, dem <strong><a href=\"https:\/\/dokuzentrum.sintiundroma.de\/\">Dokumentations- und Kulturzentrum Deutscher Sinti und Roma<\/a><\/strong>und dem<\/span><a style=\"font-size: 19.215px; font-style: normal; font-family: var( --e-global-typography-text-font-family ), Sans-serif; background-color: #ffffff;\" href=\"http:\/\/www.2august.eu\/\">\u00a0ternYpe International Roma Youth Network.<\/a><span style=\"font-size: 19.215px; font-style: normal; font-weight: 400; font-family: var( --e-global-typography-text-font-family ), Sans-serif;\">\u00a0<\/span><\/p><p><span style=\"font-size: 19.215px; font-style: normal;\"><b>Finanzierung und Unterst\u00fctzung<\/b><br \/>Die Konferenz wurde vom Programm \"Europa f\u00fcr B\u00fcrgerinnen und B\u00fcrger\" der Europ\u00e4ischen Union im Rahmen des Projekts \"Von der Erinnerung an den Holocaust an den Roma zu einem europ\u00e4ischen Vers\u00f6hnungsprozess\" und vom deutschen Au\u00dfenministerium kofinanziert.<\/span><\/p><p><span style=\"font-size: 19.215px; font-style: normal;\">\u00a0<\/span><\/p><p><img decoding=\"async\" class=\"alignnone size-medium wp-image-4582\" src=\"https:\/\/www.roma-sinti-holocaust-memorial-day.eu\/wp-content\/uploads\/2020\/11\/europe_for_citizens_programme_logo-300x110.jpg\" alt=\"\" width=\"300\" height=\"110\" srcset=\"https:\/\/www.roma-sinti-holocaust-memorial-day.eu\/wp-content\/uploads\/2020\/11\/europe_for_citizens_programme_logo-300x110.jpg 300w, https:\/\/www.roma-sinti-holocaust-memorial-day.eu\/wp-content\/uploads\/2020\/11\/europe_for_citizens_programme_logo-1024x377.jpg 1024w, https:\/\/www.roma-sinti-holocaust-memorial-day.eu\/wp-content\/uploads\/2020\/11\/europe_for_citizens_programme_logo-768x283.jpg 768w, https:\/\/www.roma-sinti-holocaust-memorial-day.eu\/wp-content\/uploads\/2020\/11\/europe_for_citizens_programme_logo-1536x565.jpg 1536w, https:\/\/www.roma-sinti-holocaust-memorial-day.eu\/wp-content\/uploads\/2020\/11\/europe_for_citizens_programme_logo-2048x753.jpg 2048w, https:\/\/www.roma-sinti-holocaust-memorial-day.eu\/wp-content\/uploads\/2020\/11\/europe_for_citizens_programme_logo-16x6.jpg 16w\" sizes=\"(max-width: 300px) 100vw, 300px\" \/><br \/><img fetchpriority=\"high\" decoding=\"async\" class=\"alignnone size-medium wp-image-4334\" src=\"https:\/\/www.roma-sinti-holocaust-memorial-day.eu\/wp-content\/uploads\/2020\/10\/auswaertiges-amt-300x173.png\" alt=\"\" width=\"300\" height=\"173\" srcset=\"https:\/\/www.roma-sinti-holocaust-memorial-day.eu\/wp-content\/uploads\/2020\/10\/auswaertiges-amt-300x173.png 300w, https:\/\/www.roma-sinti-holocaust-memorial-day.eu\/wp-content\/uploads\/2020\/10\/auswaertiges-amt-1024x592.png 1024w, https:\/\/www.roma-sinti-holocaust-memorial-day.eu\/wp-content\/uploads\/2020\/10\/auswaertiges-amt-768x444.png 768w, https:\/\/www.roma-sinti-holocaust-memorial-day.eu\/wp-content\/uploads\/2020\/10\/auswaertiges-amt-16x9.png 16w, https:\/\/www.roma-sinti-holocaust-memorial-day.eu\/wp-content\/uploads\/2020\/10\/auswaertiges-amt.png 1440w\" sizes=\"(max-width: 300px) 100vw, 300px\" \/><\/p>\t\t\t\t\t\t\t\t<\/div>\n\t\t\t\t<\/div>\n\t\t\t\t\t<\/div>\n\t\t<\/div>\n\t\t\t\t<div class=\"elementor-column elementor-col-50 elementor-inner-column elementor-element elementor-element-afc35cc\" data-id=\"afc35cc\" data-element_type=\"column\" data-e-type=\"column\">\n\t\t\t<div class=\"elementor-widget-wrap elementor-element-populated\">\n\t\t\t\t\t\t<div class=\"elementor-element elementor-element-0e26d6a elementor-widget elementor-widget-text-editor\" data-id=\"0e26d6a\" data-element_type=\"widget\" data-e-type=\"widget\" data-widget_type=\"text-editor.default\">\n\t\t\t\t<div class=\"elementor-widget-container\">\n\t\t\t\t\t\t\t\t\t<h3>Konferenzprogramm<\/h3><p><a href=\"https:\/\/www.roma-sinti-holocaust-memorial-day.eu\/wp-content\/uploads\/2020\/11\/International-Conference-2019-Is-Auschwitz-Only-Sleeping_final-web.pdf\"><img decoding=\"async\" class=\"alignnone wp-image-4684 size-full\" src=\"https:\/\/www.roma-sinti-holocaust-memorial-day.eu\/wp-content\/uploads\/2020\/11\/International-Conference-2019-Is-Auschwitz-Only-Sleeping_final-web-cover-scaled.jpg\" alt=\"\" width=\"1804\" height=\"2560\" srcset=\"https:\/\/www.roma-sinti-holocaust-memorial-day.eu\/wp-content\/uploads\/2020\/11\/International-Conference-2019-Is-Auschwitz-Only-Sleeping_final-web-cover-scaled.jpg 1804w, https:\/\/www.roma-sinti-holocaust-memorial-day.eu\/wp-content\/uploads\/2020\/11\/International-Conference-2019-Is-Auschwitz-Only-Sleeping_final-web-cover-211x300.jpg 211w, https:\/\/www.roma-sinti-holocaust-memorial-day.eu\/wp-content\/uploads\/2020\/11\/International-Conference-2019-Is-Auschwitz-Only-Sleeping_final-web-cover-722x1024.jpg 722w, https:\/\/www.roma-sinti-holocaust-memorial-day.eu\/wp-content\/uploads\/2020\/11\/International-Conference-2019-Is-Auschwitz-Only-Sleeping_final-web-cover-768x1090.jpg 768w, https:\/\/www.roma-sinti-holocaust-memorial-day.eu\/wp-content\/uploads\/2020\/11\/International-Conference-2019-Is-Auschwitz-Only-Sleeping_final-web-cover-1082x1536.jpg 1082w, https:\/\/www.roma-sinti-holocaust-memorial-day.eu\/wp-content\/uploads\/2020\/11\/International-Conference-2019-Is-Auschwitz-Only-Sleeping_final-web-cover-1443x2048.jpg 1443w, https:\/\/www.roma-sinti-holocaust-memorial-day.eu\/wp-content\/uploads\/2020\/11\/International-Conference-2019-Is-Auschwitz-Only-Sleeping_final-web-cover-8x12.jpg 8w\" sizes=\"(max-width: 1804px) 100vw, 1804px\" \/><\/a><\/p>\t\t\t\t\t\t\t\t<\/div>\n\t\t\t\t<\/div>\n\t\t\t\t<div class=\"elementor-element elementor-element-fe4348a elementor-widget elementor-widget-text-editor\" data-id=\"fe4348a\" data-element_type=\"widget\" data-e-type=\"widget\" data-widget_type=\"text-editor.default\">\n\t\t\t\t<div class=\"elementor-widget-container\">\n\t\t\t\t\t\t\t\t\t<p><strong>Live-\u00dcbertragung der Konferenz durch den Medienpartner Romea.cz<\/strong><\/p>\t\t\t\t\t\t\t\t<\/div>\n\t\t\t\t<\/div>\n\t\t\t\t<div class=\"elementor-element elementor-element-0b7b4ff elementor-widget elementor-widget-video\" data-id=\"0b7b4ff\" data-element_type=\"widget\" data-e-type=\"widget\" data-settings=\"{&quot;youtube_url&quot;:&quot;https:\\\/\\\/youtu.be\\\/KnCACPIbHSs&quot;,&quot;video_type&quot;:&quot;youtube&quot;,&quot;controls&quot;:&quot;yes&quot;}\" data-widget_type=\"video.default\">\n\t\t\t\t<div class=\"elementor-widget-container\">\n\t\t\t\t\t\t\t<div class=\"elementor-wrapper elementor-open-inline\">\n\t\t\t<div class=\"elementor-video\"><\/div>\t\t<\/div>\n\t\t\t\t\t\t<\/div>\n\t\t\t\t<\/div>\n\t\t\t\t<div class=\"elementor-element elementor-element-ba0681b elementor-widget elementor-widget-video\" data-id=\"ba0681b\" data-element_type=\"widget\" data-e-type=\"widget\" data-settings=\"{&quot;youtube_url&quot;:&quot;https:\\\/\\\/youtu.be\\\/Ty0tLeDgk-Q&quot;,&quot;video_type&quot;:&quot;youtube&quot;,&quot;controls&quot;:&quot;yes&quot;}\" data-widget_type=\"video.default\">\n\t\t\t\t<div class=\"elementor-widget-container\">\n\t\t\t\t\t\t\t<div class=\"elementor-wrapper elementor-open-inline\">\n\t\t\t<div class=\"elementor-video\"><\/div>\t\t<\/div>\n\t\t\t\t\t\t<\/div>\n\t\t\t\t<\/div>\n\t\t\t\t<div class=\"elementor-element elementor-element-40f50ac elementor-widget elementor-widget-video\" data-id=\"40f50ac\" data-element_type=\"widget\" data-e-type=\"widget\" data-settings=\"{&quot;youtube_url&quot;:&quot;https:\\\/\\\/youtu.be\\\/ttE7pBliVu0&quot;,&quot;video_type&quot;:&quot;youtube&quot;,&quot;controls&quot;:&quot;yes&quot;}\" data-widget_type=\"video.default\">\n\t\t\t\t<div class=\"elementor-widget-container\">\n\t\t\t\t\t\t\t<div class=\"elementor-wrapper elementor-open-inline\">\n\t\t\t<div class=\"elementor-video\"><\/div>\t\t<\/div>\n\t\t\t\t\t\t<\/div>\n\t\t\t\t<\/div>\n\t\t\t\t<div class=\"elementor-element elementor-element-f60fd41 elementor-widget elementor-widget-text-editor\" data-id=\"f60fd41\" data-element_type=\"widget\" data-e-type=\"widget\" data-widget_type=\"text-editor.default\">\n\t\t\t\t<div class=\"elementor-widget-container\">\n\t\t\t\t\t\t\t\t\t<h3>Lesen Sie mehr im <a href=\"https:\/\/www.roma-sinti-holocaust-memorial-day.eu\/wp-content\/uploads\/2020\/07\/MemoriaENNo.2510_2019.pdf\">MEMORIA Magazine<\/a>:<\/h3><p><img loading=\"lazy\" decoding=\"async\" class=\"alignnone wp-image-2109 size-full\" src=\"https:\/\/www.roma-sinti-holocaust-memorial-day.eu\/wp-content\/uploads\/2020\/07\/memoria-cover.jpg\" alt=\"\" width=\"759\" height=\"1074\" srcset=\"https:\/\/www.roma-sinti-holocaust-memorial-day.eu\/wp-content\/uploads\/2020\/07\/memoria-cover.jpg 759w, https:\/\/www.roma-sinti-holocaust-memorial-day.eu\/wp-content\/uploads\/2020\/07\/memoria-cover-212x300.jpg 212w, https:\/\/www.roma-sinti-holocaust-memorial-day.eu\/wp-content\/uploads\/2020\/07\/memoria-cover-724x1024.jpg 724w\" sizes=\"(max-width: 759px) 100vw, 759px\" \/><\/p>\t\t\t\t\t\t\t\t<\/div>\n\t\t\t\t<\/div>\n\t\t\t\t\t<\/div>\n\t\t<\/div>\n\t\t\t\t\t<\/div>\n\t\t<\/section>\n\t\t\t\t<section class=\"elementor-section elementor-inner-section elementor-element elementor-element-749fd12 elementor-section-boxed elementor-section-height-default elementor-section-height-default\" data-id=\"749fd12\" data-element_type=\"section\" data-e-type=\"section\">\n\t\t\t\t\t\t<div class=\"elementor-container elementor-column-gap-default\">\n\t\t\t\t\t<div class=\"elementor-column elementor-col-100 elementor-inner-column elementor-element elementor-element-44b2b67\" data-id=\"44b2b67\" data-element_type=\"column\" data-e-type=\"column\">\n\t\t\t<div class=\"elementor-widget-wrap elementor-element-populated\">\n\t\t\t\t\t\t<div class=\"elementor-element elementor-element-cd947d5 elementor-widget elementor-widget-gallery\" data-id=\"cd947d5\" data-element_type=\"widget\" data-e-type=\"widget\" data-settings=\"{&quot;lazyload&quot;:&quot;yes&quot;,&quot;gallery_layout&quot;:&quot;grid&quot;,&quot;columns&quot;:4,&quot;columns_tablet&quot;:2,&quot;columns_mobile&quot;:1,&quot;gap&quot;:{&quot;unit&quot;:&quot;px&quot;,&quot;size&quot;:10,&quot;sizes&quot;:[]},&quot;gap_tablet&quot;:{&quot;unit&quot;:&quot;px&quot;,&quot;size&quot;:10,&quot;sizes&quot;:[]},&quot;gap_mobile&quot;:{&quot;unit&quot;:&quot;px&quot;,&quot;size&quot;:10,&quot;sizes&quot;:[]},&quot;link_to&quot;:&quot;file&quot;,&quot;aspect_ratio&quot;:&quot;3:2&quot;,&quot;overlay_background&quot;:&quot;yes&quot;,&quot;content_hover_animation&quot;:&quot;fade-in&quot;}\" data-widget_type=\"gallery.default\">\n\t\t\t\t<div class=\"elementor-widget-container\">\n\t\t\t\t\t\t\t<div class=\"elementor-gallery__container\">\n\t\t\t\t\t\t\t<a class=\"e-gallery-item elementor-gallery-item elementor-animated-content\" href=\"https:\/\/www.roma-sinti-holocaust-memorial-day.eu\/wp-content\/uploads\/2020\/07\/4U2A5683-750x500-1.jpg\" data-elementor-open-lightbox=\"yes\" data-elementor-lightbox-slideshow=\"cd947d5\" data-elementor-lightbox-title=\"International Conference &quot;Is Auschwitz Only Sleeping&quot;\" data-elementor-lightbox-description=\"Photo: Jarek Praszkiewicz, Documentation and Cultural Centre of German Sinti and Roma\" data-e-action-hash=\"#elementor-action%3Aaction%3Dlightbox%26settings%3DeyJpZCI6MjA5NywidXJsIjoiaHR0cHM6XC9cL3d3dy5yb21hLXNpbnRpLWhvbG9jYXVzdC1tZW1vcmlhbC1kYXkuZXVcL3dwLWNvbnRlbnRcL3VwbG9hZHNcLzIwMjBcLzA3XC80VTJBNTY4My03NTB4NTAwLTEuanBnIiwic2xpZGVzaG93IjoiY2Q5NDdkNSJ9\">\n\t\t\t\t\t<div class=\"e-gallery-image elementor-gallery-item__image\" data-thumbnail=\"https:\/\/www.roma-sinti-holocaust-memorial-day.eu\/wp-content\/uploads\/2020\/07\/4U2A5683-750x500-1-300x200.jpg\" data-width=\"300\" data-height=\"200\" aria-label=\"\" role=\"img\" ><\/div>\n\t\t\t\t\t\t\t\t\t\t\t<div class=\"elementor-gallery-item__overlay\"><\/div>\n\t\t\t\t\t\t\t\t\t\t\t\t\t\t<\/a>\n\t\t\t\t\t\t\t<a class=\"e-gallery-item elementor-gallery-item elementor-animated-content\" href=\"https:\/\/www.roma-sinti-holocaust-memorial-day.eu\/wp-content\/uploads\/2020\/07\/A5A6141-750x500-1.jpeg\" data-elementor-open-lightbox=\"yes\" data-elementor-lightbox-slideshow=\"cd947d5\" data-elementor-lightbox-title=\"International Conference &quot;Is Auschwitz Only Sleeping&quot;\" data-elementor-lightbox-description=\"Photo: Jarek Praszkiewicz, Documentation and Cultural Centre of German Sinti and Roma\" data-e-action-hash=\"#elementor-action%3Aaction%3Dlightbox%26settings%3DeyJpZCI6MjA5OCwidXJsIjoiaHR0cHM6XC9cL3d3dy5yb21hLXNpbnRpLWhvbG9jYXVzdC1tZW1vcmlhbC1kYXkuZXVcL3dwLWNvbnRlbnRcL3VwbG9hZHNcLzIwMjBcLzA3XC9BNUE2MTQxLTc1MHg1MDAtMS5qcGVnIiwic2xpZGVzaG93IjoiY2Q5NDdkNSJ9\">\n\t\t\t\t\t<div class=\"e-gallery-image elementor-gallery-item__image\" data-thumbnail=\"https:\/\/www.roma-sinti-holocaust-memorial-day.eu\/wp-content\/uploads\/2020\/07\/A5A6141-750x500-1-300x200.jpeg\" data-width=\"300\" data-height=\"200\" aria-label=\"\" role=\"img\" ><\/div>\n\t\t\t\t\t\t\t\t\t\t\t<div class=\"elementor-gallery-item__overlay\"><\/div>\n\t\t\t\t\t\t\t\t\t\t\t\t\t\t<\/a>\n\t\t\t\t\t\t\t<a class=\"e-gallery-item elementor-gallery-item elementor-animated-content\" href=\"https:\/\/www.roma-sinti-holocaust-memorial-day.eu\/wp-content\/uploads\/2020\/07\/A5A6174-750x500-1.jpeg\" data-elementor-open-lightbox=\"yes\" data-elementor-lightbox-slideshow=\"cd947d5\" data-elementor-lightbox-title=\"International Conference &quot;Is Auschwitz Only Sleeping&quot;\" data-elementor-lightbox-description=\"Photo: Jarek Praszkiewicz, Documentation and Cultural Centre of German Sinti and Roma\" data-e-action-hash=\"#elementor-action%3Aaction%3Dlightbox%26settings%3DeyJpZCI6MjA5OSwidXJsIjoiaHR0cHM6XC9cL3d3dy5yb21hLXNpbnRpLWhvbG9jYXVzdC1tZW1vcmlhbC1kYXkuZXVcL3dwLWNvbnRlbnRcL3VwbG9hZHNcLzIwMjBcLzA3XC9BNUE2MTc0LTc1MHg1MDAtMS5qcGVnIiwic2xpZGVzaG93IjoiY2Q5NDdkNSJ9\">\n\t\t\t\t\t<div class=\"e-gallery-image elementor-gallery-item__image\" data-thumbnail=\"https:\/\/www.roma-sinti-holocaust-memorial-day.eu\/wp-content\/uploads\/2020\/07\/A5A6174-750x500-1-300x200.jpeg\" data-width=\"300\" data-height=\"200\" aria-label=\"\" role=\"img\" ><\/div>\n\t\t\t\t\t\t\t\t\t\t\t<div class=\"elementor-gallery-item__overlay\"><\/div>\n\t\t\t\t\t\t\t\t\t\t\t\t\t\t<\/a>\n\t\t\t\t\t\t\t<a class=\"e-gallery-item elementor-gallery-item elementor-animated-content\" href=\"https:\/\/www.roma-sinti-holocaust-memorial-day.eu\/wp-content\/uploads\/2020\/07\/A5A6324-750x500-1.jpg\" data-elementor-open-lightbox=\"yes\" data-elementor-lightbox-slideshow=\"cd947d5\" data-elementor-lightbox-title=\"International Conference &quot;Is Auschwitz Only Sleeping&quot;\" data-elementor-lightbox-description=\"Photo: Jarek Praszkiewicz, Documentation and Cultural Centre of German Sinti and Roma\" data-e-action-hash=\"#elementor-action%3Aaction%3Dlightbox%26settings%3DeyJpZCI6MjEwMCwidXJsIjoiaHR0cHM6XC9cL3d3dy5yb21hLXNpbnRpLWhvbG9jYXVzdC1tZW1vcmlhbC1kYXkuZXVcL3dwLWNvbnRlbnRcL3VwbG9hZHNcLzIwMjBcLzA3XC9BNUE2MzI0LTc1MHg1MDAtMS5qcGciLCJzbGlkZXNob3ciOiJjZDk0N2Q1In0%3D\">\n\t\t\t\t\t<div class=\"e-gallery-image elementor-gallery-item__image\" data-thumbnail=\"https:\/\/www.roma-sinti-holocaust-memorial-day.eu\/wp-content\/uploads\/2020\/07\/A5A6324-750x500-1-300x200.jpg\" data-width=\"300\" data-height=\"200\" aria-label=\"\" role=\"img\" ><\/div>\n\t\t\t\t\t\t\t\t\t\t\t<div class=\"elementor-gallery-item__overlay\"><\/div>\n\t\t\t\t\t\t\t\t\t\t\t\t\t\t<\/a>\n\t\t\t\t\t\t\t<a class=\"e-gallery-item elementor-gallery-item elementor-animated-content\" href=\"https:\/\/www.roma-sinti-holocaust-memorial-day.eu\/wp-content\/uploads\/2020\/11\/4u2a7483.jpg\" data-elementor-open-lightbox=\"yes\" data-elementor-lightbox-slideshow=\"cd947d5\" data-elementor-lightbox-title=\"International Conference &quot;Is Auschwitz Only Sleeping&quot;\" data-elementor-lightbox-description=\"Photo: Jarek Praszkiewicz, Documentation and Cultural Centre of German Sinti and Roma\" data-e-action-hash=\"#elementor-action%3Aaction%3Dlightbox%26settings%3DeyJpZCI6NDYyNSwidXJsIjoiaHR0cHM6XC9cL3d3dy5yb21hLXNpbnRpLWhvbG9jYXVzdC1tZW1vcmlhbC1kYXkuZXVcL3dwLWNvbnRlbnRcL3VwbG9hZHNcLzIwMjBcLzExXC80dTJhNzQ4My5qcGciLCJzbGlkZXNob3ciOiJjZDk0N2Q1In0%3D\">\n\t\t\t\t\t<div class=\"e-gallery-image elementor-gallery-item__image\" data-thumbnail=\"https:\/\/www.roma-sinti-holocaust-memorial-day.eu\/wp-content\/uploads\/2020\/11\/4u2a7483-300x200.jpg\" data-width=\"300\" data-height=\"200\" aria-label=\"\" role=\"img\" ><\/div>\n\t\t\t\t\t\t\t\t\t\t\t<div class=\"elementor-gallery-item__overlay\"><\/div>\n\t\t\t\t\t\t\t\t\t\t\t\t\t\t<\/a>\n\t\t\t\t\t\t\t<a class=\"e-gallery-item elementor-gallery-item elementor-animated-content\" href=\"https:\/\/www.roma-sinti-holocaust-memorial-day.eu\/wp-content\/uploads\/2020\/11\/4u2a7445.jpg\" data-elementor-open-lightbox=\"yes\" data-elementor-lightbox-slideshow=\"cd947d5\" data-elementor-lightbox-title=\"International Conference &quot;Is Auschwitz Only Sleeping&quot;\" data-elementor-lightbox-description=\"Photo: Jarek Praszkiewicz, Documentation and Cultural Centre of German Sinti and Roma\" data-e-action-hash=\"#elementor-action%3Aaction%3Dlightbox%26settings%3DeyJpZCI6NDYyNiwidXJsIjoiaHR0cHM6XC9cL3d3dy5yb21hLXNpbnRpLWhvbG9jYXVzdC1tZW1vcmlhbC1kYXkuZXVcL3dwLWNvbnRlbnRcL3VwbG9hZHNcLzIwMjBcLzExXC80dTJhNzQ0NS5qcGciLCJzbGlkZXNob3ciOiJjZDk0N2Q1In0%3D\">\n\t\t\t\t\t<div class=\"e-gallery-image elementor-gallery-item__image\" data-thumbnail=\"https:\/\/www.roma-sinti-holocaust-memorial-day.eu\/wp-content\/uploads\/2020\/11\/4u2a7445-300x200.jpg\" data-width=\"300\" data-height=\"200\" aria-label=\"\" role=\"img\" ><\/div>\n\t\t\t\t\t\t\t\t\t\t\t<div class=\"elementor-gallery-item__overlay\"><\/div>\n\t\t\t\t\t\t\t\t\t\t\t\t\t\t<\/a>\n\t\t\t\t\t\t\t<a class=\"e-gallery-item elementor-gallery-item elementor-animated-content\" href=\"https:\/\/www.roma-sinti-holocaust-memorial-day.eu\/wp-content\/uploads\/2020\/11\/4u2a5947.jpg\" data-elementor-open-lightbox=\"yes\" data-elementor-lightbox-slideshow=\"cd947d5\" data-elementor-lightbox-title=\"International Conference &quot;Is Auschwitz Only Sleeping&quot;\" data-elementor-lightbox-description=\"Photo: Jarek Praszkiewicz, Documentation and Cultural Centre of German Sinti and Roma\" data-e-action-hash=\"#elementor-action%3Aaction%3Dlightbox%26settings%3DeyJpZCI6NDYzMCwidXJsIjoiaHR0cHM6XC9cL3d3dy5yb21hLXNpbnRpLWhvbG9jYXVzdC1tZW1vcmlhbC1kYXkuZXVcL3dwLWNvbnRlbnRcL3VwbG9hZHNcLzIwMjBcLzExXC80dTJhNTk0Ny5qcGciLCJzbGlkZXNob3ciOiJjZDk0N2Q1In0%3D\">\n\t\t\t\t\t<div class=\"e-gallery-image elementor-gallery-item__image\" data-thumbnail=\"https:\/\/www.roma-sinti-holocaust-memorial-day.eu\/wp-content\/uploads\/2020\/11\/4u2a5947-300x200.jpg\" data-width=\"300\" data-height=\"200\" aria-label=\"\" role=\"img\" ><\/div>\n\t\t\t\t\t\t\t\t\t\t\t<div class=\"elementor-gallery-item__overlay\"><\/div>\n\t\t\t\t\t\t\t\t\t\t\t\t\t\t<\/a>\n\t\t\t\t\t\t\t<a class=\"e-gallery-item elementor-gallery-item elementor-animated-content\" href=\"https:\/\/www.roma-sinti-holocaust-memorial-day.eu\/wp-content\/uploads\/2020\/11\/4u2a6055.jpg\" data-elementor-open-lightbox=\"yes\" data-elementor-lightbox-slideshow=\"cd947d5\" data-elementor-lightbox-title=\"International Conference &quot;Is Auschwitz Only Sleeping&quot;\" data-elementor-lightbox-description=\"Photo: Jarek Praszkiewicz, Documentation and Cultural Centre of German Sinti and Roma\" data-e-action-hash=\"#elementor-action%3Aaction%3Dlightbox%26settings%3DeyJpZCI6NDYyOSwidXJsIjoiaHR0cHM6XC9cL3d3dy5yb21hLXNpbnRpLWhvbG9jYXVzdC1tZW1vcmlhbC1kYXkuZXVcL3dwLWNvbnRlbnRcL3VwbG9hZHNcLzIwMjBcLzExXC80dTJhNjA1NS5qcGciLCJzbGlkZXNob3ciOiJjZDk0N2Q1In0%3D\">\n\t\t\t\t\t<div class=\"e-gallery-image elementor-gallery-item__image\" data-thumbnail=\"https:\/\/www.roma-sinti-holocaust-memorial-day.eu\/wp-content\/uploads\/2020\/11\/4u2a6055-300x200.jpg\" data-width=\"300\" data-height=\"200\" aria-label=\"\" role=\"img\" ><\/div>\n\t\t\t\t\t\t\t\t\t\t\t<div class=\"elementor-gallery-item__overlay\"><\/div>\n\t\t\t\t\t\t\t\t\t\t\t\t\t\t<\/a>\n\t\t\t\t\t\t\t<a class=\"e-gallery-item elementor-gallery-item elementor-animated-content\" href=\"https:\/\/www.roma-sinti-holocaust-memorial-day.eu\/wp-content\/uploads\/2020\/11\/4u2a5607.jpg\" data-elementor-open-lightbox=\"yes\" data-elementor-lightbox-slideshow=\"cd947d5\" data-elementor-lightbox-title=\"International Conference &quot;Is Auschwitz Only Sleeping&quot;\" data-elementor-lightbox-description=\"Photo: Jarek Praszkiewicz, Documentation and Cultural Centre of German Sinti and Roma\" data-e-action-hash=\"#elementor-action%3Aaction%3Dlightbox%26settings%3DeyJpZCI6NDYzMiwidXJsIjoiaHR0cHM6XC9cL3d3dy5yb21hLXNpbnRpLWhvbG9jYXVzdC1tZW1vcmlhbC1kYXkuZXVcL3dwLWNvbnRlbnRcL3VwbG9hZHNcLzIwMjBcLzExXC80dTJhNTYwNy5qcGciLCJzbGlkZXNob3ciOiJjZDk0N2Q1In0%3D\">\n\t\t\t\t\t<div class=\"e-gallery-image elementor-gallery-item__image\" data-thumbnail=\"https:\/\/www.roma-sinti-holocaust-memorial-day.eu\/wp-content\/uploads\/2020\/11\/4u2a5607-300x200.jpg\" data-width=\"300\" data-height=\"200\" aria-label=\"\" role=\"img\" ><\/div>\n\t\t\t\t\t\t\t\t\t\t\t<div class=\"elementor-gallery-item__overlay\"><\/div>\n\t\t\t\t\t\t\t\t\t\t\t\t\t\t<\/a>\n\t\t\t\t\t<\/div>\n\t\t\t\t\t<\/div>\n\t\t\t\t<\/div>\n\t\t\t\t\t<\/div>\n\t\t<\/div>\n\t\t\t\t\t<\/div>\n\t\t<\/section>\n\t\t\t\t<div class=\"elementor-element elementor-element-2cc9c985 elementor-widget elementor-widget-spacer\" data-id=\"2cc9c985\" data-element_type=\"widget\" data-e-type=\"widget\" data-widget_type=\"spacer.default\">\n\t\t\t\t<div class=\"elementor-widget-container\">\n\t\t\t\t\t\t\t<div class=\"elementor-spacer\">\n\t\t\t<div class=\"elementor-spacer-inner\"><\/div>\n\t\t<\/div>\n\t\t\t\t\t\t<\/div>\n\t\t\t\t<\/div>\n\t\t\t\t<div class=\"elementor-element elementor-element-5ba3bc78 elementor-widget elementor-widget-spacer\" data-id=\"5ba3bc78\" data-element_type=\"widget\" data-e-type=\"widget\" data-widget_type=\"spacer.default\">\n\t\t\t\t<div class=\"elementor-widget-container\">\n\t\t\t\t\t\t\t<div class=\"elementor-spacer\">\n\t\t\t<div class=\"elementor-spacer-inner\"><\/div>\n\t\t<\/div>\n\t\t\t\t\t\t<\/div>\n\t\t\t\t<\/div>\n\t\t\t\t\t<\/div>\n\t\t<\/div>\n\t\t\t\t\t<\/div>\n\t\t<\/section>\n\t\t\t\t<section class=\"elementor-section elementor-top-section elementor-element elementor-element-f0ae3f9 elementor-section-stretched elementor-section-boxed elementor-section-height-default elementor-section-height-default\" data-id=\"f0ae3f9\" data-element_type=\"section\" data-e-type=\"section\" data-settings=\"{&quot;stretch_section&quot;:&quot;section-stretched&quot;,&quot;background_background&quot;:&quot;classic&quot;}\">\n\t\t\t\t\t\t<div class=\"elementor-container elementor-column-gap-default\">\n\t\t\t\t\t<div class=\"elementor-column elementor-col-100 elementor-top-column elementor-element elementor-element-71f1aa39\" data-id=\"71f1aa39\" data-element_type=\"column\" data-e-type=\"column\">\n\t\t\t<div class=\"elementor-widget-wrap elementor-element-populated\">\n\t\t\t\t\t\t<div class=\"elementor-element elementor-element-6349ed01 elementor-widget elementor-widget-heading\" data-id=\"6349ed01\" data-element_type=\"widget\" data-e-type=\"widget\" data-widget_type=\"heading.default\">\n\t\t\t\t<div class=\"elementor-widget-container\">\n\t\t\t\t\t<h4 class=\"elementor-heading-title elementor-size-default\">Gedenkveranstaltungen<\/h4>\t\t\t\t<\/div>\n\t\t\t\t<\/div>\n\t\t\t\t<div class=\"elementor-element elementor-element-74c087a elementor-posts--align-left elementor-grid-5 elementor-grid-tablet-4 elementor-grid-mobile-2 elementor-posts--thumbnail-top elementor-card-shadow-yes elementor-posts__hover-gradient elementor-widget elementor-widget-posts\" data-id=\"74c087a\" data-element_type=\"widget\" data-e-type=\"widget\" data-settings=\"{&quot;cards_row_gap&quot;:{&quot;unit&quot;:&quot;px&quot;,&quot;size&quot;:20,&quot;sizes&quot;:[]},&quot;cards_columns&quot;:&quot;5&quot;,&quot;cards_columns_tablet&quot;:&quot;4&quot;,&quot;cards_columns_mobile&quot;:&quot;2&quot;,&quot;cards_row_gap_tablet&quot;:{&quot;unit&quot;:&quot;px&quot;,&quot;size&quot;:&quot;&quot;,&quot;sizes&quot;:[]},&quot;cards_row_gap_mobile&quot;:{&quot;unit&quot;:&quot;px&quot;,&quot;size&quot;:&quot;&quot;,&quot;sizes&quot;:[]}}\" data-widget_type=\"posts.cards\">\n\t\t\t\t<div class=\"elementor-widget-container\">\n\t\t\t\t\t\t\t<div class=\"elementor-posts-container elementor-posts elementor-posts--skin-cards elementor-grid\" role=\"list\">\n\t\t\t\t<article class=\"elementor-post elementor-grid-item post-2339 post type-post status-publish format-standard has-post-thumbnail hentry category-ceremonies-2020 category-commemoration-ceremonies-across-europe category-remembrance\" role=\"listitem\">\n\t\t\t<div class=\"elementor-post__card\">\n\t\t\t\t<a class=\"elementor-post__thumbnail__link\" href=\"https:\/\/www.roma-sinti-holocaust-memorial-day.eu\/de\/remembrance\/commemoration-in-berlin\/\" tabindex=\"-1\" ><div class=\"elementor-post__thumbnail\"><img loading=\"lazy\" decoding=\"async\" width=\"800\" height=\"600\" src=\"https:\/\/www.roma-sinti-holocaust-memorial-day.eu\/wp-content\/uploads\/2020\/07\/denkmal-bild-zentralrat.jpg\" class=\"attachment-full size-full wp-image-2318\" alt=\"\" srcset=\"https:\/\/www.roma-sinti-holocaust-memorial-day.eu\/wp-content\/uploads\/2020\/07\/denkmal-bild-zentralrat.jpg 800w, https:\/\/www.roma-sinti-holocaust-memorial-day.eu\/wp-content\/uploads\/2020\/07\/denkmal-bild-zentralrat-300x225.jpg 300w, https:\/\/www.roma-sinti-holocaust-memorial-day.eu\/wp-content\/uploads\/2020\/07\/denkmal-bild-zentralrat-768x576.jpg 768w\" sizes=\"(max-width: 800px) 100vw, 800px\" \/><\/div><\/a>\n\t\t\t\t<div class=\"elementor-post__text\">\n\t\t\t\t<h2 class=\"elementor-post__title\">\n\t\t\t<a href=\"https:\/\/www.roma-sinti-holocaust-memorial-day.eu\/de\/remembrance\/commemoration-in-berlin\/\" >\n\t\t\t\tGedenken in Berlin\t\t\t<\/a>\n\t\t<\/h2>\n\t\t\t\t<div class=\"elementor-post__excerpt\">\n\t\t\t<p>Memorial to the Sinti and Roma of Europe murdered under National Socialism, Berlin (DE), 2 August 2020, 21:00 CET<\/p>\n\t\t<\/div>\n\t\t\t\t<\/div>\n\t\t\t\t\t<\/div>\n\t\t<\/article>\n\t\t\t\t<article class=\"elementor-post elementor-grid-item post-983 post type-post status-publish format-standard has-post-thumbnail hentry category-commemoration-ceremonies-2020 category-commemoration-ceremonies-across-europe category-remembrance\" role=\"listitem\">\n\t\t\t<div class=\"elementor-post__card\">\n\t\t\t\t<a class=\"elementor-post__thumbnail__link\" href=\"https:\/\/www.roma-sinti-holocaust-memorial-day.eu\/de\/remembrance\/commemoration-ceremonies-across-europe\/budapest-2020\/\" tabindex=\"-1\" ><div class=\"elementor-post__thumbnail\"><img loading=\"lazy\" decoding=\"async\" width=\"341\" height=\"512\" src=\"https:\/\/www.roma-sinti-holocaust-memorial-day.eu\/wp-content\/uploads\/2020\/07\/memorial-budapest.jpg\" class=\"attachment-full size-full wp-image-2352\" alt=\"\" srcset=\"https:\/\/www.roma-sinti-holocaust-memorial-day.eu\/wp-content\/uploads\/2020\/07\/memorial-budapest.jpg 341w, https:\/\/www.roma-sinti-holocaust-memorial-day.eu\/wp-content\/uploads\/2020\/07\/memorial-budapest-200x300.jpg 200w\" sizes=\"(max-width: 341px) 100vw, 341px\" \/><\/div><\/a>\n\t\t\t\t<div class=\"elementor-post__text\">\n\t\t\t\t<h2 class=\"elementor-post__title\">\n\t\t\t<a href=\"https:\/\/www.roma-sinti-holocaust-memorial-day.eu\/de\/remembrance\/commemoration-ceremonies-across-europe\/budapest-2020\/\" >\n\t\t\t\t24 hours commemoration in Budapest\t\t\t<\/a>\n\t\t<\/h2>\n\t\t\t\t<div class=\"elementor-post__excerpt\">\n\t\t\t<p>Nehru Part, Budapest (HU), 1 August 2020 17:00 CET &#8211; 2 August 2020 17:00 CET<\/p>\n\t\t<\/div>\n\t\t\t\t<\/div>\n\t\t\t\t\t<\/div>\n\t\t<\/article>\n\t\t\t\t<article class=\"elementor-post elementor-grid-item post-2684 post type-post status-publish format-standard has-post-thumbnail hentry category-commemoration-ceremonies-2020 category-commemoration-ceremonies-across-europe category-remembrance\" role=\"listitem\">\n\t\t\t<div class=\"elementor-post__card\">\n\t\t\t\t<a class=\"elementor-post__thumbnail__link\" href=\"https:\/\/www.roma-sinti-holocaust-memorial-day.eu\/de\/remembrance\/commemoration-at-lety-u-pisku-czech-republic\/\" tabindex=\"-1\" ><div class=\"elementor-post__thumbnail\"><img loading=\"lazy\" decoding=\"async\" width=\"233\" height=\"484\" src=\"https:\/\/www.roma-sinti-holocaust-memorial-day.eu\/wp-content\/uploads\/2020\/07\/Kachel-7.jpg\" class=\"attachment-full size-full wp-image-2685\" alt=\"\" srcset=\"https:\/\/www.roma-sinti-holocaust-memorial-day.eu\/wp-content\/uploads\/2020\/07\/Kachel-7.jpg 233w, https:\/\/www.roma-sinti-holocaust-memorial-day.eu\/wp-content\/uploads\/2020\/07\/Kachel-7-144x300.jpg 144w\" sizes=\"(max-width: 233px) 100vw, 233px\" \/><\/div><\/a>\n\t\t\t\t<div class=\"elementor-post__text\">\n\t\t\t\t<h2 class=\"elementor-post__title\">\n\t\t\t<a href=\"https:\/\/www.roma-sinti-holocaust-memorial-day.eu\/de\/remembrance\/commemoration-at-lety-u-pisku-czech-republic\/\" >\n\t\t\t\tCommemoration at Lety u P\u00edsku, Czech Republic\t\t\t<\/a>\n\t\t<\/h2>\n\t\t\t\t<div class=\"elementor-post__excerpt\">\n\t\t\t<p>LIVE BROADCAST on Sunday, 2 August 2020, at noon CET<\/p>\n\t\t<\/div>\n\t\t\t\t<\/div>\n\t\t\t\t\t<\/div>\n\t\t<\/article>\n\t\t\t\t<article class=\"elementor-post elementor-grid-item post-2574 post type-post status-publish format-standard has-post-thumbnail hentry category-commemoration-ceremonies-2020 category-commemoration-ceremonies-across-europe category-remembrance\" role=\"listitem\">\n\t\t\t<div class=\"elementor-post__card\">\n\t\t\t\t<a class=\"elementor-post__thumbnail__link\" href=\"https:\/\/www.roma-sinti-holocaust-memorial-day.eu\/de\/remembrance\/concerts-on-the-occasion-of-the-opening-of-the-roma-memorial-center-ustica\/\" tabindex=\"-1\" ><div class=\"elementor-post__thumbnail\"><img loading=\"lazy\" decoding=\"async\" width=\"329\" height=\"437\" src=\"https:\/\/www.roma-sinti-holocaust-memorial-day.eu\/wp-content\/uploads\/2020\/07\/Kachel-4.jpg\" class=\"attachment-full size-full wp-image-2575\" alt=\"\" srcset=\"https:\/\/www.roma-sinti-holocaust-memorial-day.eu\/wp-content\/uploads\/2020\/07\/Kachel-4.jpg 329w, https:\/\/www.roma-sinti-holocaust-memorial-day.eu\/wp-content\/uploads\/2020\/07\/Kachel-4-226x300.jpg 226w\" sizes=\"(max-width: 329px) 100vw, 329px\" \/><\/div><\/a>\n\t\t\t\t<div class=\"elementor-post__text\">\n\t\t\t\t<h2 class=\"elementor-post__title\">\n\t\t\t<a href=\"https:\/\/www.roma-sinti-holocaust-memorial-day.eu\/de\/remembrance\/concerts-on-the-occasion-of-the-opening-of-the-roma-memorial-center-ustica\/\" >\n\t\t\t\tConcerts on the occasion of the opening of the Roma Memorial Center \u201cU\u0161tica\u201d\t\t\t<\/a>\n\t\t<\/h2>\n\t\t\t\t<div class=\"elementor-post__excerpt\">\n\t\t\t<p>LIVE BROADCAST on Sunday, 2 August 2020, 10:00 and 21:00 CET<\/p>\n\t\t<\/div>\n\t\t\t\t<\/div>\n\t\t\t\t\t<\/div>\n\t\t<\/article>\n\t\t\t\t<article class=\"elementor-post elementor-grid-item post-2984 post type-post status-publish format-standard has-post-thumbnail hentry category-commemoration-ceremonies-2020 category-commemoration-ceremonies-across-europe category-remembrance\" role=\"listitem\">\n\t\t\t<div class=\"elementor-post__card\">\n\t\t\t\t<a class=\"elementor-post__thumbnail__link\" href=\"https:\/\/www.roma-sinti-holocaust-memorial-day.eu\/de\/remembrance\/commemoration-in-vienna\/\" tabindex=\"-1\" ><div class=\"elementor-post__thumbnail\"><img loading=\"lazy\" decoding=\"async\" width=\"265\" height=\"398\" src=\"https:\/\/www.roma-sinti-holocaust-memorial-day.eu\/wp-content\/uploads\/2020\/08\/Kachel-3.jpg\" class=\"attachment-full size-full wp-image-2985\" alt=\"\" srcset=\"https:\/\/www.roma-sinti-holocaust-memorial-day.eu\/wp-content\/uploads\/2020\/08\/Kachel-3.jpg 265w, https:\/\/www.roma-sinti-holocaust-memorial-day.eu\/wp-content\/uploads\/2020\/08\/Kachel-3-200x300.jpg 200w\" sizes=\"(max-width: 265px) 100vw, 265px\" \/><\/div><\/a>\n\t\t\t\t<div class=\"elementor-post__text\">\n\t\t\t\t<h2 class=\"elementor-post__title\">\n\t\t\t<a href=\"https:\/\/www.roma-sinti-holocaust-memorial-day.eu\/de\/remembrance\/commemoration-in-vienna\/\" >\n\t\t\t\tCommemoration in Vienna\t\t\t<\/a>\n\t\t<\/h2>\n\t\t\t\t<div class=\"elementor-post__excerpt\">\n\t\t\t<p>Ceija Stojka Platz, Vienna (AT), 2 August 2020, 16:00 &#8211; 18:30 CET with LIVE BROADCAST<\/p>\n\t\t<\/div>\n\t\t\t\t<\/div>\n\t\t\t\t\t<\/div>\n\t\t<\/article>\n\t\t\t\t<\/div>\n\t\t\n\t\t\t\t\t\t<\/div>\n\t\t\t\t<\/div>\n\t\t\t\t<div class=\"elementor-element elementor-element-30afc6a2 elementor-align-right elementor-widget elementor-widget-button\" data-id=\"30afc6a2\" data-element_type=\"widget\" data-e-type=\"widget\" data-widget_type=\"button.default\">\n\t\t\t\t<div class=\"elementor-widget-container\">\n\t\t\t\t\t\t\t\t\t<div class=\"elementor-button-wrapper\">\n\t\t\t\t\t<a class=\"elementor-button elementor-button-link elementor-size-xs\" href=\"https:\/\/www.roma-sinti-holocaust-memorial-day.eu\/de\/commemoration-ceremonies-across-europe\/\">\n\t\t\t\t\t\t<span class=\"elementor-button-content-wrapper\">\n\t\t\t\t\t\t<span class=\"elementor-button-icon\">\n\t\t\t\t<i aria-hidden=\"true\" class=\"far fa-arrow-alt-circle-right\"><\/i>\t\t\t<\/span>\n\t\t\t\t\t\t\t\t\t<span class=\"elementor-button-text\">Mehr lesen <\/span>\n\t\t\t\t\t<\/span>\n\t\t\t\t\t<\/a>\n\t\t\t\t<\/div>\n\t\t\t\t\t\t\t\t<\/div>\n\t\t\t\t<\/div>\n\t\t\t\t<div class=\"elementor-element elementor-element-167cda43 elementor-widget elementor-widget-spacer\" data-id=\"167cda43\" data-element_type=\"widget\" data-e-type=\"widget\" data-widget_type=\"spacer.default\">\n\t\t\t\t<div class=\"elementor-widget-container\">\n\t\t\t\t\t\t\t<div class=\"elementor-spacer\">\n\t\t\t<div class=\"elementor-spacer-inner\"><\/div>\n\t\t<\/div>\n\t\t\t\t\t\t<\/div>\n\t\t\t\t<\/div>\n\t\t\t\t\t<\/div>\n\t\t<\/div>\n\t\t\t\t\t<\/div>\n\t\t<\/section>\n\t\t\t\t<\/div>","protected":false},"excerpt":{"rendered":"<p>Internationale Konferenz (2019) zu den Erz\u00e4hlungen der Sinti und Roma \u00fcber den Holocaust<\/p>","protected":false},"author":5,"featured_media":2092,"comment_status":"closed","ping_status":"closed","sticky":false,"template":"","format":"standard","meta":{"_monsterinsights_skip_tracking":false,"_monsterinsights_sitenote_active":false,"_monsterinsights_sitenote_note":"","_monsterinsights_sitenote_category":0,"site-sidebar-layout":"default","site-content-layout":"default","ast-site-content-layout":"default","site-content-style":"default","site-sidebar-style":"default","ast-global-header-display":"","ast-banner-title-visibility":"","ast-main-header-display":"","ast-hfb-above-header-display":"","ast-hfb-below-header-display":"","ast-hfb-mobile-header-display":"","site-post-title":"","ast-breadcrumbs-content":"","ast-featured-img":"","footer-sml-layout":"","ast-disable-related-posts":"","theme-transparent-header-meta":"default","adv-header-id-meta":"","stick-header-meta":"","header-above-stick-meta":"","header-main-stick-meta":"","header-below-stick-meta":"","astra-migrate-meta-layouts":"default","ast-page-background-enabled":"default","ast-page-background-meta":{"desktop":{"background-color":"","background-image":"","background-repeat":"repeat","background-position":"center center","background-size":"auto","background-attachment":"scroll","background-type":"","background-media":"","overlay-type":"","overlay-color":"","overlay-opacity":"","overlay-gradient":""},"tablet":{"background-color":"","background-image":"","background-repeat":"repeat","background-position":"center center","background-size":"auto","background-attachment":"scroll","background-type":"","background-media":"","overlay-type":"","overlay-color":"","overlay-opacity":"","overlay-gradient":""},"mobile":{"background-color":"","background-image":"","background-repeat":"repeat","background-position":"center center","background-size":"auto","background-attachment":"scroll","background-type":"","background-media":"","overlay-type":"","overlay-color":"","overlay-opacity":"","overlay-gradient":""}},"ast-content-background-meta":{"desktop":{"background-color":"var(--ast-global-color-5)","background-image":"","background-repeat":"repeat","background-position":"center center","background-size":"auto","background-attachment":"scroll","background-type":"","background-media":"","overlay-type":"","overlay-color":"","overlay-opacity":"","overlay-gradient":""},"tablet":{"background-color":"var(--ast-global-color-5)","background-image":"","background-repeat":"repeat","background-position":"center center","background-size":"auto","background-attachment":"scroll","background-type":"","background-media":"","overlay-type":"","overlay-color":"","overlay-opacity":"","overlay-gradient":""},"mobile":{"background-color":"var(--ast-global-color-5)","background-image":"","background-repeat":"repeat","background-position":"center center","background-size":"auto","background-attachment":"scroll","background-type":"","background-media":"","overlay-type":"","overlay-color":"","overlay-opacity":"","overlay-gradient":""}},"footnotes":""},"categories":[66,29,42,41,28],"tags":[],"class_list":["post-2091","post","type-post","status-publish","format-standard","has-post-thumbnail","hentry","category-commemoration-ceremonies-2019","category-commemoration-ceremonies-across-europe","category-dikh-he-na-bister-youth-activism","category-education","category-remembrance"],"yoast_head":"<!-- This site is optimized with the Yoast SEO plugin v27.4 - https:\/\/yoast.com\/product\/yoast-seo-wordpress\/ -->\n<title>IS \u201cAUSCHWITZ ONLY SLEEPING\u201d? - European Holocaust Memorial Day for Sinti und Roma<\/title>\n<meta name=\"robots\" content=\"index, follow, max-snippet:-1, max-image-preview:large, max-video-preview:-1\" \/>\n<link rel=\"canonical\" href=\"https:\/\/www.roma-sinti-holocaust-memorial-day.eu\/de\/remembrance\/is-auschwitz-only-sleeping\/\" \/>\n<meta property=\"og:locale\" content=\"de_DE\" \/>\n<meta property=\"og:type\" content=\"article\" \/>\n<meta property=\"og:title\" content=\"IS \u201cAUSCHWITZ ONLY SLEEPING\u201d? - European Holocaust Memorial Day for Sinti und Roma\" \/>\n<meta property=\"og:description\" content=\"International Conference (2019) about Sinti and Roma Narratives after the Holocaust\" \/>\n<meta property=\"og:url\" content=\"https:\/\/www.roma-sinti-holocaust-memorial-day.eu\/de\/remembrance\/is-auschwitz-only-sleeping\/\" \/>\n<meta property=\"og:site_name\" content=\"European Holocaust Memorial Day for Sinti und Roma\" \/>\n<meta property=\"article:published_time\" content=\"2020-07-27T05:25:58+00:00\" \/>\n<meta property=\"article:modified_time\" content=\"2024-06-19T09:35:33+00:00\" \/>\n<meta property=\"og:image\" content=\"https:\/\/www.roma-sinti-holocaust-memorial-day.eu\/wp-content\/uploads\/2020\/07\/A5A6141-750x500-vert.jpeg\" \/>\n\t<meta property=\"og:image:width\" content=\"333\" \/>\n\t<meta property=\"og:image:height\" content=\"500\" \/>\n\t<meta property=\"og:image:type\" content=\"image\/jpeg\" \/>\n<meta name=\"author\" content=\"Jonathan Mack\" \/>\n<meta name=\"twitter:card\" content=\"summary_large_image\" \/>\n<meta name=\"twitter:label1\" content=\"Verfasst von\" \/>\n\t<meta name=\"twitter:data1\" content=\"Jonathan Mack\" \/>\n\t<meta name=\"twitter:label2\" content=\"Gesch\u00e4tzte Lesezeit\" \/>\n\t<meta name=\"twitter:data2\" content=\"5\u00a0Minuten\" \/>\n<script type=\"application\/ld+json\" class=\"yoast-schema-graph\">{\"@context\":\"https:\\\/\\\/schema.org\",\"@graph\":[{\"@type\":\"Article\",\"@id\":\"https:\\\/\\\/www.roma-sinti-holocaust-memorial-day.eu\\\/remembrance\\\/is-auschwitz-only-sleeping\\\/#article\",\"isPartOf\":{\"@id\":\"https:\\\/\\\/www.roma-sinti-holocaust-memorial-day.eu\\\/remembrance\\\/is-auschwitz-only-sleeping\\\/\"},\"author\":{\"name\":\"Jonathan Mack\",\"@id\":\"https:\\\/\\\/www.roma-sinti-holocaust-memorial-day.eu\\\/#\\\/schema\\\/person\\\/e3f1699bad579ca90db4d872cce66959\"},\"headline\":\"IS \u201cAUSCHWITZ ONLY SLEEPING\u201d?\",\"datePublished\":\"2020-07-27T05:25:58+00:00\",\"dateModified\":\"2024-06-19T09:35:33+00:00\",\"mainEntityOfPage\":{\"@id\":\"https:\\\/\\\/www.roma-sinti-holocaust-memorial-day.eu\\\/remembrance\\\/is-auschwitz-only-sleeping\\\/\"},\"wordCount\":482,\"publisher\":{\"@id\":\"https:\\\/\\\/www.roma-sinti-holocaust-memorial-day.eu\\\/#organization\"},\"image\":{\"@id\":\"https:\\\/\\\/www.roma-sinti-holocaust-memorial-day.eu\\\/remembrance\\\/is-auschwitz-only-sleeping\\\/#primaryimage\"},\"thumbnailUrl\":\"https:\\\/\\\/www.roma-sinti-holocaust-memorial-day.eu\\\/wp-content\\\/uploads\\\/2020\\\/07\\\/A5A6141-750x500-vert.jpeg\",\"articleSection\":[\"Commemoration Ceremonies 2019\",\"Commemoration ceremonies across Europe\",\"Dikh He Na Bister \u2013 Youth Activism\",\"Education\",\"Remembrance\"],\"inLanguage\":\"de\"},{\"@type\":\"WebPage\",\"@id\":\"https:\\\/\\\/www.roma-sinti-holocaust-memorial-day.eu\\\/remembrance\\\/is-auschwitz-only-sleeping\\\/\",\"url\":\"https:\\\/\\\/www.roma-sinti-holocaust-memorial-day.eu\\\/remembrance\\\/is-auschwitz-only-sleeping\\\/\",\"name\":\"IS \u201cAUSCHWITZ ONLY SLEEPING\u201d? - European Holocaust Memorial Day for Sinti und Roma\",\"isPartOf\":{\"@id\":\"https:\\\/\\\/www.roma-sinti-holocaust-memorial-day.eu\\\/#website\"},\"primaryImageOfPage\":{\"@id\":\"https:\\\/\\\/www.roma-sinti-holocaust-memorial-day.eu\\\/remembrance\\\/is-auschwitz-only-sleeping\\\/#primaryimage\"},\"image\":{\"@id\":\"https:\\\/\\\/www.roma-sinti-holocaust-memorial-day.eu\\\/remembrance\\\/is-auschwitz-only-sleeping\\\/#primaryimage\"},\"thumbnailUrl\":\"https:\\\/\\\/www.roma-sinti-holocaust-memorial-day.eu\\\/wp-content\\\/uploads\\\/2020\\\/07\\\/A5A6141-750x500-vert.jpeg\",\"datePublished\":\"2020-07-27T05:25:58+00:00\",\"dateModified\":\"2024-06-19T09:35:33+00:00\",\"breadcrumb\":{\"@id\":\"https:\\\/\\\/www.roma-sinti-holocaust-memorial-day.eu\\\/remembrance\\\/is-auschwitz-only-sleeping\\\/#breadcrumb\"},\"inLanguage\":\"de\",\"potentialAction\":[{\"@type\":\"ReadAction\",\"target\":[\"https:\\\/\\\/www.roma-sinti-holocaust-memorial-day.eu\\\/remembrance\\\/is-auschwitz-only-sleeping\\\/\"]}]},{\"@type\":\"ImageObject\",\"inLanguage\":\"de\",\"@id\":\"https:\\\/\\\/www.roma-sinti-holocaust-memorial-day.eu\\\/remembrance\\\/is-auschwitz-only-sleeping\\\/#primaryimage\",\"url\":\"https:\\\/\\\/www.roma-sinti-holocaust-memorial-day.eu\\\/wp-content\\\/uploads\\\/2020\\\/07\\\/A5A6141-750x500-vert.jpeg\",\"contentUrl\":\"https:\\\/\\\/www.roma-sinti-holocaust-memorial-day.eu\\\/wp-content\\\/uploads\\\/2020\\\/07\\\/A5A6141-750x500-vert.jpeg\",\"width\":333,\"height\":500},{\"@type\":\"BreadcrumbList\",\"@id\":\"https:\\\/\\\/www.roma-sinti-holocaust-memorial-day.eu\\\/remembrance\\\/is-auschwitz-only-sleeping\\\/#breadcrumb\",\"itemListElement\":[{\"@type\":\"ListItem\",\"position\":1,\"name\":\"Home\",\"item\":\"https:\\\/\\\/www.roma-sinti-holocaust-memorial-day.eu\\\/\"},{\"@type\":\"ListItem\",\"position\":2,\"name\":\"IS \u201cAUSCHWITZ ONLY SLEEPING\u201d?\"}]},{\"@type\":\"WebSite\",\"@id\":\"https:\\\/\\\/www.roma-sinti-holocaust-memorial-day.eu\\\/#website\",\"url\":\"https:\\\/\\\/www.roma-sinti-holocaust-memorial-day.eu\\\/\",\"name\":\"European Holocaust Memorial Day for Sinti und Roma\",\"description\":\"\",\"publisher\":{\"@id\":\"https:\\\/\\\/www.roma-sinti-holocaust-memorial-day.eu\\\/#organization\"},\"potentialAction\":[{\"@type\":\"SearchAction\",\"target\":{\"@type\":\"EntryPoint\",\"urlTemplate\":\"https:\\\/\\\/www.roma-sinti-holocaust-memorial-day.eu\\\/?s={search_term_string}\"},\"query-input\":{\"@type\":\"PropertyValueSpecification\",\"valueRequired\":true,\"valueName\":\"search_term_string\"}}],\"inLanguage\":\"de\"},{\"@type\":\"Organization\",\"@id\":\"https:\\\/\\\/www.roma-sinti-holocaust-memorial-day.eu\\\/#organization\",\"name\":\"European Holocaust Memorial Day for Sinti und Roma\",\"url\":\"https:\\\/\\\/www.roma-sinti-holocaust-memorial-day.eu\\\/\",\"logo\":{\"@type\":\"ImageObject\",\"inLanguage\":\"de\",\"@id\":\"https:\\\/\\\/www.roma-sinti-holocaust-memorial-day.eu\\\/#\\\/schema\\\/logo\\\/image\\\/\",\"url\":\"https:\\\/\\\/www.roma-sinti-holocaust-memorial-day.eu\\\/wp-content\\\/uploads\\\/2020\\\/06\\\/en-logo-2020-europaeischer-holocaust-gedenktag-f\u00fcr-sinti-und-roma_gelb.svg\",\"contentUrl\":\"https:\\\/\\\/www.roma-sinti-holocaust-memorial-day.eu\\\/wp-content\\\/uploads\\\/2020\\\/06\\\/en-logo-2020-europaeischer-holocaust-gedenktag-f\u00fcr-sinti-und-roma_gelb.svg\",\"caption\":\"European Holocaust Memorial Day for Sinti und Roma\"},\"image\":{\"@id\":\"https:\\\/\\\/www.roma-sinti-holocaust-memorial-day.eu\\\/#\\\/schema\\\/logo\\\/image\\\/\"}},{\"@type\":\"Person\",\"@id\":\"https:\\\/\\\/www.roma-sinti-holocaust-memorial-day.eu\\\/#\\\/schema\\\/person\\\/e3f1699bad579ca90db4d872cce66959\",\"name\":\"Jonathan Mack\",\"image\":{\"@type\":\"ImageObject\",\"inLanguage\":\"de\",\"@id\":\"https:\\\/\\\/secure.gravatar.com\\\/avatar\\\/8001f1305d4df01b03b7f18a7094807ff4834f30326f87ed5f4d1a1d3e93a85c?s=96&d=mm&r=g\",\"url\":\"https:\\\/\\\/secure.gravatar.com\\\/avatar\\\/8001f1305d4df01b03b7f18a7094807ff4834f30326f87ed5f4d1a1d3e93a85c?s=96&d=mm&r=g\",\"contentUrl\":\"https:\\\/\\\/secure.gravatar.com\\\/avatar\\\/8001f1305d4df01b03b7f18a7094807ff4834f30326f87ed5f4d1a1d3e93a85c?s=96&d=mm&r=g\",\"caption\":\"Jonathan Mack\"},\"url\":\"https:\\\/\\\/www.roma-sinti-holocaust-memorial-day.eu\\\/de\\\/author\\\/jonathan\\\/\"}]}<\/script>\n<!-- \/ Yoast SEO plugin. -->","yoast_head_json":{"title":"IS \u201cAUSCHWITZ ONLY SLEEPING\u201d? - European Holocaust Memorial Day for Sinti und Roma","robots":{"index":"index","follow":"follow","max-snippet":"max-snippet:-1","max-image-preview":"max-image-preview:large","max-video-preview":"max-video-preview:-1"},"canonical":"https:\/\/www.roma-sinti-holocaust-memorial-day.eu\/de\/remembrance\/is-auschwitz-only-sleeping\/","og_locale":"de_DE","og_type":"article","og_title":"IS \u201cAUSCHWITZ ONLY SLEEPING\u201d? - European Holocaust Memorial Day for Sinti und Roma","og_description":"International Conference (2019) about Sinti and Roma Narratives after the Holocaust","og_url":"https:\/\/www.roma-sinti-holocaust-memorial-day.eu\/de\/remembrance\/is-auschwitz-only-sleeping\/","og_site_name":"European Holocaust Memorial Day for Sinti und Roma","article_published_time":"2020-07-27T05:25:58+00:00","article_modified_time":"2024-06-19T09:35:33+00:00","og_image":[{"width":333,"height":500,"url":"https:\/\/www.roma-sinti-holocaust-memorial-day.eu\/wp-content\/uploads\/2020\/07\/A5A6141-750x500-vert.jpeg","type":"image\/jpeg"}],"author":"Jonathan Mack","twitter_card":"summary_large_image","twitter_misc":{"Verfasst von":"Jonathan Mack","Gesch\u00e4tzte Lesezeit":"5\u00a0Minuten"},"schema":{"@context":"https:\/\/schema.org","@graph":[{"@type":"Article","@id":"https:\/\/www.roma-sinti-holocaust-memorial-day.eu\/remembrance\/is-auschwitz-only-sleeping\/#article","isPartOf":{"@id":"https:\/\/www.roma-sinti-holocaust-memorial-day.eu\/remembrance\/is-auschwitz-only-sleeping\/"},"author":{"name":"Jonathan Mack","@id":"https:\/\/www.roma-sinti-holocaust-memorial-day.eu\/#\/schema\/person\/e3f1699bad579ca90db4d872cce66959"},"headline":"IS \u201cAUSCHWITZ ONLY SLEEPING\u201d?","datePublished":"2020-07-27T05:25:58+00:00","dateModified":"2024-06-19T09:35:33+00:00","mainEntityOfPage":{"@id":"https:\/\/www.roma-sinti-holocaust-memorial-day.eu\/remembrance\/is-auschwitz-only-sleeping\/"},"wordCount":482,"publisher":{"@id":"https:\/\/www.roma-sinti-holocaust-memorial-day.eu\/#organization"},"image":{"@id":"https:\/\/www.roma-sinti-holocaust-memorial-day.eu\/remembrance\/is-auschwitz-only-sleeping\/#primaryimage"},"thumbnailUrl":"https:\/\/www.roma-sinti-holocaust-memorial-day.eu\/wp-content\/uploads\/2020\/07\/A5A6141-750x500-vert.jpeg","articleSection":["Commemoration Ceremonies 2019","Commemoration ceremonies across Europe","Dikh He Na Bister \u2013 Youth Activism","Education","Remembrance"],"inLanguage":"de"},{"@type":"WebPage","@id":"https:\/\/www.roma-sinti-holocaust-memorial-day.eu\/remembrance\/is-auschwitz-only-sleeping\/","url":"https:\/\/www.roma-sinti-holocaust-memorial-day.eu\/remembrance\/is-auschwitz-only-sleeping\/","name":"IS \u201cAUSCHWITZ ONLY SLEEPING\u201d? - European Holocaust Memorial Day for Sinti und Roma","isPartOf":{"@id":"https:\/\/www.roma-sinti-holocaust-memorial-day.eu\/#website"},"primaryImageOfPage":{"@id":"https:\/\/www.roma-sinti-holocaust-memorial-day.eu\/remembrance\/is-auschwitz-only-sleeping\/#primaryimage"},"image":{"@id":"https:\/\/www.roma-sinti-holocaust-memorial-day.eu\/remembrance\/is-auschwitz-only-sleeping\/#primaryimage"},"thumbnailUrl":"https:\/\/www.roma-sinti-holocaust-memorial-day.eu\/wp-content\/uploads\/2020\/07\/A5A6141-750x500-vert.jpeg","datePublished":"2020-07-27T05:25:58+00:00","dateModified":"2024-06-19T09:35:33+00:00","breadcrumb":{"@id":"https:\/\/www.roma-sinti-holocaust-memorial-day.eu\/remembrance\/is-auschwitz-only-sleeping\/#breadcrumb"},"inLanguage":"de","potentialAction":[{"@type":"ReadAction","target":["https:\/\/www.roma-sinti-holocaust-memorial-day.eu\/remembrance\/is-auschwitz-only-sleeping\/"]}]},{"@type":"ImageObject","inLanguage":"de","@id":"https:\/\/www.roma-sinti-holocaust-memorial-day.eu\/remembrance\/is-auschwitz-only-sleeping\/#primaryimage","url":"https:\/\/www.roma-sinti-holocaust-memorial-day.eu\/wp-content\/uploads\/2020\/07\/A5A6141-750x500-vert.jpeg","contentUrl":"https:\/\/www.roma-sinti-holocaust-memorial-day.eu\/wp-content\/uploads\/2020\/07\/A5A6141-750x500-vert.jpeg","width":333,"height":500},{"@type":"BreadcrumbList","@id":"https:\/\/www.roma-sinti-holocaust-memorial-day.eu\/remembrance\/is-auschwitz-only-sleeping\/#breadcrumb","itemListElement":[{"@type":"ListItem","position":1,"name":"Home","item":"https:\/\/www.roma-sinti-holocaust-memorial-day.eu\/"},{"@type":"ListItem","position":2,"name":"IS \u201cAUSCHWITZ ONLY SLEEPING\u201d?"}]},{"@type":"WebSite","@id":"https:\/\/www.roma-sinti-holocaust-memorial-day.eu\/#website","url":"https:\/\/www.roma-sinti-holocaust-memorial-day.eu\/","name":"European Holocaust Memorial Day for Sinti und Roma","description":"","publisher":{"@id":"https:\/\/www.roma-sinti-holocaust-memorial-day.eu\/#organization"},"potentialAction":[{"@type":"SearchAction","target":{"@type":"EntryPoint","urlTemplate":"https:\/\/www.roma-sinti-holocaust-memorial-day.eu\/?s={search_term_string}"},"query-input":{"@type":"PropertyValueSpecification","valueRequired":true,"valueName":"search_term_string"}}],"inLanguage":"de"},{"@type":"Organization","@id":"https:\/\/www.roma-sinti-holocaust-memorial-day.eu\/#organization","name":"European Holocaust Memorial Day for Sinti und Roma","url":"https:\/\/www.roma-sinti-holocaust-memorial-day.eu\/","logo":{"@type":"ImageObject","inLanguage":"de","@id":"https:\/\/www.roma-sinti-holocaust-memorial-day.eu\/#\/schema\/logo\/image\/","url":"https:\/\/www.roma-sinti-holocaust-memorial-day.eu\/wp-content\/uploads\/2020\/06\/en-logo-2020-europaeischer-holocaust-gedenktag-f\u00fcr-sinti-und-roma_gelb.svg","contentUrl":"https:\/\/www.roma-sinti-holocaust-memorial-day.eu\/wp-content\/uploads\/2020\/06\/en-logo-2020-europaeischer-holocaust-gedenktag-f\u00fcr-sinti-und-roma_gelb.svg","caption":"European Holocaust Memorial Day for Sinti und Roma"},"image":{"@id":"https:\/\/www.roma-sinti-holocaust-memorial-day.eu\/#\/schema\/logo\/image\/"}},{"@type":"Person","@id":"https:\/\/www.roma-sinti-holocaust-memorial-day.eu\/#\/schema\/person\/e3f1699bad579ca90db4d872cce66959","name":"Jonathan Mack","image":{"@type":"ImageObject","inLanguage":"de","@id":"https:\/\/secure.gravatar.com\/avatar\/8001f1305d4df01b03b7f18a7094807ff4834f30326f87ed5f4d1a1d3e93a85c?s=96&d=mm&r=g","url":"https:\/\/secure.gravatar.com\/avatar\/8001f1305d4df01b03b7f18a7094807ff4834f30326f87ed5f4d1a1d3e93a85c?s=96&d=mm&r=g","contentUrl":"https:\/\/secure.gravatar.com\/avatar\/8001f1305d4df01b03b7f18a7094807ff4834f30326f87ed5f4d1a1d3e93a85c?s=96&d=mm&r=g","caption":"Jonathan Mack"},"url":"https:\/\/www.roma-sinti-holocaust-memorial-day.eu\/de\/author\/jonathan\/"}]}},"_links":{"self":[{"href":"https:\/\/www.roma-sinti-holocaust-memorial-day.eu\/de\/wp-json\/wp\/v2\/posts\/2091","targetHints":{"allow":["GET"]}}],"collection":[{"href":"https:\/\/www.roma-sinti-holocaust-memorial-day.eu\/de\/wp-json\/wp\/v2\/posts"}],"about":[{"href":"https:\/\/www.roma-sinti-holocaust-memorial-day.eu\/de\/wp-json\/wp\/v2\/types\/post"}],"author":[{"embeddable":true,"href":"https:\/\/www.roma-sinti-holocaust-memorial-day.eu\/de\/wp-json\/wp\/v2\/users\/5"}],"replies":[{"embeddable":true,"href":"https:\/\/www.roma-sinti-holocaust-memorial-day.eu\/de\/wp-json\/wp\/v2\/comments?post=2091"}],"version-history":[{"count":61,"href":"https:\/\/www.roma-sinti-holocaust-memorial-day.eu\/de\/wp-json\/wp\/v2\/posts\/2091\/revisions"}],"predecessor-version":[{"id":11564,"href":"https:\/\/www.roma-sinti-holocaust-memorial-day.eu\/de\/wp-json\/wp\/v2\/posts\/2091\/revisions\/11564"}],"wp:featuredmedia":[{"embeddable":true,"href":"https:\/\/www.roma-sinti-holocaust-memorial-day.eu\/de\/wp-json\/wp\/v2\/media\/2092"}],"wp:attachment":[{"href":"https:\/\/www.roma-sinti-holocaust-memorial-day.eu\/de\/wp-json\/wp\/v2\/media?parent=2091"}],"wp:term":[{"taxonomy":"category","embeddable":true,"href":"https:\/\/www.roma-sinti-holocaust-memorial-day.eu\/de\/wp-json\/wp\/v2\/categories?post=2091"},{"taxonomy":"post_tag","embeddable":true,"href":"https:\/\/www.roma-sinti-holocaust-memorial-day.eu\/de\/wp-json\/wp\/v2\/tags?post=2091"}],"curies":[{"name":"wp","href":"https:\/\/api.w.org\/{rel}","templated":true}]}}