{"id":2115,"date":"2020-07-27T09:53:25","date_gmt":"2020-07-27T07:53:25","guid":{"rendered":"https:\/\/www.roma-sinti-holocaust-memorial-day.eu\/?p=2115"},"modified":"2024-07-10T14:23:09","modified_gmt":"2024-07-10T12:23:09","slug":"exhibition-tears-of-gold","status":"publish","type":"post","link":"https:\/\/www.roma-sinti-holocaust-memorial-day.eu\/de\/remembrance\/exhibition-tears-of-gold\/","title":{"rendered":"Ausstellung \u201eTr\u00e4nen aus Gold\u201c"},"content":{"rendered":"<div data-elementor-type=\"wp-post\" data-elementor-id=\"2115\" class=\"elementor elementor-2115\" data-elementor-post-type=\"post\">\n\t\t\t\t\t\t<section class=\"elementor-section elementor-top-section elementor-element elementor-element-3957485a elementor-section-stretched elementor-section-full_width elementor-section-height-default elementor-section-height-default\" data-id=\"3957485a\" data-element_type=\"section\" data-e-type=\"section\" data-settings=\"{&quot;stretch_section&quot;:&quot;section-stretched&quot;}\">\n\t\t\t\t\t\t<div class=\"elementor-container elementor-column-gap-no\">\n\t\t\t\t\t<div class=\"elementor-column elementor-col-100 elementor-top-column elementor-element elementor-element-3d7b9497\" data-id=\"3d7b9497\" data-element_type=\"column\" data-e-type=\"column\">\n\t\t\t<div class=\"elementor-widget-wrap elementor-element-populated\">\n\t\t\t\t\t\t<div class=\"elementor-element elementor-element-7a948de3 elementor-widget elementor-widget-video\" data-id=\"7a948de3\" data-element_type=\"widget\" data-e-type=\"widget\" data-settings=\"{&quot;youtube_url&quot;:&quot;https:\\\/\\\/youtu.be\\\/7EUq8qnWFVI&quot;,&quot;image_overlay&quot;:{&quot;url&quot;:&quot;https:\\\/\\\/www.roma-sinti-holocaust-memorial-day.eu\\\/wp-content\\\/uploads\\\/2020\\\/07\\\/plakat-wystawa_A0_v1_Page_2-cut-scaled.jpg&quot;,&quot;id&quot;:2120,&quot;size&quot;:&quot;&quot;},&quot;show_image_overlay&quot;:&quot;yes&quot;,&quot;video_type&quot;:&quot;youtube&quot;,&quot;controls&quot;:&quot;yes&quot;}\" data-widget_type=\"video.default\">\n\t\t\t\t<div class=\"elementor-widget-container\">\n\t\t\t\t\t\t\t<div class=\"elementor-wrapper elementor-open-inline\">\n\t\t\t<div class=\"elementor-video\"><\/div>\t\t\t\t<div class=\"elementor-custom-embed-image-overlay\" style=\"background-image: url(https:\/\/www.roma-sinti-holocaust-memorial-day.eu\/wp-content\/uploads\/2020\/07\/plakat-wystawa_A0_v1_Page_2-cut-scaled.jpg);\">\n\t\t\t\t\t\t\t\t\t\t\t\t\t\t\t\t<div class=\"elementor-custom-embed-play\" role=\"button\" aria-label=\"Play Video\" tabindex=\"0\">\n\t\t\t\t\t\t\t<i aria-hidden=\"true\" class=\"eicon-play\"><\/i>\t\t\t\t\t\t<\/div>\n\t\t\t\t\t\t\t\t\t<\/div>\n\t\t\t\t\t<\/div>\n\t\t\t\t\t\t<\/div>\n\t\t\t\t<\/div>\n\t\t\t\t\t<\/div>\n\t\t<\/div>\n\t\t\t\t\t<\/div>\n\t\t<\/section>\n\t\t\t\t<section class=\"elementor-section elementor-top-section elementor-element elementor-element-707757f6 elementor-section-full_width elementor-section-stretched elementor-section-height-default elementor-section-height-default\" data-id=\"707757f6\" data-element_type=\"section\" data-e-type=\"section\" data-settings=\"{&quot;stretch_section&quot;:&quot;section-stretched&quot;,&quot;background_background&quot;:&quot;classic&quot;}\">\n\t\t\t\t\t\t<div class=\"elementor-container elementor-column-gap-no\">\n\t\t\t\t\t<div class=\"elementor-column elementor-col-100 elementor-top-column elementor-element elementor-element-588cf51b\" data-id=\"588cf51b\" data-element_type=\"column\" data-e-type=\"column\">\n\t\t\t<div class=\"elementor-widget-wrap elementor-element-populated\">\n\t\t\t\t\t\t<section class=\"elementor-section elementor-inner-section elementor-element elementor-element-246e604f elementor-section-boxed elementor-section-height-default elementor-section-height-default\" data-id=\"246e604f\" data-element_type=\"section\" data-e-type=\"section\">\n\t\t\t\t\t\t<div class=\"elementor-container elementor-column-gap-default\">\n\t\t\t\t\t<div class=\"elementor-column elementor-col-100 elementor-inner-column elementor-element elementor-element-43836c76\" data-id=\"43836c76\" data-element_type=\"column\" data-e-type=\"column\">\n\t\t\t<div class=\"elementor-widget-wrap elementor-element-populated\">\n\t\t\t\t\t\t<div class=\"elementor-element elementor-element-3571a329 elementor-widget elementor-widget-spacer\" data-id=\"3571a329\" data-element_type=\"widget\" data-e-type=\"widget\" data-widget_type=\"spacer.default\">\n\t\t\t\t<div class=\"elementor-widget-container\">\n\t\t\t\t\t\t\t<div class=\"elementor-spacer\">\n\t\t\t<div class=\"elementor-spacer-inner\"><\/div>\n\t\t<\/div>\n\t\t\t\t\t\t<\/div>\n\t\t\t\t<\/div>\n\t\t\t\t<div class=\"elementor-element elementor-element-7dff26b elementor-widget elementor-widget-theme-post-title elementor-page-title elementor-widget-heading\" data-id=\"7dff26b\" data-element_type=\"widget\" data-e-type=\"widget\" data-widget_type=\"theme-post-title.default\">\n\t\t\t\t<div class=\"elementor-widget-container\">\n\t\t\t\t\t<h1 class=\"elementor-heading-title elementor-size-default\">Ausstellung \u201eTr\u00e4nen aus Gold\u201c<\/h1>\t\t\t\t<\/div>\n\t\t\t\t<\/div>\n\t\t\t\t<div class=\"elementor-element elementor-element-1a3258e elementor-widget elementor-widget-heading\" data-id=\"1a3258e\" data-element_type=\"widget\" data-e-type=\"widget\" data-widget_type=\"heading.default\">\n\t\t\t\t<div class=\"elementor-widget-container\">\n\t\t\t\t\t<h3 class=\"elementor-heading-title elementor-size-default\">zum Anlass des f\u00fcnfundsiebsigsten Jahrestages am 2. August - des europ\u00e4ischen Holocaust-Gedenktages der Sinti und Roma 2019<\/h3>\t\t\t\t<\/div>\n\t\t\t\t<\/div>\n\t\t\t\t<div class=\"elementor-element elementor-element-a994280 elementor-widget elementor-widget-spacer\" data-id=\"a994280\" data-element_type=\"widget\" data-e-type=\"widget\" data-widget_type=\"spacer.default\">\n\t\t\t\t<div class=\"elementor-widget-container\">\n\t\t\t\t\t\t\t<div class=\"elementor-spacer\">\n\t\t\t<div class=\"elementor-spacer-inner\"><\/div>\n\t\t<\/div>\n\t\t\t\t\t\t<\/div>\n\t\t\t\t<\/div>\n\t\t\t\t\t<\/div>\n\t\t<\/div>\n\t\t\t\t\t<\/div>\n\t\t<\/section>\n\t\t\t\t<section class=\"elementor-section elementor-inner-section elementor-element elementor-element-16f7145 elementor-section-boxed elementor-section-height-default elementor-section-height-default\" data-id=\"16f7145\" data-element_type=\"section\" data-e-type=\"section\">\n\t\t\t\t\t\t<div class=\"elementor-container elementor-column-gap-default\">\n\t\t\t\t\t<div class=\"elementor-column elementor-col-50 elementor-inner-column elementor-element elementor-element-cafefe5\" data-id=\"cafefe5\" data-element_type=\"column\" data-e-type=\"column\">\n\t\t\t<div class=\"elementor-widget-wrap elementor-element-populated\">\n\t\t\t\t\t\t<div class=\"elementor-element elementor-element-1e5b1d92 elementor-widget elementor-widget-text-editor\" data-id=\"1e5b1d92\" data-element_type=\"widget\" data-e-type=\"widget\" data-widget_type=\"text-editor.default\">\n\t\t\t\t<div class=\"elementor-widget-container\">\n\t\t\t\t\t\t\t\t\t<p>Anl\u00e4sslich des 75. Jahrestages des 2. August 1944 - dem europ\u00e4ischen Roma-Holocaust-Gedenktag - wird am 31. Juli in Krakau die Ausstellung \"TEARS OF GOLD\/ SOWNAKUNE JASFA\" er\u00f6ffnet, die Werke europ\u00e4ischer K\u00fcnstler zeigt, die sich mit dem Thema Holocaust-Erinnerung auseinandersetzen.<\/p><p><strong>KURATORISCHES KONZEPT:<\/strong><\/p><p>In dem Gedicht \"Blutige Tr\u00e4nen\" fasst Papusza (Bronislawa Wajs, 1908-1987) - eine der ber\u00fchmtesten Roma-Dichterinnen - die Schrecken des Zweiten Weltkriegs zusammen, indem sie das individuelle und kollektive Trauma der Kriegserfahrungen der Roma in Europa zum Ausdruck bringt. W\u00e4hrend des Roma-Holocausts wurden mindestens 500.000 Roma-M\u00e4nner, -Frauen und -Kinder massakriert, wobei in einigen L\u00e4ndern bis zu 90 % der gesamten Roma-Bev\u00f6lkerung ausgel\u00f6scht wurden. Die Erfahrungen der Vergangenheit wurden noch schmerzhafter gemacht, weil es jahrzehntelang der \"vergessene Holocaust\" war - unerkannt, unsichtbar gemacht, unaufgearbeitet. Der Roma-Holocaust pr\u00e4gt bis heute die transnationale kollektive Identit\u00e4t der Roma, und seine Folgen werden bis heute gelebt.<\/p><p>Aber die Erinnerung an den Holocaust ist auch eine m\u00e4chtige Quelle der Inspiration - und \u00fcberraschende Sch\u00f6nheit und Kraft - f\u00fcr Generationen von Roma-Holocaust-\u00dcberlebenden und ihre Kinder. Ceija Stojka, eine Roma-Holocaust-\u00dcberlebende aus \u00d6sterreich und eine ber\u00fchmte Roma-Malerin, -Schriftstellerin und -Aktivistin, benutzte die Sprache der Kunst, um unter den Roma ein Bewusstsein f\u00fcr die Bedeutung unseres eigenen kulturellen Fortbestehens zu schaffen. Sie glaubte, dass \"das Blut der Opfer sich in den H\u00e4nden der neuen Generation in Gold verwandeln wird\". Die Erinnerung an den Holocaust ist ein Anker in der schmerzhaften Vergangenheit der Roma - aber unser \u00dcberleben ist die verbindende Kraft der Roma-Gemeinschaften heute. Die Narben werden Teil unseres Verm\u00e4chtnisses, die uns helfen, die Widerstandsf\u00e4higkeit, den Widerstand und die Kraft zu feiern, die unsere blo\u00dfe Existenz darstellt.<\/p><p>Wie in der alten japanischen Kunst des Kintsugi, bei der St\u00fccke zerbrochener Keramik mit Hilfe von Gold wieder zusammengesetzt werden, wird so die Roma-Identit\u00e4t wieder zusammengesetzt und gibt Zeugnis von unserem \u00dcberleben. Die Philosophie des Kintsugi bekr\u00e4ftigt, dass Bruch und Reparatur Teil der lebendigen Geschichte sind und nicht etwas, das dieser verschleiert werden muss. Auch f\u00fcr die Roma ist die Erinnerung an den Holocaust der verbindende Klebstoff der heutigen Roma-Gemeinschaften und spiegelt die majest\u00e4tische Sch\u00f6nheit der \u00fcberlebenden Roma-Kultur wider.<\/p><p>Das Gold ist ein Symbol der Himmlischen, der Unzerst\u00f6rbarkeit, der Ewigkeit, der Unsterblichkeit, der Herrlichkeit, der Vollkommenheit, der geistigen Erleuchtung, der Vitalit\u00e4t, des Blutes, des Lebens. \u00dcber Jahrhunderte hinweg wurde Gold mit der Sonne und dem Himmel assoziiert; Kirchen und Ikonen wurden vergoldet, um das g\u00f6ttliche Sacrum darzustellen. Ebenso verwenden viele Romani-Mythen und -Legenden die mit Gold verbundene Symbolik.<\/p><p>Die Ausstellung \"Tears of Gold\" pr\u00e4sentiert Werke von K\u00fcnstlern, die sich mit dem Thema der Erinnerung an den Holocaust auseinandersetzen. Durch die Kunst evozieren sie das Trauma des Zweiten Weltkriegs und geben damit ein Zeugnis f\u00fcr die Erinnerung an den Holocaust der Roma als Pr\u00e4misse f\u00fcr die R\u00fcckgewinnung von Identit\u00e4t und Existenz. Das traumatische Erbe des Holocausts wird in metaphorisches Gold verwandelt, das die fragmentierten St\u00fccke der Erinnerung zusammenbringt, um das vernarbte, aber sch\u00f6ne kulturelle Ganze der Roma zusammenzusetzen.<\/p><p>- Dr. Krzysztof Gil und Dr. Anna Mirga-Kruszelnicka<\/p>\t\t\t\t\t\t\t\t<\/div>\n\t\t\t\t<\/div>\n\t\t\t\t<div class=\"elementor-element elementor-element-6790b26 elementor-widget elementor-widget-text-editor\" data-id=\"6790b26\" data-element_type=\"widget\" data-e-type=\"widget\" data-widget_type=\"text-editor.default\">\n\t\t\t\t<div class=\"elementor-widget-container\">\n\t\t\t\t\t\t\t\t\t<p><span style=\"font-size: 19.215px; font-style: normal;\"><b>Veranstalter<br \/><\/b><\/span>Die von Krzysztof Gil und Anna Mirga-Kruszelnicka kuratierte Ausstellung wird organisiert vom <a href=\"https:\/\/eriac.org\/tears-of-gold-sownakune-jasfa\/\">European Roma Institute for Arts and Culture (ERIAC)<\/a>, dem <a href=\"https:\/\/www.sintiundroma.de\/\">Zentralrat Deutscher Sinti und Roma, dem Dokumentations- und Kulturzentrum Deutscher Sinti und Roma<\/a>und dem <a href=\"http:\/\/2august.eu\/\">ternYpe International Roma Youth Network<\/a>. Es ist verbunden mit dem <a href=\"https:\/\/www.roma-sinti-holocaust-memorial-day.eu\/de\/education\/dikh-he-na-bister-international-youth-remembrance-event\/\">Jugendevent \"Dikh he na Bister\",<\/a>an dem \u00fcber 500 Jugendliche aus ganz Europa teilnehmen, sowie mit der offiziellen Gedenkfeier zum 2. August, die jedes Jahr in Krakau und Auschwitz-Birkenau stattfindet.<\/p><p><span style=\"font-size: 19.215px; font-style: normal;\"><b>Finanzierung und Unterst\u00fctzung<\/b><br \/>Die Konferenz wurde vom Programm \"Europa f\u00fcr B\u00fcrgerinnen und B\u00fcrger\" der Europ\u00e4ischen Union im Rahmen des Projekts \"Von der Erinnerung an den Holocaust an den Roma zu einem europ\u00e4ischen Vers\u00f6hnungsprozess\" und vom deutschen Au\u00dfenministerium kofinanziert.<\/span><\/p><p><span style=\"font-size: 19.215px; font-style: normal;\">\u00a0<\/span><\/p><p><img decoding=\"async\" class=\"alignnone size-medium wp-image-4582\" src=\"https:\/\/www.roma-sinti-holocaust-memorial-day.eu\/wp-content\/uploads\/2020\/11\/europe_for_citizens_programme_logo-300x110.jpg\" alt=\"\" width=\"300\" height=\"110\" srcset=\"https:\/\/www.roma-sinti-holocaust-memorial-day.eu\/wp-content\/uploads\/2020\/11\/europe_for_citizens_programme_logo-300x110.jpg 300w, https:\/\/www.roma-sinti-holocaust-memorial-day.eu\/wp-content\/uploads\/2020\/11\/europe_for_citizens_programme_logo-1024x377.jpg 1024w, https:\/\/www.roma-sinti-holocaust-memorial-day.eu\/wp-content\/uploads\/2020\/11\/europe_for_citizens_programme_logo-768x283.jpg 768w, https:\/\/www.roma-sinti-holocaust-memorial-day.eu\/wp-content\/uploads\/2020\/11\/europe_for_citizens_programme_logo-1536x565.jpg 1536w, https:\/\/www.roma-sinti-holocaust-memorial-day.eu\/wp-content\/uploads\/2020\/11\/europe_for_citizens_programme_logo-2048x753.jpg 2048w, https:\/\/www.roma-sinti-holocaust-memorial-day.eu\/wp-content\/uploads\/2020\/11\/europe_for_citizens_programme_logo-16x6.jpg 16w\" sizes=\"(max-width: 300px) 100vw, 300px\" \/><br \/><img fetchpriority=\"high\" decoding=\"async\" class=\"alignnone size-medium wp-image-4334\" src=\"https:\/\/www.roma-sinti-holocaust-memorial-day.eu\/wp-content\/uploads\/2020\/10\/auswaertiges-amt-300x173.png\" alt=\"\" width=\"300\" height=\"173\" srcset=\"https:\/\/www.roma-sinti-holocaust-memorial-day.eu\/wp-content\/uploads\/2020\/10\/auswaertiges-amt-300x173.png 300w, https:\/\/www.roma-sinti-holocaust-memorial-day.eu\/wp-content\/uploads\/2020\/10\/auswaertiges-amt-1024x592.png 1024w, https:\/\/www.roma-sinti-holocaust-memorial-day.eu\/wp-content\/uploads\/2020\/10\/auswaertiges-amt-768x444.png 768w, https:\/\/www.roma-sinti-holocaust-memorial-day.eu\/wp-content\/uploads\/2020\/10\/auswaertiges-amt-16x9.png 16w, https:\/\/www.roma-sinti-holocaust-memorial-day.eu\/wp-content\/uploads\/2020\/10\/auswaertiges-amt.png 1440w\" sizes=\"(max-width: 300px) 100vw, 300px\" \/><\/p>\t\t\t\t\t\t\t\t<\/div>\n\t\t\t\t<\/div>\n\t\t\t\t\t<\/div>\n\t\t<\/div>\n\t\t\t\t<div class=\"elementor-column elementor-col-50 elementor-inner-column elementor-element elementor-element-afc35cc\" data-id=\"afc35cc\" data-element_type=\"column\" data-e-type=\"column\">\n\t\t\t<div class=\"elementor-widget-wrap elementor-element-populated\">\n\t\t\t\t\t\t<div class=\"elementor-element elementor-element-0e26d6a elementor-widget elementor-widget-text-editor\" data-id=\"0e26d6a\" data-element_type=\"widget\" data-e-type=\"widget\" data-widget_type=\"text-editor.default\">\n\t\t\t\t<div class=\"elementor-widget-container\">\n\t\t\t\t\t\t\t\t\t<p><strong>Ausstellende K\u00fcnstler<br \/><\/strong>Ma\u0142gorzata Mirga-Tas<br \/>Valerie Leray\u00a0<br \/>Emilia Rigova<br \/>Marcin Tas<br \/>Kalman Varady<\/p><p><strong>Kuratiert von<\/strong><br \/>Dr. Krzysztof Gil &amp;<br \/>Dr. Anna Mirga-Kruszelnicka<\/p><p>Ausstellungser\u00f6ffnung unter Anwesenheit der K\u00fcnstler und der Performance <strong>\u201cAlurican\u2026\u201d von Bogumi\u0142a Delimata ad Cristo Osorio<\/strong><\/p><p><strong>Auditorium Maximum UJ\u00a0<\/strong><br \/>Ul. Krupnicza 33, Krak\u00f3w<br \/>Datum: 31. Juli 2019 \u2013 3. August 2019<\/p><p><img decoding=\"async\" class=\"alignnone wp-image-2108 size-full\" src=\"https:\/\/www.roma-sinti-holocaust-memorial-day.eu\/wp-content\/uploads\/2020\/07\/plakat-wystawa_A0_v1_Page_2-scaled.jpg\" alt=\"\" width=\"1811\" height=\"2560\" srcset=\"https:\/\/www.roma-sinti-holocaust-memorial-day.eu\/wp-content\/uploads\/2020\/07\/plakat-wystawa_A0_v1_Page_2-scaled.jpg 1811w, https:\/\/www.roma-sinti-holocaust-memorial-day.eu\/wp-content\/uploads\/2020\/07\/plakat-wystawa_A0_v1_Page_2-212x300.jpg 212w, https:\/\/www.roma-sinti-holocaust-memorial-day.eu\/wp-content\/uploads\/2020\/07\/plakat-wystawa_A0_v1_Page_2-724x1024.jpg 724w, https:\/\/www.roma-sinti-holocaust-memorial-day.eu\/wp-content\/uploads\/2020\/07\/plakat-wystawa_A0_v1_Page_2-768x1086.jpg 768w, https:\/\/www.roma-sinti-holocaust-memorial-day.eu\/wp-content\/uploads\/2020\/07\/plakat-wystawa_A0_v1_Page_2-1087x1536.jpg 1087w, https:\/\/www.roma-sinti-holocaust-memorial-day.eu\/wp-content\/uploads\/2020\/07\/plakat-wystawa_A0_v1_Page_2-1449x2048.jpg 1449w\" sizes=\"(max-width: 1811px) 100vw, 1811px\" \/><\/p><h3>Konferenzprogramm<\/h3><p>\u00a0<\/p><p><a href=\"https:\/\/www.roma-sinti-holocaust-memorial-day.eu\/wp-content\/uploads\/2020\/11\/International-Conference-2019-Is-Auschwitz-Only-Sleeping_final-web.pdf\"><img loading=\"lazy\" decoding=\"async\" class=\"alignleft size-full wp-image-4684\" src=\"https:\/\/www.roma-sinti-holocaust-memorial-day.eu\/wp-content\/uploads\/2020\/11\/International-Conference-2019-Is-Auschwitz-Only-Sleeping_final-web-cover-scaled.jpg\" alt=\"\" width=\"1804\" height=\"2560\" srcset=\"https:\/\/www.roma-sinti-holocaust-memorial-day.eu\/wp-content\/uploads\/2020\/11\/International-Conference-2019-Is-Auschwitz-Only-Sleeping_final-web-cover-scaled.jpg 1804w, https:\/\/www.roma-sinti-holocaust-memorial-day.eu\/wp-content\/uploads\/2020\/11\/International-Conference-2019-Is-Auschwitz-Only-Sleeping_final-web-cover-211x300.jpg 211w, https:\/\/www.roma-sinti-holocaust-memorial-day.eu\/wp-content\/uploads\/2020\/11\/International-Conference-2019-Is-Auschwitz-Only-Sleeping_final-web-cover-722x1024.jpg 722w, https:\/\/www.roma-sinti-holocaust-memorial-day.eu\/wp-content\/uploads\/2020\/11\/International-Conference-2019-Is-Auschwitz-Only-Sleeping_final-web-cover-768x1090.jpg 768w, https:\/\/www.roma-sinti-holocaust-memorial-day.eu\/wp-content\/uploads\/2020\/11\/International-Conference-2019-Is-Auschwitz-Only-Sleeping_final-web-cover-1082x1536.jpg 1082w, https:\/\/www.roma-sinti-holocaust-memorial-day.eu\/wp-content\/uploads\/2020\/11\/International-Conference-2019-Is-Auschwitz-Only-Sleeping_final-web-cover-1443x2048.jpg 1443w, https:\/\/www.roma-sinti-holocaust-memorial-day.eu\/wp-content\/uploads\/2020\/11\/International-Conference-2019-Is-Auschwitz-Only-Sleeping_final-web-cover-8x12.jpg 8w\" sizes=\"(max-width: 1804px) 100vw, 1804px\" \/><\/a><\/p>\t\t\t\t\t\t\t\t<\/div>\n\t\t\t\t<\/div>\n\t\t\t\t\t<\/div>\n\t\t<\/div>\n\t\t\t\t\t<\/div>\n\t\t<\/section>\n\t\t\t\t<section class=\"elementor-section elementor-inner-section elementor-element elementor-element-749fd12 elementor-section-boxed elementor-section-height-default elementor-section-height-default\" data-id=\"749fd12\" data-element_type=\"section\" data-e-type=\"section\">\n\t\t\t\t\t\t<div class=\"elementor-container elementor-column-gap-default\">\n\t\t\t\t\t<div class=\"elementor-column elementor-col-100 elementor-inner-column elementor-element elementor-element-44b2b67\" data-id=\"44b2b67\" data-element_type=\"column\" data-e-type=\"column\">\n\t\t\t<div class=\"elementor-widget-wrap elementor-element-populated\">\n\t\t\t\t\t\t<div class=\"elementor-element elementor-element-cd947d5 elementor-widget elementor-widget-gallery\" data-id=\"cd947d5\" data-element_type=\"widget\" data-e-type=\"widget\" data-settings=\"{&quot;lazyload&quot;:&quot;yes&quot;,&quot;gallery_layout&quot;:&quot;grid&quot;,&quot;columns&quot;:4,&quot;columns_tablet&quot;:2,&quot;columns_mobile&quot;:1,&quot;gap&quot;:{&quot;unit&quot;:&quot;px&quot;,&quot;size&quot;:10,&quot;sizes&quot;:[]},&quot;gap_tablet&quot;:{&quot;unit&quot;:&quot;px&quot;,&quot;size&quot;:10,&quot;sizes&quot;:[]},&quot;gap_mobile&quot;:{&quot;unit&quot;:&quot;px&quot;,&quot;size&quot;:10,&quot;sizes&quot;:[]},&quot;link_to&quot;:&quot;file&quot;,&quot;aspect_ratio&quot;:&quot;3:2&quot;,&quot;overlay_background&quot;:&quot;yes&quot;,&quot;content_hover_animation&quot;:&quot;fade-in&quot;}\" data-widget_type=\"gallery.default\">\n\t\t\t\t<div class=\"elementor-widget-container\">\n\t\t\t\t\t\t\t<div class=\"elementor-gallery__container\">\n\t\t\t\t\t\t\t<a class=\"e-gallery-item elementor-gallery-item elementor-animated-content\" href=\"https:\/\/www.roma-sinti-holocaust-memorial-day.eu\/wp-content\/uploads\/2020\/07\/plakat-wystawa_A0_v1_Page_2-scaled.jpg\" data-elementor-open-lightbox=\"yes\" data-elementor-lightbox-slideshow=\"cd947d5\" data-elementor-lightbox-title=\"Exhibition &quot;Tears of Gold&quot;\" data-e-action-hash=\"#elementor-action%3Aaction%3Dlightbox%26settings%3DeyJpZCI6MjEwOCwidXJsIjoiaHR0cHM6XC9cL3d3dy5yb21hLXNpbnRpLWhvbG9jYXVzdC1tZW1vcmlhbC1kYXkuZXVcL3dwLWNvbnRlbnRcL3VwbG9hZHNcLzIwMjBcLzA3XC9wbGFrYXQtd3lzdGF3YV9BMF92MV9QYWdlXzItc2NhbGVkLmpwZyIsInNsaWRlc2hvdyI6ImNkOTQ3ZDUifQ%3D%3D\">\n\t\t\t\t\t<div class=\"e-gallery-image elementor-gallery-item__image\" data-thumbnail=\"https:\/\/www.roma-sinti-holocaust-memorial-day.eu\/wp-content\/uploads\/2020\/07\/plakat-wystawa_A0_v1_Page_2-724x1024.jpg\" data-width=\"724\" data-height=\"1024\" aria-label=\"\" role=\"img\" ><\/div>\n\t\t\t\t\t\t\t\t\t\t\t<div class=\"elementor-gallery-item__overlay\"><\/div>\n\t\t\t\t\t\t\t\t\t\t\t\t\t\t<\/a>\n\t\t\t\t\t\t\t<a class=\"e-gallery-item elementor-gallery-item elementor-animated-content\" href=\"https:\/\/www.roma-sinti-holocaust-memorial-day.eu\/wp-content\/uploads\/2020\/07\/A5A6023-750x500-1.jpeg\" data-elementor-open-lightbox=\"yes\" data-elementor-lightbox-slideshow=\"cd947d5\" data-elementor-lightbox-title=\"Exhibition opening &quot;Tears of Gold&quot;\" data-elementor-lightbox-description=\"Copyright: Jakub Krizo \/ Dikh He Na Bister\" data-e-action-hash=\"#elementor-action%3Aaction%3Dlightbox%26settings%3DeyJpZCI6MjEzOSwidXJsIjoiaHR0cHM6XC9cL3d3dy5yb21hLXNpbnRpLWhvbG9jYXVzdC1tZW1vcmlhbC1kYXkuZXVcL3dwLWNvbnRlbnRcL3VwbG9hZHNcLzIwMjBcLzA3XC9BNUE2MDIzLTc1MHg1MDAtMS5qcGVnIiwic2xpZGVzaG93IjoiY2Q5NDdkNSJ9\">\n\t\t\t\t\t<div class=\"e-gallery-image elementor-gallery-item__image\" data-thumbnail=\"https:\/\/www.roma-sinti-holocaust-memorial-day.eu\/wp-content\/uploads\/2020\/07\/A5A6023-750x500-1.jpeg\" data-width=\"750\" data-height=\"500\" aria-label=\"\" role=\"img\" ><\/div>\n\t\t\t\t\t\t\t\t\t\t\t<div class=\"elementor-gallery-item__overlay\"><\/div>\n\t\t\t\t\t\t\t\t\t\t\t\t\t\t<\/a>\n\t\t\t\t\t\t\t<a class=\"e-gallery-item elementor-gallery-item elementor-animated-content\" href=\"https:\/\/www.roma-sinti-holocaust-memorial-day.eu\/wp-content\/uploads\/2020\/07\/A5A5972-750x500-1.jpeg\" data-elementor-open-lightbox=\"yes\" data-elementor-lightbox-slideshow=\"cd947d5\" data-elementor-lightbox-title=\"Performance  \u201cAlurican\u2026\u201d by Bogumi\u0142a Delimata ad Cristo Osorio\" data-elementor-lightbox-description=\"Copyright: Jakub Krizo \/ Dikh He Na Bister\" data-e-action-hash=\"#elementor-action%3Aaction%3Dlightbox%26settings%3DeyJpZCI6MjEzOCwidXJsIjoiaHR0cHM6XC9cL3d3dy5yb21hLXNpbnRpLWhvbG9jYXVzdC1tZW1vcmlhbC1kYXkuZXVcL3dwLWNvbnRlbnRcL3VwbG9hZHNcLzIwMjBcLzA3XC9BNUE1OTcyLTc1MHg1MDAtMS5qcGVnIiwic2xpZGVzaG93IjoiY2Q5NDdkNSJ9\">\n\t\t\t\t\t<div class=\"e-gallery-image elementor-gallery-item__image\" data-thumbnail=\"https:\/\/www.roma-sinti-holocaust-memorial-day.eu\/wp-content\/uploads\/2020\/07\/A5A5972-750x500-1.jpeg\" data-width=\"750\" data-height=\"500\" aria-label=\"\" role=\"img\" ><\/div>\n\t\t\t\t\t\t\t\t\t\t\t<div class=\"elementor-gallery-item__overlay\"><\/div>\n\t\t\t\t\t\t\t\t\t\t\t\t\t\t<\/a>\n\t\t\t\t\t\t\t<a class=\"e-gallery-item elementor-gallery-item elementor-animated-content\" href=\"https:\/\/www.roma-sinti-holocaust-memorial-day.eu\/wp-content\/uploads\/2020\/07\/A5A5957-e1565007488722-500x750-1.jpeg\" data-elementor-open-lightbox=\"yes\" data-elementor-lightbox-slideshow=\"cd947d5\" data-elementor-lightbox-title=\"Performance  \u201cAlurican\u2026\u201d by Bogumi\u0142a Delimata ad Cristo Osorio\" data-elementor-lightbox-description=\"Copyright: Jakub Krizo \/ Dikh He Na Bister\" data-e-action-hash=\"#elementor-action%3Aaction%3Dlightbox%26settings%3DeyJpZCI6MjEzNywidXJsIjoiaHR0cHM6XC9cL3d3dy5yb21hLXNpbnRpLWhvbG9jYXVzdC1tZW1vcmlhbC1kYXkuZXVcL3dwLWNvbnRlbnRcL3VwbG9hZHNcLzIwMjBcLzA3XC9BNUE1OTU3LWUxNTY1MDA3NDg4NzIyLTUwMHg3NTAtMS5qcGVnIiwic2xpZGVzaG93IjoiY2Q5NDdkNSJ9\">\n\t\t\t\t\t<div class=\"e-gallery-image elementor-gallery-item__image\" data-thumbnail=\"https:\/\/www.roma-sinti-holocaust-memorial-day.eu\/wp-content\/uploads\/2020\/07\/A5A5957-e1565007488722-500x750-1.jpeg\" data-width=\"500\" data-height=\"750\" aria-label=\"\" role=\"img\" ><\/div>\n\t\t\t\t\t\t\t\t\t\t\t<div class=\"elementor-gallery-item__overlay\"><\/div>\n\t\t\t\t\t\t\t\t\t\t\t\t\t\t<\/a>\n\t\t\t\t\t\t\t<a class=\"e-gallery-item elementor-gallery-item elementor-animated-content\" href=\"https:\/\/www.roma-sinti-holocaust-memorial-day.eu\/wp-content\/uploads\/2020\/07\/4U2A6048-750x500-1.jpg\" data-elementor-open-lightbox=\"yes\" data-elementor-lightbox-slideshow=\"cd947d5\" data-elementor-lightbox-title=\"Exhibition opening &quot;Tears of Gold&quot;\" data-elementor-lightbox-description=\"Photo: Jarek Praszkiewicz \/ Documentation and Cultural Centre of German Sinti and Roma\" data-e-action-hash=\"#elementor-action%3Aaction%3Dlightbox%26settings%3DeyJpZCI6MjEzNCwidXJsIjoiaHR0cHM6XC9cL3d3dy5yb21hLXNpbnRpLWhvbG9jYXVzdC1tZW1vcmlhbC1kYXkuZXVcL3dwLWNvbnRlbnRcL3VwbG9hZHNcLzIwMjBcLzA3XC80VTJBNjA0OC03NTB4NTAwLTEuanBnIiwic2xpZGVzaG93IjoiY2Q5NDdkNSJ9\">\n\t\t\t\t\t<div class=\"e-gallery-image elementor-gallery-item__image\" data-thumbnail=\"https:\/\/www.roma-sinti-holocaust-memorial-day.eu\/wp-content\/uploads\/2020\/07\/4U2A6048-750x500-1.jpg\" data-width=\"750\" data-height=\"500\" aria-label=\"\" role=\"img\" ><\/div>\n\t\t\t\t\t\t\t\t\t\t\t<div class=\"elementor-gallery-item__overlay\"><\/div>\n\t\t\t\t\t\t\t\t\t\t\t\t\t\t<\/a>\n\t\t\t\t\t\t\t<a class=\"e-gallery-item elementor-gallery-item elementor-animated-content\" href=\"https:\/\/www.roma-sinti-holocaust-memorial-day.eu\/wp-content\/uploads\/2020\/07\/4U2A6097-750x500-1.jpg\" data-elementor-open-lightbox=\"yes\" data-elementor-lightbox-slideshow=\"cd947d5\" data-elementor-lightbox-title=\"Exhibition opening &quot;Tears of Gold&quot;\" data-elementor-lightbox-description=\"Photo: Jarek Praszkiewicz \/ Documentation and Cultural Centre of German Sinti and Roma\" data-e-action-hash=\"#elementor-action%3Aaction%3Dlightbox%26settings%3DeyJpZCI6MjEzNSwidXJsIjoiaHR0cHM6XC9cL3d3dy5yb21hLXNpbnRpLWhvbG9jYXVzdC1tZW1vcmlhbC1kYXkuZXVcL3dwLWNvbnRlbnRcL3VwbG9hZHNcLzIwMjBcLzA3XC80VTJBNjA5Ny03NTB4NTAwLTEuanBnIiwic2xpZGVzaG93IjoiY2Q5NDdkNSJ9\">\n\t\t\t\t\t<div class=\"e-gallery-image elementor-gallery-item__image\" data-thumbnail=\"https:\/\/www.roma-sinti-holocaust-memorial-day.eu\/wp-content\/uploads\/2020\/07\/4U2A6097-750x500-1.jpg\" data-width=\"750\" data-height=\"500\" aria-label=\"\" role=\"img\" ><\/div>\n\t\t\t\t\t\t\t\t\t\t\t<div class=\"elementor-gallery-item__overlay\"><\/div>\n\t\t\t\t\t\t\t\t\t\t\t\t\t\t<\/a>\n\t\t\t\t\t\t\t<a class=\"e-gallery-item elementor-gallery-item elementor-animated-content\" href=\"https:\/\/www.roma-sinti-holocaust-memorial-day.eu\/wp-content\/uploads\/2020\/07\/4U2A6143-750x500-1.jpg\" data-elementor-open-lightbox=\"yes\" data-elementor-lightbox-slideshow=\"cd947d5\" data-elementor-lightbox-title=\"Exhibition opening &quot;Tears of Gold&quot;\" data-elementor-lightbox-description=\"Photo: Jarek Praszkiewicz \/ Documentation and Cultural Centre of German Sinti and Roma\" data-e-action-hash=\"#elementor-action%3Aaction%3Dlightbox%26settings%3DeyJpZCI6MjEzNiwidXJsIjoiaHR0cHM6XC9cL3d3dy5yb21hLXNpbnRpLWhvbG9jYXVzdC1tZW1vcmlhbC1kYXkuZXVcL3dwLWNvbnRlbnRcL3VwbG9hZHNcLzIwMjBcLzA3XC80VTJBNjE0My03NTB4NTAwLTEuanBnIiwic2xpZGVzaG93IjoiY2Q5NDdkNSJ9\">\n\t\t\t\t\t<div class=\"e-gallery-image elementor-gallery-item__image\" data-thumbnail=\"https:\/\/www.roma-sinti-holocaust-memorial-day.eu\/wp-content\/uploads\/2020\/07\/4U2A6143-750x500-1.jpg\" data-width=\"750\" data-height=\"500\" aria-label=\"\" role=\"img\" ><\/div>\n\t\t\t\t\t\t\t\t\t\t\t<div class=\"elementor-gallery-item__overlay\"><\/div>\n\t\t\t\t\t\t\t\t\t\t\t\t\t\t<\/a>\n\t\t\t\t\t\t\t<a class=\"e-gallery-item elementor-gallery-item elementor-animated-content\" href=\"https:\/\/www.roma-sinti-holocaust-memorial-day.eu\/wp-content\/uploads\/2020\/07\/International-Conference-2019-Is-Auschwitz-Only-Sleeping_0727_Page_01-scaled.jpg\" data-elementor-open-lightbox=\"yes\" data-elementor-lightbox-slideshow=\"cd947d5\" data-elementor-lightbox-title=\"International Conference 2019 - &quot;Is Auschwitz Only Sleeping?&quot;\" data-e-action-hash=\"#elementor-action%3Aaction%3Dlightbox%26settings%3DeyJpZCI6MjExMCwidXJsIjoiaHR0cHM6XC9cL3d3dy5yb21hLXNpbnRpLWhvbG9jYXVzdC1tZW1vcmlhbC1kYXkuZXVcL3dwLWNvbnRlbnRcL3VwbG9hZHNcLzIwMjBcLzA3XC9JbnRlcm5hdGlvbmFsLUNvbmZlcmVuY2UtMjAxOS1Jcy1BdXNjaHdpdHotT25seS1TbGVlcGluZ18wNzI3X1BhZ2VfMDEtc2NhbGVkLmpwZyIsInNsaWRlc2hvdyI6ImNkOTQ3ZDUifQ%3D%3D\">\n\t\t\t\t\t<div class=\"e-gallery-image elementor-gallery-item__image\" data-thumbnail=\"https:\/\/www.roma-sinti-holocaust-memorial-day.eu\/wp-content\/uploads\/2020\/07\/International-Conference-2019-Is-Auschwitz-Only-Sleeping_0727_Page_01-722x1024.jpg\" data-width=\"722\" data-height=\"1024\" aria-label=\"\" role=\"img\" ><\/div>\n\t\t\t\t\t\t\t\t\t\t\t<div class=\"elementor-gallery-item__overlay\"><\/div>\n\t\t\t\t\t\t\t\t\t\t\t\t\t\t<\/a>\n\t\t\t\t\t<\/div>\n\t\t\t\t\t<\/div>\n\t\t\t\t<\/div>\n\t\t\t\t\t<\/div>\n\t\t<\/div>\n\t\t\t\t\t<\/div>\n\t\t<\/section>\n\t\t\t\t<div class=\"elementor-element elementor-element-2cc9c985 elementor-widget elementor-widget-spacer\" data-id=\"2cc9c985\" data-element_type=\"widget\" data-e-type=\"widget\" data-widget_type=\"spacer.default\">\n\t\t\t\t<div class=\"elementor-widget-container\">\n\t\t\t\t\t\t\t<div class=\"elementor-spacer\">\n\t\t\t<div class=\"elementor-spacer-inner\"><\/div>\n\t\t<\/div>\n\t\t\t\t\t\t<\/div>\n\t\t\t\t<\/div>\n\t\t\t\t<div class=\"elementor-element elementor-element-5ba3bc78 elementor-widget elementor-widget-spacer\" data-id=\"5ba3bc78\" data-element_type=\"widget\" data-e-type=\"widget\" data-widget_type=\"spacer.default\">\n\t\t\t\t<div class=\"elementor-widget-container\">\n\t\t\t\t\t\t\t<div class=\"elementor-spacer\">\n\t\t\t<div class=\"elementor-spacer-inner\"><\/div>\n\t\t<\/div>\n\t\t\t\t\t\t<\/div>\n\t\t\t\t<\/div>\n\t\t\t\t\t<\/div>\n\t\t<\/div>\n\t\t\t\t\t<\/div>\n\t\t<\/section>\n\t\t\t\t<section class=\"elementor-section elementor-top-section elementor-element elementor-element-5b434e8 elementor-section-stretched elementor-section-boxed elementor-section-height-default elementor-section-height-default\" data-id=\"5b434e8\" data-element_type=\"section\" data-e-type=\"section\" data-settings=\"{&quot;stretch_section&quot;:&quot;section-stretched&quot;,&quot;background_background&quot;:&quot;classic&quot;}\">\n\t\t\t\t\t\t<div class=\"elementor-container elementor-column-gap-default\">\n\t\t\t\t\t<div class=\"elementor-column elementor-col-100 elementor-top-column elementor-element elementor-element-51dd7f6\" data-id=\"51dd7f6\" data-element_type=\"column\" data-e-type=\"column\">\n\t\t\t<div class=\"elementor-widget-wrap elementor-element-populated\">\n\t\t\t\t\t\t<div class=\"elementor-element elementor-element-673a95a elementor-widget elementor-widget-heading\" data-id=\"673a95a\" data-element_type=\"widget\" data-e-type=\"widget\" data-widget_type=\"heading.default\">\n\t\t\t\t<div class=\"elementor-widget-container\">\n\t\t\t\t\t<h4 class=\"elementor-heading-title elementor-size-default\">Art and Poetry<\/h4>\t\t\t\t<\/div>\n\t\t\t\t<\/div>\n\t\t\t\t<div class=\"elementor-element elementor-element-085f281 elementor-posts--align-left elementor-grid-5 elementor-grid-tablet-4 elementor-grid-mobile-2 elementor-posts--thumbnail-top elementor-card-shadow-yes elementor-posts__hover-gradient elementor-widget elementor-widget-posts\" data-id=\"085f281\" data-element_type=\"widget\" data-e-type=\"widget\" data-settings=\"{&quot;cards_row_gap&quot;:{&quot;unit&quot;:&quot;px&quot;,&quot;size&quot;:20,&quot;sizes&quot;:[]},&quot;cards_columns&quot;:&quot;5&quot;,&quot;cards_columns_tablet&quot;:&quot;4&quot;,&quot;cards_columns_mobile&quot;:&quot;2&quot;,&quot;cards_row_gap_tablet&quot;:{&quot;unit&quot;:&quot;px&quot;,&quot;size&quot;:&quot;&quot;,&quot;sizes&quot;:[]},&quot;cards_row_gap_mobile&quot;:{&quot;unit&quot;:&quot;px&quot;,&quot;size&quot;:&quot;&quot;,&quot;sizes&quot;:[]}}\" data-widget_type=\"posts.cards\">\n\t\t\t\t<div class=\"elementor-widget-container\">\n\t\t\t\t\t\t\t<div class=\"elementor-posts-container elementor-posts elementor-posts--skin-cards elementor-grid\" role=\"list\">\n\t\t\t\t<article class=\"elementor-post elementor-grid-item post-6258 post type-post status-publish format-standard has-post-thumbnail hentry category-poetry-and-art category-remembrance-through-culture\" role=\"listitem\">\n\t\t\t<div class=\"elementor-post__card\">\n\t\t\t\t<a class=\"elementor-post__thumbnail__link\" href=\"https:\/\/www.roma-sinti-holocaust-memorial-day.eu\/de\/remembrance-through-culture\/eriac-exhibition-no-innocent-landscape-valerie-leray\/\" tabindex=\"-1\" ><div class=\"elementor-post__thumbnail\"><img loading=\"lazy\" decoding=\"async\" width=\"750\" height=\"393\" src=\"https:\/\/www.roma-sinti-holocaust-memorial-day.eu\/wp-content\/uploads\/2021\/08\/poster-fb-event-750x393-1.jpg\" class=\"attachment-full size-full wp-image-11090\" alt=\"\" srcset=\"https:\/\/www.roma-sinti-holocaust-memorial-day.eu\/wp-content\/uploads\/2021\/08\/poster-fb-event-750x393-1.jpg 750w, https:\/\/www.roma-sinti-holocaust-memorial-day.eu\/wp-content\/uploads\/2021\/08\/poster-fb-event-750x393-1-300x157.jpg 300w, https:\/\/www.roma-sinti-holocaust-memorial-day.eu\/wp-content\/uploads\/2021\/08\/poster-fb-event-750x393-1-18x9.jpg 18w\" sizes=\"(max-width: 750px) 100vw, 750px\" \/><\/div><\/a>\n\t\t\t\t<div class=\"elementor-post__text\">\n\t\t\t\t<h2 class=\"elementor-post__title\">\n\t\t\t<a href=\"https:\/\/www.roma-sinti-holocaust-memorial-day.eu\/de\/remembrance-through-culture\/eriac-exhibition-no-innocent-landscape-valerie-leray\/\" >\n\t\t\t\tKEINE UNSCHULDIGE LANDSCHAFT - VAL\u00c9RIE LERAY\t\t\t<\/a>\n\t\t<\/h2>\n\t\t\t\t<div class=\"elementor-post__excerpt\">\n\t\t\t<p>NO INNOCENT LANDSCAPE<br \/>\nVal\u00e9rie Leray solo exhibition<br \/>\n02.08 \u2013 29.10.2021<\/p>\n\t\t<\/div>\n\t\t\t\t<\/div>\n\t\t\t\t\t<\/div>\n\t\t<\/article>\n\t\t\t\t<article class=\"elementor-post elementor-grid-item post-2115 post type-post status-publish format-standard has-post-thumbnail hentry category-poetry-and-art category-remembrance\" role=\"listitem\">\n\t\t\t<div class=\"elementor-post__card\">\n\t\t\t\t<a class=\"elementor-post__thumbnail__link\" href=\"https:\/\/www.roma-sinti-holocaust-memorial-day.eu\/de\/remembrance\/exhibition-tears-of-gold\/\" tabindex=\"-1\" ><div class=\"elementor-post__thumbnail\"><img loading=\"lazy\" decoding=\"async\" width=\"1811\" height=\"2560\" src=\"https:\/\/www.roma-sinti-holocaust-memorial-day.eu\/wp-content\/uploads\/2020\/07\/plakat-wystawa_A0_v1_Page_2-scaled.jpg\" class=\"attachment-full size-full wp-image-2108\" alt=\"\" srcset=\"https:\/\/www.roma-sinti-holocaust-memorial-day.eu\/wp-content\/uploads\/2020\/07\/plakat-wystawa_A0_v1_Page_2-scaled.jpg 1811w, https:\/\/www.roma-sinti-holocaust-memorial-day.eu\/wp-content\/uploads\/2020\/07\/plakat-wystawa_A0_v1_Page_2-212x300.jpg 212w, https:\/\/www.roma-sinti-holocaust-memorial-day.eu\/wp-content\/uploads\/2020\/07\/plakat-wystawa_A0_v1_Page_2-724x1024.jpg 724w, https:\/\/www.roma-sinti-holocaust-memorial-day.eu\/wp-content\/uploads\/2020\/07\/plakat-wystawa_A0_v1_Page_2-768x1086.jpg 768w, https:\/\/www.roma-sinti-holocaust-memorial-day.eu\/wp-content\/uploads\/2020\/07\/plakat-wystawa_A0_v1_Page_2-1087x1536.jpg 1087w, https:\/\/www.roma-sinti-holocaust-memorial-day.eu\/wp-content\/uploads\/2020\/07\/plakat-wystawa_A0_v1_Page_2-1449x2048.jpg 1449w\" sizes=\"(max-width: 1811px) 100vw, 1811px\" \/><\/div><\/a>\n\t\t\t\t<div class=\"elementor-post__text\">\n\t\t\t\t<h2 class=\"elementor-post__title\">\n\t\t\t<a href=\"https:\/\/www.roma-sinti-holocaust-memorial-day.eu\/de\/remembrance\/exhibition-tears-of-gold\/\" >\n\t\t\t\tAusstellung \u201eTr\u00e4nen aus Gold\u201c\t\t\t<\/a>\n\t\t<\/h2>\n\t\t\t\t<div class=\"elementor-post__excerpt\">\n\t\t\t<p>Anl\u00e4sslich des 75. Jahrestages des 2. August 1944 - dem europ\u00e4ischen Holocaust-Gedenktag der Sinti und Roma<\/p>\n\t\t<\/div>\n\t\t\t\t<\/div>\n\t\t\t\t\t<\/div>\n\t\t<\/article>\n\t\t\t\t<article class=\"elementor-post elementor-grid-item post-3721 post type-post status-publish format-standard has-post-thumbnail hentry category-poetry-and-art category-remembrance\" role=\"listitem\">\n\t\t\t<div class=\"elementor-post__card\">\n\t\t\t\t<a class=\"elementor-post__thumbnail__link\" href=\"https:\/\/www.roma-sinti-holocaust-memorial-day.eu\/de\/remembrance\/porrajmos-a-silenced-genocide\/\" tabindex=\"-1\" ><div class=\"elementor-post__thumbnail\"><img loading=\"lazy\" decoding=\"async\" width=\"731\" height=\"1032\" src=\"https:\/\/www.roma-sinti-holocaust-memorial-day.eu\/wp-content\/uploads\/2020\/08\/Kachel_letter.jpg\" class=\"attachment-full size-full wp-image-3722\" alt=\"\" srcset=\"https:\/\/www.roma-sinti-holocaust-memorial-day.eu\/wp-content\/uploads\/2020\/08\/Kachel_letter.jpg 731w, https:\/\/www.roma-sinti-holocaust-memorial-day.eu\/wp-content\/uploads\/2020\/08\/Kachel_letter-213x300.jpg 213w, https:\/\/www.roma-sinti-holocaust-memorial-day.eu\/wp-content\/uploads\/2020\/08\/Kachel_letter-725x1024.jpg 725w\" sizes=\"(max-width: 731px) 100vw, 731px\" \/><\/div><\/a>\n\t\t\t\t<div class=\"elementor-post__text\">\n\t\t\t\t<h2 class=\"elementor-post__title\">\n\t\t\t<a href=\"https:\/\/www.roma-sinti-holocaust-memorial-day.eu\/de\/remembrance\/porrajmos-a-silenced-genocide\/\" >\n\t\t\t\tPorrajamos. Ein stiller Genozid\t\t\t<\/a>\n\t\t<\/h2>\n\t\t\t\t<div class=\"elementor-post__excerpt\">\n\t\t\t<p>Eine Dramatisierung von Margarete Bambergers Brief aus dem Vernichtungslager Auschwitz-Birkenau von Rromane Sikl\u01d2vne<\/p>\n\t\t<\/div>\n\t\t\t\t<\/div>\n\t\t\t\t\t<\/div>\n\t\t<\/article>\n\t\t\t\t<\/div>\n\t\t\n\t\t\t\t\t\t<\/div>\n\t\t\t\t<\/div>\n\t\t\t\t<div class=\"elementor-element elementor-element-8a7658b elementor-widget elementor-widget-spacer\" data-id=\"8a7658b\" data-element_type=\"widget\" data-e-type=\"widget\" data-widget_type=\"spacer.default\">\n\t\t\t\t<div class=\"elementor-widget-container\">\n\t\t\t\t\t\t\t<div class=\"elementor-spacer\">\n\t\t\t<div class=\"elementor-spacer-inner\"><\/div>\n\t\t<\/div>\n\t\t\t\t\t\t<\/div>\n\t\t\t\t<\/div>\n\t\t\t\t\t<\/div>\n\t\t<\/div>\n\t\t\t\t\t<\/div>\n\t\t<\/section>\n\t\t\t\t<\/div>","protected":false},"excerpt":{"rendered":"<p>Anl\u00e4sslich des 75. Jahrestages des 2. August 1944 - dem europ\u00e4ischen Holocaust-Gedenktag der Sinti und Roma<\/p>","protected":false},"author":5,"featured_media":2108,"comment_status":"closed","ping_status":"closed","sticky":false,"template":"","format":"standard","meta":{"_monsterinsights_skip_tracking":false,"_monsterinsights_sitenote_active":false,"_monsterinsights_sitenote_note":"","_monsterinsights_sitenote_category":0,"site-sidebar-layout":"default","site-content-layout":"default","ast-site-content-layout":"default","site-content-style":"default","site-sidebar-style":"default","ast-global-header-display":"","ast-banner-title-visibility":"","ast-main-header-display":"","ast-hfb-above-header-display":"","ast-hfb-below-header-display":"","ast-hfb-mobile-header-display":"","site-post-title":"","ast-breadcrumbs-content":"","ast-featured-img":"","footer-sml-layout":"","ast-disable-related-posts":"","theme-transparent-header-meta":"default","adv-header-id-meta":"","stick-header-meta":"","header-above-stick-meta":"","header-main-stick-meta":"","header-below-stick-meta":"","astra-migrate-meta-layouts":"default","ast-page-background-enabled":"default","ast-page-background-meta":{"desktop":{"background-color":"","background-image":"","background-repeat":"repeat","background-position":"center center","background-size":"auto","background-attachment":"scroll","background-type":"","background-media":"","overlay-type":"","overlay-color":"","overlay-opacity":"","overlay-gradient":""},"tablet":{"background-color":"","background-image":"","background-repeat":"repeat","background-position":"center center","background-size":"auto","background-attachment":"scroll","background-type":"","background-media":"","overlay-type":"","overlay-color":"","overlay-opacity":"","overlay-gradient":""},"mobile":{"background-color":"","background-image":"","background-repeat":"repeat","background-position":"center center","background-size":"auto","background-attachment":"scroll","background-type":"","background-media":"","overlay-type":"","overlay-color":"","overlay-opacity":"","overlay-gradient":""}},"ast-content-background-meta":{"desktop":{"background-color":"var(--ast-global-color-5)","background-image":"","background-repeat":"repeat","background-position":"center center","background-size":"auto","background-attachment":"scroll","background-type":"","background-media":"","overlay-type":"","overlay-color":"","overlay-opacity":"","overlay-gradient":""},"tablet":{"background-color":"var(--ast-global-color-5)","background-image":"","background-repeat":"repeat","background-position":"center center","background-size":"auto","background-attachment":"scroll","background-type":"","background-media":"","overlay-type":"","overlay-color":"","overlay-opacity":"","overlay-gradient":""},"mobile":{"background-color":"var(--ast-global-color-5)","background-image":"","background-repeat":"repeat","background-position":"center center","background-size":"auto","background-attachment":"scroll","background-type":"","background-media":"","overlay-type":"","overlay-color":"","overlay-opacity":"","overlay-gradient":""}},"footnotes":""},"categories":[50,28],"tags":[],"class_list":["post-2115","post","type-post","status-publish","format-standard","has-post-thumbnail","hentry","category-poetry-and-art","category-remembrance"],"yoast_head":"<!-- This site is optimized with the Yoast SEO plugin v27.4 - https:\/\/yoast.com\/product\/yoast-seo-wordpress\/ -->\n<title>Exhibition &quot;Tears of Gold&quot; - European Holocaust Memorial Day for Sinti und Roma<\/title>\n<meta name=\"robots\" content=\"index, follow, max-snippet:-1, max-image-preview:large, max-video-preview:-1\" \/>\n<link rel=\"canonical\" href=\"https:\/\/www.roma-sinti-holocaust-memorial-day.eu\/de\/remembrance\/exhibition-tears-of-gold\/\" \/>\n<meta property=\"og:locale\" content=\"de_DE\" \/>\n<meta property=\"og:type\" content=\"article\" \/>\n<meta property=\"og:title\" content=\"Exhibition &quot;Tears of Gold&quot; - European Holocaust Memorial Day for Sinti und Roma\" \/>\n<meta property=\"og:description\" content=\"Exhibition on the occasion of the 75th anniversary of 2 August \u2013 European Holocaust Memorial Day for Sinti and Roma 2019\" \/>\n<meta property=\"og:url\" content=\"https:\/\/www.roma-sinti-holocaust-memorial-day.eu\/de\/remembrance\/exhibition-tears-of-gold\/\" \/>\n<meta property=\"og:site_name\" content=\"European Holocaust Memorial Day for Sinti und Roma\" \/>\n<meta property=\"article:published_time\" content=\"2020-07-27T07:53:25+00:00\" \/>\n<meta property=\"article:modified_time\" content=\"2024-07-10T12:23:09+00:00\" \/>\n<meta property=\"og:image\" content=\"https:\/\/www.roma-sinti-holocaust-memorial-day.eu\/wp-content\/uploads\/2020\/07\/plakat-wystawa_A0_v1_Page_2-scaled.jpg\" \/>\n\t<meta property=\"og:image:width\" content=\"1811\" \/>\n\t<meta property=\"og:image:height\" content=\"2560\" \/>\n\t<meta property=\"og:image:type\" content=\"image\/jpeg\" \/>\n<meta name=\"author\" content=\"Jonathan Mack\" \/>\n<meta name=\"twitter:card\" content=\"summary_large_image\" \/>\n<meta name=\"twitter:label1\" content=\"Verfasst von\" \/>\n\t<meta name=\"twitter:data1\" content=\"Jonathan Mack\" \/>\n\t<meta name=\"twitter:label2\" content=\"Gesch\u00e4tzte Lesezeit\" \/>\n\t<meta name=\"twitter:data2\" content=\"6\u00a0Minuten\" \/>\n<script type=\"application\/ld+json\" class=\"yoast-schema-graph\">{\"@context\":\"https:\\\/\\\/schema.org\",\"@graph\":[{\"@type\":\"Article\",\"@id\":\"https:\\\/\\\/www.roma-sinti-holocaust-memorial-day.eu\\\/remembrance\\\/exhibition-tears-of-gold\\\/#article\",\"isPartOf\":{\"@id\":\"https:\\\/\\\/www.roma-sinti-holocaust-memorial-day.eu\\\/remembrance\\\/exhibition-tears-of-gold\\\/\"},\"author\":{\"name\":\"Jonathan Mack\",\"@id\":\"https:\\\/\\\/www.roma-sinti-holocaust-memorial-day.eu\\\/#\\\/schema\\\/person\\\/e3f1699bad579ca90db4d872cce66959\"},\"headline\":\"Exhibition &#8220;Tears of Gold&#8221;\",\"datePublished\":\"2020-07-27T07:53:25+00:00\",\"dateModified\":\"2024-07-10T12:23:09+00:00\",\"mainEntityOfPage\":{\"@id\":\"https:\\\/\\\/www.roma-sinti-holocaust-memorial-day.eu\\\/remembrance\\\/exhibition-tears-of-gold\\\/\"},\"wordCount\":691,\"publisher\":{\"@id\":\"https:\\\/\\\/www.roma-sinti-holocaust-memorial-day.eu\\\/#organization\"},\"image\":{\"@id\":\"https:\\\/\\\/www.roma-sinti-holocaust-memorial-day.eu\\\/remembrance\\\/exhibition-tears-of-gold\\\/#primaryimage\"},\"thumbnailUrl\":\"https:\\\/\\\/www.roma-sinti-holocaust-memorial-day.eu\\\/wp-content\\\/uploads\\\/2020\\\/07\\\/plakat-wystawa_A0_v1_Page_2-scaled.jpg\",\"articleSection\":[\"Poetry and Art\",\"Remembrance\"],\"inLanguage\":\"de\"},{\"@type\":\"WebPage\",\"@id\":\"https:\\\/\\\/www.roma-sinti-holocaust-memorial-day.eu\\\/remembrance\\\/exhibition-tears-of-gold\\\/\",\"url\":\"https:\\\/\\\/www.roma-sinti-holocaust-memorial-day.eu\\\/remembrance\\\/exhibition-tears-of-gold\\\/\",\"name\":\"Exhibition \\\"Tears of Gold\\\" - European Holocaust Memorial Day for Sinti und Roma\",\"isPartOf\":{\"@id\":\"https:\\\/\\\/www.roma-sinti-holocaust-memorial-day.eu\\\/#website\"},\"primaryImageOfPage\":{\"@id\":\"https:\\\/\\\/www.roma-sinti-holocaust-memorial-day.eu\\\/remembrance\\\/exhibition-tears-of-gold\\\/#primaryimage\"},\"image\":{\"@id\":\"https:\\\/\\\/www.roma-sinti-holocaust-memorial-day.eu\\\/remembrance\\\/exhibition-tears-of-gold\\\/#primaryimage\"},\"thumbnailUrl\":\"https:\\\/\\\/www.roma-sinti-holocaust-memorial-day.eu\\\/wp-content\\\/uploads\\\/2020\\\/07\\\/plakat-wystawa_A0_v1_Page_2-scaled.jpg\",\"datePublished\":\"2020-07-27T07:53:25+00:00\",\"dateModified\":\"2024-07-10T12:23:09+00:00\",\"breadcrumb\":{\"@id\":\"https:\\\/\\\/www.roma-sinti-holocaust-memorial-day.eu\\\/remembrance\\\/exhibition-tears-of-gold\\\/#breadcrumb\"},\"inLanguage\":\"de\",\"potentialAction\":[{\"@type\":\"ReadAction\",\"target\":[\"https:\\\/\\\/www.roma-sinti-holocaust-memorial-day.eu\\\/remembrance\\\/exhibition-tears-of-gold\\\/\"]}]},{\"@type\":\"ImageObject\",\"inLanguage\":\"de\",\"@id\":\"https:\\\/\\\/www.roma-sinti-holocaust-memorial-day.eu\\\/remembrance\\\/exhibition-tears-of-gold\\\/#primaryimage\",\"url\":\"https:\\\/\\\/www.roma-sinti-holocaust-memorial-day.eu\\\/wp-content\\\/uploads\\\/2020\\\/07\\\/plakat-wystawa_A0_v1_Page_2-scaled.jpg\",\"contentUrl\":\"https:\\\/\\\/www.roma-sinti-holocaust-memorial-day.eu\\\/wp-content\\\/uploads\\\/2020\\\/07\\\/plakat-wystawa_A0_v1_Page_2-scaled.jpg\",\"width\":1811,\"height\":2560},{\"@type\":\"BreadcrumbList\",\"@id\":\"https:\\\/\\\/www.roma-sinti-holocaust-memorial-day.eu\\\/remembrance\\\/exhibition-tears-of-gold\\\/#breadcrumb\",\"itemListElement\":[{\"@type\":\"ListItem\",\"position\":1,\"name\":\"Home\",\"item\":\"https:\\\/\\\/www.roma-sinti-holocaust-memorial-day.eu\\\/\"},{\"@type\":\"ListItem\",\"position\":2,\"name\":\"Exhibition &#8220;Tears of Gold&#8221;\"}]},{\"@type\":\"WebSite\",\"@id\":\"https:\\\/\\\/www.roma-sinti-holocaust-memorial-day.eu\\\/#website\",\"url\":\"https:\\\/\\\/www.roma-sinti-holocaust-memorial-day.eu\\\/\",\"name\":\"European Holocaust Memorial Day for Sinti und Roma\",\"description\":\"\",\"publisher\":{\"@id\":\"https:\\\/\\\/www.roma-sinti-holocaust-memorial-day.eu\\\/#organization\"},\"potentialAction\":[{\"@type\":\"SearchAction\",\"target\":{\"@type\":\"EntryPoint\",\"urlTemplate\":\"https:\\\/\\\/www.roma-sinti-holocaust-memorial-day.eu\\\/?s={search_term_string}\"},\"query-input\":{\"@type\":\"PropertyValueSpecification\",\"valueRequired\":true,\"valueName\":\"search_term_string\"}}],\"inLanguage\":\"de\"},{\"@type\":\"Organization\",\"@id\":\"https:\\\/\\\/www.roma-sinti-holocaust-memorial-day.eu\\\/#organization\",\"name\":\"European Holocaust Memorial Day for Sinti und Roma\",\"url\":\"https:\\\/\\\/www.roma-sinti-holocaust-memorial-day.eu\\\/\",\"logo\":{\"@type\":\"ImageObject\",\"inLanguage\":\"de\",\"@id\":\"https:\\\/\\\/www.roma-sinti-holocaust-memorial-day.eu\\\/#\\\/schema\\\/logo\\\/image\\\/\",\"url\":\"https:\\\/\\\/www.roma-sinti-holocaust-memorial-day.eu\\\/wp-content\\\/uploads\\\/2020\\\/06\\\/en-logo-2020-europaeischer-holocaust-gedenktag-f\u00fcr-sinti-und-roma_gelb.svg\",\"contentUrl\":\"https:\\\/\\\/www.roma-sinti-holocaust-memorial-day.eu\\\/wp-content\\\/uploads\\\/2020\\\/06\\\/en-logo-2020-europaeischer-holocaust-gedenktag-f\u00fcr-sinti-und-roma_gelb.svg\",\"caption\":\"European Holocaust Memorial Day for Sinti und Roma\"},\"image\":{\"@id\":\"https:\\\/\\\/www.roma-sinti-holocaust-memorial-day.eu\\\/#\\\/schema\\\/logo\\\/image\\\/\"}},{\"@type\":\"Person\",\"@id\":\"https:\\\/\\\/www.roma-sinti-holocaust-memorial-day.eu\\\/#\\\/schema\\\/person\\\/e3f1699bad579ca90db4d872cce66959\",\"name\":\"Jonathan Mack\",\"image\":{\"@type\":\"ImageObject\",\"inLanguage\":\"de\",\"@id\":\"https:\\\/\\\/secure.gravatar.com\\\/avatar\\\/8001f1305d4df01b03b7f18a7094807ff4834f30326f87ed5f4d1a1d3e93a85c?s=96&d=mm&r=g\",\"url\":\"https:\\\/\\\/secure.gravatar.com\\\/avatar\\\/8001f1305d4df01b03b7f18a7094807ff4834f30326f87ed5f4d1a1d3e93a85c?s=96&d=mm&r=g\",\"contentUrl\":\"https:\\\/\\\/secure.gravatar.com\\\/avatar\\\/8001f1305d4df01b03b7f18a7094807ff4834f30326f87ed5f4d1a1d3e93a85c?s=96&d=mm&r=g\",\"caption\":\"Jonathan Mack\"},\"url\":\"https:\\\/\\\/www.roma-sinti-holocaust-memorial-day.eu\\\/de\\\/author\\\/jonathan\\\/\"}]}<\/script>\n<!-- \/ Yoast SEO plugin. -->","yoast_head_json":{"title":"Exhibition \"Tears of Gold\" - European Holocaust Memorial Day for Sinti und Roma","robots":{"index":"index","follow":"follow","max-snippet":"max-snippet:-1","max-image-preview":"max-image-preview:large","max-video-preview":"max-video-preview:-1"},"canonical":"https:\/\/www.roma-sinti-holocaust-memorial-day.eu\/de\/remembrance\/exhibition-tears-of-gold\/","og_locale":"de_DE","og_type":"article","og_title":"Exhibition \"Tears of Gold\" - European Holocaust Memorial Day for Sinti und Roma","og_description":"Exhibition on the occasion of the 75th anniversary of 2 August \u2013 European Holocaust Memorial Day for Sinti and Roma 2019","og_url":"https:\/\/www.roma-sinti-holocaust-memorial-day.eu\/de\/remembrance\/exhibition-tears-of-gold\/","og_site_name":"European Holocaust Memorial Day for Sinti und Roma","article_published_time":"2020-07-27T07:53:25+00:00","article_modified_time":"2024-07-10T12:23:09+00:00","og_image":[{"width":1811,"height":2560,"url":"https:\/\/www.roma-sinti-holocaust-memorial-day.eu\/wp-content\/uploads\/2020\/07\/plakat-wystawa_A0_v1_Page_2-scaled.jpg","type":"image\/jpeg"}],"author":"Jonathan Mack","twitter_card":"summary_large_image","twitter_misc":{"Verfasst von":"Jonathan Mack","Gesch\u00e4tzte Lesezeit":"6\u00a0Minuten"},"schema":{"@context":"https:\/\/schema.org","@graph":[{"@type":"Article","@id":"https:\/\/www.roma-sinti-holocaust-memorial-day.eu\/remembrance\/exhibition-tears-of-gold\/#article","isPartOf":{"@id":"https:\/\/www.roma-sinti-holocaust-memorial-day.eu\/remembrance\/exhibition-tears-of-gold\/"},"author":{"name":"Jonathan Mack","@id":"https:\/\/www.roma-sinti-holocaust-memorial-day.eu\/#\/schema\/person\/e3f1699bad579ca90db4d872cce66959"},"headline":"Exhibition &#8220;Tears of Gold&#8221;","datePublished":"2020-07-27T07:53:25+00:00","dateModified":"2024-07-10T12:23:09+00:00","mainEntityOfPage":{"@id":"https:\/\/www.roma-sinti-holocaust-memorial-day.eu\/remembrance\/exhibition-tears-of-gold\/"},"wordCount":691,"publisher":{"@id":"https:\/\/www.roma-sinti-holocaust-memorial-day.eu\/#organization"},"image":{"@id":"https:\/\/www.roma-sinti-holocaust-memorial-day.eu\/remembrance\/exhibition-tears-of-gold\/#primaryimage"},"thumbnailUrl":"https:\/\/www.roma-sinti-holocaust-memorial-day.eu\/wp-content\/uploads\/2020\/07\/plakat-wystawa_A0_v1_Page_2-scaled.jpg","articleSection":["Poetry and Art","Remembrance"],"inLanguage":"de"},{"@type":"WebPage","@id":"https:\/\/www.roma-sinti-holocaust-memorial-day.eu\/remembrance\/exhibition-tears-of-gold\/","url":"https:\/\/www.roma-sinti-holocaust-memorial-day.eu\/remembrance\/exhibition-tears-of-gold\/","name":"Exhibition \"Tears of Gold\" - European Holocaust Memorial Day for Sinti und Roma","isPartOf":{"@id":"https:\/\/www.roma-sinti-holocaust-memorial-day.eu\/#website"},"primaryImageOfPage":{"@id":"https:\/\/www.roma-sinti-holocaust-memorial-day.eu\/remembrance\/exhibition-tears-of-gold\/#primaryimage"},"image":{"@id":"https:\/\/www.roma-sinti-holocaust-memorial-day.eu\/remembrance\/exhibition-tears-of-gold\/#primaryimage"},"thumbnailUrl":"https:\/\/www.roma-sinti-holocaust-memorial-day.eu\/wp-content\/uploads\/2020\/07\/plakat-wystawa_A0_v1_Page_2-scaled.jpg","datePublished":"2020-07-27T07:53:25+00:00","dateModified":"2024-07-10T12:23:09+00:00","breadcrumb":{"@id":"https:\/\/www.roma-sinti-holocaust-memorial-day.eu\/remembrance\/exhibition-tears-of-gold\/#breadcrumb"},"inLanguage":"de","potentialAction":[{"@type":"ReadAction","target":["https:\/\/www.roma-sinti-holocaust-memorial-day.eu\/remembrance\/exhibition-tears-of-gold\/"]}]},{"@type":"ImageObject","inLanguage":"de","@id":"https:\/\/www.roma-sinti-holocaust-memorial-day.eu\/remembrance\/exhibition-tears-of-gold\/#primaryimage","url":"https:\/\/www.roma-sinti-holocaust-memorial-day.eu\/wp-content\/uploads\/2020\/07\/plakat-wystawa_A0_v1_Page_2-scaled.jpg","contentUrl":"https:\/\/www.roma-sinti-holocaust-memorial-day.eu\/wp-content\/uploads\/2020\/07\/plakat-wystawa_A0_v1_Page_2-scaled.jpg","width":1811,"height":2560},{"@type":"BreadcrumbList","@id":"https:\/\/www.roma-sinti-holocaust-memorial-day.eu\/remembrance\/exhibition-tears-of-gold\/#breadcrumb","itemListElement":[{"@type":"ListItem","position":1,"name":"Home","item":"https:\/\/www.roma-sinti-holocaust-memorial-day.eu\/"},{"@type":"ListItem","position":2,"name":"Exhibition &#8220;Tears of Gold&#8221;"}]},{"@type":"WebSite","@id":"https:\/\/www.roma-sinti-holocaust-memorial-day.eu\/#website","url":"https:\/\/www.roma-sinti-holocaust-memorial-day.eu\/","name":"European Holocaust Memorial Day for Sinti und Roma","description":"","publisher":{"@id":"https:\/\/www.roma-sinti-holocaust-memorial-day.eu\/#organization"},"potentialAction":[{"@type":"SearchAction","target":{"@type":"EntryPoint","urlTemplate":"https:\/\/www.roma-sinti-holocaust-memorial-day.eu\/?s={search_term_string}"},"query-input":{"@type":"PropertyValueSpecification","valueRequired":true,"valueName":"search_term_string"}}],"inLanguage":"de"},{"@type":"Organization","@id":"https:\/\/www.roma-sinti-holocaust-memorial-day.eu\/#organization","name":"European Holocaust Memorial Day for Sinti und Roma","url":"https:\/\/www.roma-sinti-holocaust-memorial-day.eu\/","logo":{"@type":"ImageObject","inLanguage":"de","@id":"https:\/\/www.roma-sinti-holocaust-memorial-day.eu\/#\/schema\/logo\/image\/","url":"https:\/\/www.roma-sinti-holocaust-memorial-day.eu\/wp-content\/uploads\/2020\/06\/en-logo-2020-europaeischer-holocaust-gedenktag-f\u00fcr-sinti-und-roma_gelb.svg","contentUrl":"https:\/\/www.roma-sinti-holocaust-memorial-day.eu\/wp-content\/uploads\/2020\/06\/en-logo-2020-europaeischer-holocaust-gedenktag-f\u00fcr-sinti-und-roma_gelb.svg","caption":"European Holocaust Memorial Day for Sinti und Roma"},"image":{"@id":"https:\/\/www.roma-sinti-holocaust-memorial-day.eu\/#\/schema\/logo\/image\/"}},{"@type":"Person","@id":"https:\/\/www.roma-sinti-holocaust-memorial-day.eu\/#\/schema\/person\/e3f1699bad579ca90db4d872cce66959","name":"Jonathan Mack","image":{"@type":"ImageObject","inLanguage":"de","@id":"https:\/\/secure.gravatar.com\/avatar\/8001f1305d4df01b03b7f18a7094807ff4834f30326f87ed5f4d1a1d3e93a85c?s=96&d=mm&r=g","url":"https:\/\/secure.gravatar.com\/avatar\/8001f1305d4df01b03b7f18a7094807ff4834f30326f87ed5f4d1a1d3e93a85c?s=96&d=mm&r=g","contentUrl":"https:\/\/secure.gravatar.com\/avatar\/8001f1305d4df01b03b7f18a7094807ff4834f30326f87ed5f4d1a1d3e93a85c?s=96&d=mm&r=g","caption":"Jonathan Mack"},"url":"https:\/\/www.roma-sinti-holocaust-memorial-day.eu\/de\/author\/jonathan\/"}]}},"_links":{"self":[{"href":"https:\/\/www.roma-sinti-holocaust-memorial-day.eu\/de\/wp-json\/wp\/v2\/posts\/2115","targetHints":{"allow":["GET"]}}],"collection":[{"href":"https:\/\/www.roma-sinti-holocaust-memorial-day.eu\/de\/wp-json\/wp\/v2\/posts"}],"about":[{"href":"https:\/\/www.roma-sinti-holocaust-memorial-day.eu\/de\/wp-json\/wp\/v2\/types\/post"}],"author":[{"embeddable":true,"href":"https:\/\/www.roma-sinti-holocaust-memorial-day.eu\/de\/wp-json\/wp\/v2\/users\/5"}],"replies":[{"embeddable":true,"href":"https:\/\/www.roma-sinti-holocaust-memorial-day.eu\/de\/wp-json\/wp\/v2\/comments?post=2115"}],"version-history":[{"count":24,"href":"https:\/\/www.roma-sinti-holocaust-memorial-day.eu\/de\/wp-json\/wp\/v2\/posts\/2115\/revisions"}],"predecessor-version":[{"id":11730,"href":"https:\/\/www.roma-sinti-holocaust-memorial-day.eu\/de\/wp-json\/wp\/v2\/posts\/2115\/revisions\/11730"}],"wp:featuredmedia":[{"embeddable":true,"href":"https:\/\/www.roma-sinti-holocaust-memorial-day.eu\/de\/wp-json\/wp\/v2\/media\/2108"}],"wp:attachment":[{"href":"https:\/\/www.roma-sinti-holocaust-memorial-day.eu\/de\/wp-json\/wp\/v2\/media?parent=2115"}],"wp:term":[{"taxonomy":"category","embeddable":true,"href":"https:\/\/www.roma-sinti-holocaust-memorial-day.eu\/de\/wp-json\/wp\/v2\/categories?post=2115"},{"taxonomy":"post_tag","embeddable":true,"href":"https:\/\/www.roma-sinti-holocaust-memorial-day.eu\/de\/wp-json\/wp\/v2\/tags?post=2115"}],"curies":[{"name":"wp","href":"https:\/\/api.w.org\/{rel}","templated":true}]}}