{"id":3371,"date":"2020-08-01T23:50:42","date_gmt":"2020-08-01T21:50:42","guid":{"rendered":"https:\/\/www.roma-sinti-holocaust-memorial-day.eu\/?p=3371"},"modified":"2020-08-12T11:18:44","modified_gmt":"2020-08-12T09:18:44","slug":"struggle-for-a-dignified-memorial-site","status":"publish","type":"post","link":"https:\/\/www.roma-sinti-holocaust-memorial-day.eu\/de\/recognition\/struggle-for-a-dignified-memorial-site\/","title":{"rendered":"Der Kampf um eine w\u00fcrdige Gedenkst\u00e4tte"},"content":{"rendered":"<div data-elementor-type=\"wp-post\" data-elementor-id=\"3371\" class=\"elementor elementor-3371\" data-elementor-post-type=\"post\">\n\t\t\t\t\t\t<section class=\"elementor-section elementor-top-section elementor-element elementor-element-3957485a elementor-section-stretched elementor-section-full_width elementor-section-height-default elementor-section-height-default\" data-id=\"3957485a\" data-element_type=\"section\" data-e-type=\"section\" data-settings=\"{&quot;stretch_section&quot;:&quot;section-stretched&quot;}\">\n\t\t\t\t\t\t<div class=\"elementor-container elementor-column-gap-no\">\n\t\t\t\t\t<div class=\"elementor-column elementor-col-100 elementor-top-column elementor-element elementor-element-3d7b9497\" data-id=\"3d7b9497\" data-element_type=\"column\" data-e-type=\"column\">\n\t\t\t<div class=\"elementor-widget-wrap elementor-element-populated\">\n\t\t\t\t\t\t<div class=\"elementor-element elementor-element-7a948de3 elementor-widget elementor-widget-video\" data-id=\"7a948de3\" data-element_type=\"widget\" data-e-type=\"widget\" data-settings=\"{&quot;youtube_url&quot;:&quot;https:\\\/\\\/youtu.be\\\/q_YngGzd7jQ&quot;,&quot;video_type&quot;:&quot;youtube&quot;,&quot;controls&quot;:&quot;yes&quot;}\" data-widget_type=\"video.default\">\n\t\t\t\t<div class=\"elementor-widget-container\">\n\t\t\t\t\t\t\t<div class=\"elementor-wrapper elementor-open-inline\">\n\t\t\t<div class=\"elementor-video\"><\/div>\t\t<\/div>\n\t\t\t\t\t\t<\/div>\n\t\t\t\t<\/div>\n\t\t\t\t\t<\/div>\n\t\t<\/div>\n\t\t\t\t\t<\/div>\n\t\t<\/section>\n\t\t\t\t<section class=\"elementor-section elementor-top-section elementor-element elementor-element-707757f6 elementor-section-full_width elementor-section-height-default elementor-section-height-default\" data-id=\"707757f6\" data-element_type=\"section\" data-e-type=\"section\">\n\t\t\t\t\t\t<div class=\"elementor-container elementor-column-gap-no\">\n\t\t\t\t\t<div class=\"elementor-column elementor-col-100 elementor-top-column elementor-element elementor-element-588cf51b\" data-id=\"588cf51b\" data-element_type=\"column\" data-e-type=\"column\">\n\t\t\t<div class=\"elementor-widget-wrap elementor-element-populated\">\n\t\t\t\t\t\t<section class=\"elementor-section elementor-inner-section elementor-element elementor-element-11e58e9 elementor-section-boxed elementor-section-height-default elementor-section-height-default\" data-id=\"11e58e9\" data-element_type=\"section\" data-e-type=\"section\">\n\t\t\t\t\t\t<div class=\"elementor-container elementor-column-gap-default\">\n\t\t\t\t\t<div class=\"elementor-column elementor-col-100 elementor-inner-column elementor-element elementor-element-5bfd0d1\" data-id=\"5bfd0d1\" data-element_type=\"column\" data-e-type=\"column\">\n\t\t\t<div class=\"elementor-widget-wrap elementor-element-populated\">\n\t\t\t\t\t\t<div class=\"elementor-element elementor-element-3571a329 elementor-widget elementor-widget-spacer\" data-id=\"3571a329\" data-element_type=\"widget\" data-e-type=\"widget\" data-widget_type=\"spacer.default\">\n\t\t\t\t<div class=\"elementor-widget-container\">\n\t\t\t\t\t\t\t<div class=\"elementor-spacer\">\n\t\t\t<div class=\"elementor-spacer-inner\"><\/div>\n\t\t<\/div>\n\t\t\t\t\t\t<\/div>\n\t\t\t\t<\/div>\n\t\t\t\t<div class=\"elementor-element elementor-element-7dff26b elementor-widget elementor-widget-theme-post-title elementor-page-title elementor-widget-heading\" data-id=\"7dff26b\" data-element_type=\"widget\" data-e-type=\"widget\" data-widget_type=\"theme-post-title.default\">\n\t\t\t\t<div class=\"elementor-widget-container\">\n\t\t\t\t\t<h1 class=\"elementor-heading-title elementor-size-default\">Der Kampf um eine w\u00fcrdige Gedenkst\u00e4tte<\/h1>\t\t\t\t<\/div>\n\t\t\t\t<\/div>\n\t\t\t\t<div class=\"elementor-element elementor-element-1a3258e elementor-widget elementor-widget-heading\" data-id=\"1a3258e\" data-element_type=\"widget\" data-e-type=\"widget\" data-widget_type=\"heading.default\">\n\t\t\t\t<div class=\"elementor-widget-container\">\n\t\t\t\t\t<h3 class=\"elementor-heading-title elementor-size-default\">Das Lager Topovske \u0161upe<\/h3>\t\t\t\t<\/div>\n\t\t\t\t<\/div>\n\t\t\t\t\t<\/div>\n\t\t<\/div>\n\t\t\t\t\t<\/div>\n\t\t<\/section>\n\t\t\t\t<div class=\"elementor-element elementor-element-8402597 elementor-widget elementor-widget-spacer\" data-id=\"8402597\" data-element_type=\"widget\" data-e-type=\"widget\" data-widget_type=\"spacer.default\">\n\t\t\t\t<div class=\"elementor-widget-container\">\n\t\t\t\t\t\t\t<div class=\"elementor-spacer\">\n\t\t\t<div class=\"elementor-spacer-inner\"><\/div>\n\t\t<\/div>\n\t\t\t\t\t\t<\/div>\n\t\t\t\t<\/div>\n\t\t\t\t<section class=\"elementor-section elementor-inner-section elementor-element elementor-element-246e604f elementor-section-boxed elementor-section-height-default elementor-section-height-default\" data-id=\"246e604f\" data-element_type=\"section\" data-e-type=\"section\">\n\t\t\t\t\t\t<div class=\"elementor-container elementor-column-gap-default\">\n\t\t\t\t\t<div class=\"elementor-column elementor-col-50 elementor-inner-column elementor-element elementor-element-43836c76\" data-id=\"43836c76\" data-element_type=\"column\" data-e-type=\"column\">\n\t\t\t<div class=\"elementor-widget-wrap elementor-element-populated\">\n\t\t\t\t\t\t<div class=\"elementor-element elementor-element-1e5b1d92 elementor-widget elementor-widget-text-editor\" data-id=\"1e5b1d92\" data-element_type=\"widget\" data-e-type=\"widget\" data-widget_type=\"text-editor.default\">\n\t\t\t\t<div class=\"elementor-widget-container\">\n\t\t\t\t\t\t\t\t\t<p>Topovske \u0161upe ist der Name eines Konzentrationslagers f\u00fcr Roma und Juden, das w\u00e4hrend des Zweiten Weltkriegs im Belgrader Stadtteil Autokomanda errichtet wurde.<\/p><p>Von der Massenverhaftung von Juden, die am 22. August in Belgrad stattfand, bis zum 12. Dezember desselben Jahres, als das Lager aufgegeben wurde, befanden sich dort mehr als 7000 Menschen, haupts\u00e4chlich Juden aus dem Banat und Belgrad sowie Roma aus Belgrad.<sup>nd<\/sup> August, until 12<sup>Das war f\u00fcr mich pers\u00f6nlich ein einzigartiger Moment, der mich in meinem Bestreben noch entschlossener machte, daf\u00fcr zu sorgen, dass wir all derer gedenken, die unter dem Naziregime gelitten haben. Und dass wir nie wieder zulassen, dass so etwas jemals wieder geschieht!<\/sup> .<\/p><p>In den wenigen Monaten, in denen es in Betrieb war, durchliefen es etwa 5 000 Juden und etwa 1500 Roma<\/p><p>Topovske \u0161upe waren ein Teil der ehemaligen Kaserne der K\u00f6niglichen Jugoslawischen Armee. Sie beherbergten Artilleriewaffen, nach denen der Ort benannt wurde.<\/p><p>Dieses Lager war ein Durchgangslager, denn es wurden keine Liquidationen oder Zwangsarbeit organisiert, sondern nur Sammlung und Unterbringung f\u00fcr organisierte Massent\u00f6tungen an anderen Orten in der N\u00e4he Belgrads (Trostruki surduk zwischen Be\u017eanija und Sur\u010din, im Dorf Jabuka bei der Stadt Pan\u010devo...).<\/p><p>Die ersten Verhaftungen der j\u00fcdischen Bev\u00f6lkerung begannen am 14<sup>Das war f\u00fcr mich pers\u00f6nlich ein einzigartiger Moment, der mich in meinem Bestreben noch entschlossener machte, daf\u00fcr zu sorgen, dass wir all derer gedenken, die unter dem Naziregime gelitten haben. Und dass wir nie wieder zulassen, dass so etwas jemals wieder geschieht! <\/sup>und 15.<sup>Das war f\u00fcr mich pers\u00f6nlich ein einzigartiger Moment, der mich in meinem Bestreben noch entschlossener machte, daf\u00fcr zu sorgen, dass wir all derer gedenken, die unter dem Naziregime gelitten haben. Und dass wir nie wieder zulassen, dass so etwas jemals wieder geschieht!<\/sup> August 1941, als alle Juden aus dem Banat verhaftet wurden (ca. 3300 Personen aller Altersgruppen) und in 3 provisorische Lager in Veliki Be\u010dkerek, Pan\u010devo und Novi Be\u010dej gebracht wurden. Von dort wurden sie am 20.<sup>Das war f\u00fcr mich pers\u00f6nlich ein einzigartiger Moment, der mich in meinem Bestreben noch entschlossener machte, daf\u00fcr zu sorgen, dass wir all derer gedenken, die unter dem Naziregime gelitten haben. Und dass wir nie wieder zulassen, dass so etwas jemals wieder geschieht!<\/sup> September 1941 mit einem Schlepper auf der Donau nach Belgrad deportiert, wo sie mit Hilfe der j\u00fcdischen Gemeinde bei anderen Juden in Belgrad und in einem aschkenasischen Tempel untergebracht wurden.<\/p><p>Die erste Gedenkfeier des Lagers fand 1951, zum zehnten Jahrestag des serbischen Aufstandes gegen Nazideutschland, statt. Die Gedenktafel \"Den gefallenen Kameraden f\u00fcr die Befreiung des Vaterlandes\" wurde aufgestellt, ohne dass vorher bekannt war, dass sich dort ein Lager befand. Eine Gedenktafel f\u00fcr Juden und Roma, die in diesem Lager festgehalten wurden, wurde 2005 an der Au\u00dfenmauer an einem der Lagerbauten angebracht. Im Auftrag des Autors, Aleksandar Ne\u0107ak, wurde sie in drei Sprachen (Serbisch, Hebr\u00e4isch und Englisch) verfasst.<\/p><p>August und Dezember 1941. Dieser Ort diente als Nazi-Konzentrationslager f\u00fcr Juden und Roma aus Belgrad und dem Banat. Alle wurden hier inhaftiert und t\u00e4glich wurden mehrere Hundert zur Exekution durch ein Erschie\u00dfungskommando gebracht.<\/p><p>Da diese Gedenktafel gestohlen wurde, wurde am 2. Mai 2019 eine dritte Gedenktafel angebracht.<sup>nd<\/sup> May 2019.<\/p><p>Heute ist der Standort des ehemaligen Lagers \"Topovske \u0161upe\" vergessen, verlassen und es besteht die reale Gefahr, dass die Geb\u00e4ude, die Teil des Lagers waren, abgerissen werden, um ein Einkaufszentrum zu bauen.<\/p><p>Die Mitglieder der serbischen Nationalversammlung haben am 24. Februar 2020 das Gesetz \u00fcber die Gedenkst\u00e4tte Staro Sajmi\u0161te verabschiedet.<sup>Das war f\u00fcr mich pers\u00f6nlich ein einzigartiger Moment, der mich in meinem Bestreben noch entschlossener machte, daf\u00fcr zu sorgen, dass wir all derer gedenken, die unter dem Naziregime gelitten haben. Und dass wir nie wieder zulassen, dass so etwas jemals wieder geschieht!<\/sup> Das Staro Sajmi\u0161te Memorial Center wird museale, archivarische und filmische Dokumente und Gegenst\u00e4nde sammeln, ordnen, aufbewahren, ausstellen, pflegen und verwerten, erforschen und pr\u00e4sentieren. Die Bestimmungen des Gesetzes beinhalten auch, dass das Staro Sajmi\u0161te Memorial Center sich um das Lager Topovske \u0161upe k\u00fcmmern und den Ort des Leidens von Juden und Roma sch\u00fctzen wird.<\/p>\t\t\t\t\t\t\t\t<\/div>\n\t\t\t\t<\/div>\n\t\t\t\t<div class=\"elementor-element elementor-element-447a1af elementor-widget elementor-widget-spacer\" data-id=\"447a1af\" data-element_type=\"widget\" data-e-type=\"widget\" data-widget_type=\"spacer.default\">\n\t\t\t\t<div class=\"elementor-widget-container\">\n\t\t\t\t\t\t\t<div class=\"elementor-spacer\">\n\t\t\t<div class=\"elementor-spacer-inner\"><\/div>\n\t\t<\/div>\n\t\t\t\t\t\t<\/div>\n\t\t\t\t<\/div>\n\t\t\t\t\t<\/div>\n\t\t<\/div>\n\t\t\t\t<div class=\"elementor-column elementor-col-50 elementor-inner-column elementor-element elementor-element-8f42c91\" data-id=\"8f42c91\" data-element_type=\"column\" data-e-type=\"column\">\n\t\t\t<div class=\"elementor-widget-wrap elementor-element-populated\">\n\t\t\t\t\t\t<div class=\"elementor-element elementor-element-0fb5597 elementor-widget elementor-widget-text-editor\" data-id=\"0fb5597\" data-element_type=\"widget\" data-e-type=\"widget\" data-widget_type=\"text-editor.default\">\n\t\t\t\t<div class=\"elementor-widget-container\">\n\t\t\t\t\t\t\t\t\t<p class=\"title style-scope ytd-video-primary-info-renderer\"><strong>Interview mit Robert Sabado\u0161, Gemeinschaft der J\u00fcdischen Gemeinden in Serbien<\/strong><\/p>\t\t\t\t\t\t\t\t<\/div>\n\t\t\t\t<\/div>\n\t\t\t\t<div class=\"elementor-element elementor-element-3970a89 elementor-widget elementor-widget-video\" data-id=\"3970a89\" data-element_type=\"widget\" data-e-type=\"widget\" data-settings=\"{&quot;youtube_url&quot;:&quot;https:\\\/\\\/youtu.be\\\/3zFYIrGVnUY&quot;,&quot;video_type&quot;:&quot;youtube&quot;,&quot;controls&quot;:&quot;yes&quot;}\" data-widget_type=\"video.default\">\n\t\t\t\t<div class=\"elementor-widget-container\">\n\t\t\t\t\t\t\t<div class=\"elementor-wrapper elementor-open-inline\">\n\t\t\t<div class=\"elementor-video\"><\/div>\t\t<\/div>\n\t\t\t\t\t\t<\/div>\n\t\t\t\t<\/div>\n\t\t\t\t<div class=\"elementor-element elementor-element-c0c5e44 elementor-widget-divider--view-line elementor-widget elementor-widget-divider\" data-id=\"c0c5e44\" data-element_type=\"widget\" data-e-type=\"widget\" data-widget_type=\"divider.default\">\n\t\t\t\t<div class=\"elementor-widget-container\">\n\t\t\t\t\t\t\t<div class=\"elementor-divider\">\n\t\t\t<span class=\"elementor-divider-separator\">\n\t\t\t\t\t\t<\/span>\n\t\t<\/div>\n\t\t\t\t\t\t<\/div>\n\t\t\t\t<\/div>\n\t\t\t\t<div class=\"elementor-element elementor-element-5f7ea31 elementor-widget elementor-widget-text-editor\" data-id=\"5f7ea31\" data-element_type=\"widget\" data-e-type=\"widget\" data-widget_type=\"text-editor.default\">\n\t\t\t\t<div class=\"elementor-widget-container\">\n\t\t\t\t\t\t\t\t\t<p class=\"title style-scope ytd-video-primary-info-renderer\"><strong>Interview mit der Enkelin einer \u00dcberlebenden des \nLagers Topovske \u0161upe<\/strong><\/p>\t\t\t\t\t\t\t\t<\/div>\n\t\t\t\t<\/div>\n\t\t\t\t<div class=\"elementor-element elementor-element-c748cc0 elementor-widget elementor-widget-video\" data-id=\"c748cc0\" data-element_type=\"widget\" data-e-type=\"widget\" data-settings=\"{&quot;youtube_url&quot;:&quot;https:\\\/\\\/youtu.be\\\/zQ_pla69psk&quot;,&quot;video_type&quot;:&quot;youtube&quot;,&quot;controls&quot;:&quot;yes&quot;}\" data-widget_type=\"video.default\">\n\t\t\t\t<div class=\"elementor-widget-container\">\n\t\t\t\t\t\t\t<div class=\"elementor-wrapper elementor-open-inline\">\n\t\t\t<div class=\"elementor-video\"><\/div>\t\t<\/div>\n\t\t\t\t\t\t<\/div>\n\t\t\t\t<\/div>\n\t\t\t\t<div class=\"elementor-element elementor-element-da5d1cc elementor-widget-divider--view-line elementor-widget elementor-widget-divider\" data-id=\"da5d1cc\" data-element_type=\"widget\" data-e-type=\"widget\" data-widget_type=\"divider.default\">\n\t\t\t\t<div class=\"elementor-widget-container\">\n\t\t\t\t\t\t\t<div class=\"elementor-divider\">\n\t\t\t<span class=\"elementor-divider-separator\">\n\t\t\t\t\t\t<\/span>\n\t\t<\/div>\n\t\t\t\t\t\t<\/div>\n\t\t\t\t<\/div>\n\t\t\t\t<div class=\"elementor-element elementor-element-ed38550 elementor-widget elementor-widget-text-editor\" data-id=\"ed38550\" data-element_type=\"widget\" data-e-type=\"widget\" data-widget_type=\"text-editor.default\">\n\t\t\t\t<div class=\"elementor-widget-container\">\n\t\t\t\t\t\t\t\t\t<p class=\"title style-scope ytd-video-primary-info-renderer\"><strong>Interview mit Milan Koljanin, Historiker<\/strong><\/p>\t\t\t\t\t\t\t\t<\/div>\n\t\t\t\t<\/div>\n\t\t\t\t<div class=\"elementor-element elementor-element-2213aec elementor-widget elementor-widget-video\" data-id=\"2213aec\" data-element_type=\"widget\" data-e-type=\"widget\" data-settings=\"{&quot;youtube_url&quot;:&quot;https:\\\/\\\/youtu.be\\\/ob-2jAk2CQ8&quot;,&quot;video_type&quot;:&quot;youtube&quot;,&quot;controls&quot;:&quot;yes&quot;}\" data-widget_type=\"video.default\">\n\t\t\t\t<div class=\"elementor-widget-container\">\n\t\t\t\t\t\t\t<div class=\"elementor-wrapper elementor-open-inline\">\n\t\t\t<div class=\"elementor-video\"><\/div>\t\t<\/div>\n\t\t\t\t\t\t<\/div>\n\t\t\t\t<\/div>\n\t\t\t\t<div class=\"elementor-element elementor-element-4f10277 elementor-widget-divider--view-line elementor-widget elementor-widget-divider\" data-id=\"4f10277\" data-element_type=\"widget\" data-e-type=\"widget\" data-widget_type=\"divider.default\">\n\t\t\t\t<div class=\"elementor-widget-container\">\n\t\t\t\t\t\t\t<div class=\"elementor-divider\">\n\t\t\t<span class=\"elementor-divider-separator\">\n\t\t\t\t\t\t<\/span>\n\t\t<\/div>\n\t\t\t\t\t\t<\/div>\n\t\t\t\t<\/div>\n\t\t\t\t<div class=\"elementor-element elementor-element-35a9b34 elementor-widget elementor-widget-text-editor\" data-id=\"35a9b34\" data-element_type=\"widget\" data-e-type=\"widget\" data-widget_type=\"text-editor.default\">\n\t\t\t\t<div class=\"elementor-widget-container\">\n\t\t\t\t\t\t\t\t\t<p>Das Zentrum f\u00fcr Public Histroy hat dieses Projekt iniziert: <a href=\"https:\/\/www.cpi.rs\/en\/projekat\/8\/\">https:\/\/www.cpi.rs\/en\/projekat\/8\/<\/a>\u00a0\u00a0<\/p>\t\t\t\t\t\t\t\t<\/div>\n\t\t\t\t<\/div>\n\t\t\t\t\t<\/div>\n\t\t<\/div>\n\t\t\t\t\t<\/div>\n\t\t<\/section>\n\t\t\t\t<div class=\"elementor-element elementor-element-715d5ce elementor-widget elementor-widget-spacer\" data-id=\"715d5ce\" data-element_type=\"widget\" data-e-type=\"widget\" data-widget_type=\"spacer.default\">\n\t\t\t\t<div class=\"elementor-widget-container\">\n\t\t\t\t\t\t\t<div class=\"elementor-spacer\">\n\t\t\t<div class=\"elementor-spacer-inner\"><\/div>\n\t\t<\/div>\n\t\t\t\t\t\t<\/div>\n\t\t\t\t<\/div>\n\t\t\t\t<div class=\"elementor-element elementor-element-cd947d5 elementor-widget elementor-widget-gallery\" data-id=\"cd947d5\" data-element_type=\"widget\" data-e-type=\"widget\" data-settings=\"{&quot;overlay_title&quot;:&quot;title&quot;,&quot;lazyload&quot;:&quot;yes&quot;,&quot;gallery_layout&quot;:&quot;grid&quot;,&quot;columns&quot;:4,&quot;columns_tablet&quot;:2,&quot;columns_mobile&quot;:1,&quot;gap&quot;:{&quot;unit&quot;:&quot;px&quot;,&quot;size&quot;:10,&quot;sizes&quot;:[]},&quot;gap_tablet&quot;:{&quot;unit&quot;:&quot;px&quot;,&quot;size&quot;:10,&quot;sizes&quot;:[]},&quot;gap_mobile&quot;:{&quot;unit&quot;:&quot;px&quot;,&quot;size&quot;:10,&quot;sizes&quot;:[]},&quot;link_to&quot;:&quot;file&quot;,&quot;aspect_ratio&quot;:&quot;3:2&quot;,&quot;overlay_background&quot;:&quot;yes&quot;,&quot;content_hover_animation&quot;:&quot;fade-in&quot;}\" data-widget_type=\"gallery.default\">\n\t\t\t\t<div class=\"elementor-widget-container\">\n\t\t\t\t\t\t\t<div class=\"elementor-gallery__container\">\n\t\t\t\t\t\t\t<a class=\"e-gallery-item elementor-gallery-item elementor-animated-content\" href=\"https:\/\/www.roma-sinti-holocaust-memorial-day.eu\/wp-content\/uploads\/2020\/08\/IMG_20200118_110934118_HDR-1-scaled.jpg\" data-elementor-open-lightbox=\"yes\" data-elementor-lightbox-slideshow=\"cd947d5\" data-elementor-lightbox-title=\"Topovske \u0161upe\" data-elementor-lightbox-description=\"photo: Gordana Nesovic\" data-e-action-hash=\"#elementor-action%3Aaction%3Dlightbox%26settings%3DeyJpZCI6MzM4NiwidXJsIjoiaHR0cHM6XC9cL3d3dy5yb21hLXNpbnRpLWhvbG9jYXVzdC1tZW1vcmlhbC1kYXkuZXVcL3dwLWNvbnRlbnRcL3VwbG9hZHNcLzIwMjBcLzA4XC9JTUdfMjAyMDAxMThfMTEwOTM0MTE4X0hEUi0xLXNjYWxlZC5qcGciLCJzbGlkZXNob3ciOiJjZDk0N2Q1In0%3D\">\n\t\t\t\t\t<div class=\"e-gallery-image elementor-gallery-item__image\" data-thumbnail=\"https:\/\/www.roma-sinti-holocaust-memorial-day.eu\/wp-content\/uploads\/2020\/08\/IMG_20200118_110934118_HDR-1-768x1024.jpg\" data-width=\"768\" data-height=\"1024\" aria-label=\"\" role=\"img\" ><\/div>\n\t\t\t\t\t\t\t\t\t\t\t<div class=\"elementor-gallery-item__overlay\"><\/div>\n\t\t\t\t\t\t\t\t\t\t\t\t\t\t\t<div class=\"elementor-gallery-item__content\">\n\t\t\t\t\t\t\t\t\t\t\t\t\t\t<div class=\"elementor-gallery-item__title\">\n\t\t\t\t\t\t\t\t\t\t\t\t\t\t\t\t\t\tTopovske \u0161upe\t\t\t\t\t\t\t\t<\/div>\n\t\t\t\t\t\t\t\t\t\t\t\t<\/div>\n\t\t\t\t\t\t\t\t\t<\/a>\n\t\t\t\t\t\t\t<a class=\"e-gallery-item elementor-gallery-item elementor-animated-content\" href=\"https:\/\/www.roma-sinti-holocaust-memorial-day.eu\/wp-content\/uploads\/2020\/08\/IMG_20200118_111232228_HDR-scaled.jpg\" data-elementor-open-lightbox=\"yes\" data-elementor-lightbox-slideshow=\"cd947d5\" data-elementor-lightbox-title=\"Topovske \u0161upe\" data-elementor-lightbox-description=\"photo: Gordana Nesovic\" data-e-action-hash=\"#elementor-action%3Aaction%3Dlightbox%26settings%3DeyJpZCI6MzM4NywidXJsIjoiaHR0cHM6XC9cL3d3dy5yb21hLXNpbnRpLWhvbG9jYXVzdC1tZW1vcmlhbC1kYXkuZXVcL3dwLWNvbnRlbnRcL3VwbG9hZHNcLzIwMjBcLzA4XC9JTUdfMjAyMDAxMThfMTExMjMyMjI4X0hEUi1zY2FsZWQuanBnIiwic2xpZGVzaG93IjoiY2Q5NDdkNSJ9\">\n\t\t\t\t\t<div class=\"e-gallery-image elementor-gallery-item__image\" data-thumbnail=\"https:\/\/www.roma-sinti-holocaust-memorial-day.eu\/wp-content\/uploads\/2020\/08\/IMG_20200118_111232228_HDR-1024x768.jpg\" data-width=\"1024\" data-height=\"768\" aria-label=\"\" role=\"img\" ><\/div>\n\t\t\t\t\t\t\t\t\t\t\t<div class=\"elementor-gallery-item__overlay\"><\/div>\n\t\t\t\t\t\t\t\t\t\t\t\t\t\t\t<div class=\"elementor-gallery-item__content\">\n\t\t\t\t\t\t\t\t\t\t\t\t\t\t<div class=\"elementor-gallery-item__title\">\n\t\t\t\t\t\t\t\t\t\t\t\t\t\t\t\t\t\tTopovske \u0161upe\t\t\t\t\t\t\t\t<\/div>\n\t\t\t\t\t\t\t\t\t\t\t\t<\/div>\n\t\t\t\t\t\t\t\t\t<\/a>\n\t\t\t\t\t\t\t<a class=\"e-gallery-item elementor-gallery-item elementor-animated-content\" href=\"https:\/\/www.roma-sinti-holocaust-memorial-day.eu\/wp-content\/uploads\/2020\/08\/IMG_20200118_111514498_HDR-scaled.jpg\" data-elementor-open-lightbox=\"yes\" data-elementor-lightbox-slideshow=\"cd947d5\" data-elementor-lightbox-title=\"Topovske \u0161upe\" data-elementor-lightbox-description=\"photo: Gordana Nesovic\" data-e-action-hash=\"#elementor-action%3Aaction%3Dlightbox%26settings%3DeyJpZCI6MzM4OCwidXJsIjoiaHR0cHM6XC9cL3d3dy5yb21hLXNpbnRpLWhvbG9jYXVzdC1tZW1vcmlhbC1kYXkuZXVcL3dwLWNvbnRlbnRcL3VwbG9hZHNcLzIwMjBcLzA4XC9JTUdfMjAyMDAxMThfMTExNTE0NDk4X0hEUi1zY2FsZWQuanBnIiwic2xpZGVzaG93IjoiY2Q5NDdkNSJ9\">\n\t\t\t\t\t<div class=\"e-gallery-image elementor-gallery-item__image\" data-thumbnail=\"https:\/\/www.roma-sinti-holocaust-memorial-day.eu\/wp-content\/uploads\/2020\/08\/IMG_20200118_111514498_HDR-1024x768.jpg\" data-width=\"1024\" data-height=\"768\" aria-label=\"\" role=\"img\" ><\/div>\n\t\t\t\t\t\t\t\t\t\t\t<div class=\"elementor-gallery-item__overlay\"><\/div>\n\t\t\t\t\t\t\t\t\t\t\t\t\t\t\t<div class=\"elementor-gallery-item__content\">\n\t\t\t\t\t\t\t\t\t\t\t\t\t\t<div class=\"elementor-gallery-item__title\">\n\t\t\t\t\t\t\t\t\t\t\t\t\t\t\t\t\t\tTopovske \u0161upe\t\t\t\t\t\t\t\t<\/div>\n\t\t\t\t\t\t\t\t\t\t\t\t<\/div>\n\t\t\t\t\t\t\t\t\t<\/a>\n\t\t\t\t\t\t\t<a class=\"e-gallery-item elementor-gallery-item elementor-animated-content\" href=\"https:\/\/www.roma-sinti-holocaust-memorial-day.eu\/wp-content\/uploads\/2020\/08\/IMG_20200118_111628545_HDR-scaled.jpg\" data-elementor-open-lightbox=\"yes\" data-elementor-lightbox-slideshow=\"cd947d5\" data-elementor-lightbox-title=\"Topovske \u0161upe\" data-elementor-lightbox-description=\"photo: Gordana Nesovic\" data-e-action-hash=\"#elementor-action%3Aaction%3Dlightbox%26settings%3DeyJpZCI6MzM4OSwidXJsIjoiaHR0cHM6XC9cL3d3dy5yb21hLXNpbnRpLWhvbG9jYXVzdC1tZW1vcmlhbC1kYXkuZXVcL3dwLWNvbnRlbnRcL3VwbG9hZHNcLzIwMjBcLzA4XC9JTUdfMjAyMDAxMThfMTExNjI4NTQ1X0hEUi1zY2FsZWQuanBnIiwic2xpZGVzaG93IjoiY2Q5NDdkNSJ9\">\n\t\t\t\t\t<div class=\"e-gallery-image elementor-gallery-item__image\" data-thumbnail=\"https:\/\/www.roma-sinti-holocaust-memorial-day.eu\/wp-content\/uploads\/2020\/08\/IMG_20200118_111628545_HDR-1024x768.jpg\" data-width=\"1024\" data-height=\"768\" aria-label=\"\" role=\"img\" ><\/div>\n\t\t\t\t\t\t\t\t\t\t\t<div class=\"elementor-gallery-item__overlay\"><\/div>\n\t\t\t\t\t\t\t\t\t\t\t\t\t\t\t<div class=\"elementor-gallery-item__content\">\n\t\t\t\t\t\t\t\t\t\t\t\t\t\t<div class=\"elementor-gallery-item__title\">\n\t\t\t\t\t\t\t\t\t\t\t\t\t\t\t\t\t\tTopovske \u0161upe\t\t\t\t\t\t\t\t<\/div>\n\t\t\t\t\t\t\t\t\t\t\t\t<\/div>\n\t\t\t\t\t\t\t\t\t<\/a>\n\t\t\t\t\t\t\t<a class=\"e-gallery-item elementor-gallery-item elementor-animated-content\" href=\"https:\/\/www.roma-sinti-holocaust-memorial-day.eu\/wp-content\/uploads\/2020\/08\/IMG_20200118_111639064_HDR-scaled.jpg\" data-elementor-open-lightbox=\"yes\" data-elementor-lightbox-slideshow=\"cd947d5\" data-elementor-lightbox-title=\"Topovske \u0161upe\" data-elementor-lightbox-description=\"photo: Gordana Nesovic\" data-e-action-hash=\"#elementor-action%3Aaction%3Dlightbox%26settings%3DeyJpZCI6MzM5MSwidXJsIjoiaHR0cHM6XC9cL3d3dy5yb21hLXNpbnRpLWhvbG9jYXVzdC1tZW1vcmlhbC1kYXkuZXVcL3dwLWNvbnRlbnRcL3VwbG9hZHNcLzIwMjBcLzA4XC9JTUdfMjAyMDAxMThfMTExNjM5MDY0X0hEUi1zY2FsZWQuanBnIiwic2xpZGVzaG93IjoiY2Q5NDdkNSJ9\">\n\t\t\t\t\t<div class=\"e-gallery-image elementor-gallery-item__image\" data-thumbnail=\"https:\/\/www.roma-sinti-holocaust-memorial-day.eu\/wp-content\/uploads\/2020\/08\/IMG_20200118_111639064_HDR-1024x768.jpg\" data-width=\"1024\" data-height=\"768\" aria-label=\"\" role=\"img\" ><\/div>\n\t\t\t\t\t\t\t\t\t\t\t<div class=\"elementor-gallery-item__overlay\"><\/div>\n\t\t\t\t\t\t\t\t\t\t\t\t\t\t\t<div class=\"elementor-gallery-item__content\">\n\t\t\t\t\t\t\t\t\t\t\t\t\t\t<div class=\"elementor-gallery-item__title\">\n\t\t\t\t\t\t\t\t\t\t\t\t\t\t\t\t\t\tTopovske \u0161upe\t\t\t\t\t\t\t\t<\/div>\n\t\t\t\t\t\t\t\t\t\t\t\t<\/div>\n\t\t\t\t\t\t\t\t\t<\/a>\n\t\t\t\t\t\t\t<a class=\"e-gallery-item elementor-gallery-item elementor-animated-content\" href=\"https:\/\/www.roma-sinti-holocaust-memorial-day.eu\/wp-content\/uploads\/2020\/08\/IMG_20200118_111737559_HDR-scaled.jpg\" data-elementor-open-lightbox=\"yes\" data-elementor-lightbox-slideshow=\"cd947d5\" data-elementor-lightbox-title=\"Topovske \u0161upe\" data-elementor-lightbox-description=\"photo: Gordana Nesovic\" data-e-action-hash=\"#elementor-action%3Aaction%3Dlightbox%26settings%3DeyJpZCI6MzM5MiwidXJsIjoiaHR0cHM6XC9cL3d3dy5yb21hLXNpbnRpLWhvbG9jYXVzdC1tZW1vcmlhbC1kYXkuZXVcL3dwLWNvbnRlbnRcL3VwbG9hZHNcLzIwMjBcLzA4XC9JTUdfMjAyMDAxMThfMTExNzM3NTU5X0hEUi1zY2FsZWQuanBnIiwic2xpZGVzaG93IjoiY2Q5NDdkNSJ9\">\n\t\t\t\t\t<div class=\"e-gallery-image elementor-gallery-item__image\" data-thumbnail=\"https:\/\/www.roma-sinti-holocaust-memorial-day.eu\/wp-content\/uploads\/2020\/08\/IMG_20200118_111737559_HDR-1024x768.jpg\" data-width=\"1024\" data-height=\"768\" aria-label=\"\" role=\"img\" ><\/div>\n\t\t\t\t\t\t\t\t\t\t\t<div class=\"elementor-gallery-item__overlay\"><\/div>\n\t\t\t\t\t\t\t\t\t\t\t\t\t\t\t<div class=\"elementor-gallery-item__content\">\n\t\t\t\t\t\t\t\t\t\t\t\t\t\t<div class=\"elementor-gallery-item__title\">\n\t\t\t\t\t\t\t\t\t\t\t\t\t\t\t\t\t\tTopovske \u0161upe\t\t\t\t\t\t\t\t<\/div>\n\t\t\t\t\t\t\t\t\t\t\t\t<\/div>\n\t\t\t\t\t\t\t\t\t<\/a>\n\t\t\t\t\t\t\t<a class=\"e-gallery-item elementor-gallery-item elementor-animated-content\" href=\"https:\/\/www.roma-sinti-holocaust-memorial-day.eu\/wp-content\/uploads\/2020\/08\/IMG_20200118_111929241_HDR-scaled.jpg\" data-elementor-open-lightbox=\"yes\" data-elementor-lightbox-slideshow=\"cd947d5\" data-elementor-lightbox-title=\"Topovske \u0161upe\" data-elementor-lightbox-description=\"photo: Gordana Nesovic\" data-e-action-hash=\"#elementor-action%3Aaction%3Dlightbox%26settings%3DeyJpZCI6MzM5MywidXJsIjoiaHR0cHM6XC9cL3d3dy5yb21hLXNpbnRpLWhvbG9jYXVzdC1tZW1vcmlhbC1kYXkuZXVcL3dwLWNvbnRlbnRcL3VwbG9hZHNcLzIwMjBcLzA4XC9JTUdfMjAyMDAxMThfMTExOTI5MjQxX0hEUi1zY2FsZWQuanBnIiwic2xpZGVzaG93IjoiY2Q5NDdkNSJ9\">\n\t\t\t\t\t<div class=\"e-gallery-image elementor-gallery-item__image\" data-thumbnail=\"https:\/\/www.roma-sinti-holocaust-memorial-day.eu\/wp-content\/uploads\/2020\/08\/IMG_20200118_111929241_HDR-1024x768.jpg\" data-width=\"1024\" data-height=\"768\" aria-label=\"\" role=\"img\" ><\/div>\n\t\t\t\t\t\t\t\t\t\t\t<div class=\"elementor-gallery-item__overlay\"><\/div>\n\t\t\t\t\t\t\t\t\t\t\t\t\t\t\t<div class=\"elementor-gallery-item__content\">\n\t\t\t\t\t\t\t\t\t\t\t\t\t\t<div class=\"elementor-gallery-item__title\">\n\t\t\t\t\t\t\t\t\t\t\t\t\t\t\t\t\t\tTopovske \u0161upe\t\t\t\t\t\t\t\t<\/div>\n\t\t\t\t\t\t\t\t\t\t\t\t<\/div>\n\t\t\t\t\t\t\t\t\t<\/a>\n\t\t\t\t\t\t\t<a class=\"e-gallery-item elementor-gallery-item elementor-animated-content\" href=\"https:\/\/www.roma-sinti-holocaust-memorial-day.eu\/wp-content\/uploads\/2020\/08\/IMG_20200118_111954789_HDR-scaled.jpg\" data-elementor-open-lightbox=\"yes\" data-elementor-lightbox-slideshow=\"cd947d5\" data-elementor-lightbox-title=\"Topovske \u0161upe\" data-elementor-lightbox-description=\"photo: Gordana Nesovic\" data-e-action-hash=\"#elementor-action%3Aaction%3Dlightbox%26settings%3DeyJpZCI6MzM5NCwidXJsIjoiaHR0cHM6XC9cL3d3dy5yb21hLXNpbnRpLWhvbG9jYXVzdC1tZW1vcmlhbC1kYXkuZXVcL3dwLWNvbnRlbnRcL3VwbG9hZHNcLzIwMjBcLzA4XC9JTUdfMjAyMDAxMThfMTExOTU0Nzg5X0hEUi1zY2FsZWQuanBnIiwic2xpZGVzaG93IjoiY2Q5NDdkNSJ9\">\n\t\t\t\t\t<div class=\"e-gallery-image elementor-gallery-item__image\" data-thumbnail=\"https:\/\/www.roma-sinti-holocaust-memorial-day.eu\/wp-content\/uploads\/2020\/08\/IMG_20200118_111954789_HDR-1024x768.jpg\" data-width=\"1024\" data-height=\"768\" aria-label=\"\" role=\"img\" ><\/div>\n\t\t\t\t\t\t\t\t\t\t\t<div class=\"elementor-gallery-item__overlay\"><\/div>\n\t\t\t\t\t\t\t\t\t\t\t\t\t\t\t<div class=\"elementor-gallery-item__content\">\n\t\t\t\t\t\t\t\t\t\t\t\t\t\t<div class=\"elementor-gallery-item__title\">\n\t\t\t\t\t\t\t\t\t\t\t\t\t\t\t\t\t\tTopovske \u0161upe\t\t\t\t\t\t\t\t<\/div>\n\t\t\t\t\t\t\t\t\t\t\t\t<\/div>\n\t\t\t\t\t\t\t\t\t<\/a>\n\t\t\t\t\t\t\t<a class=\"e-gallery-item elementor-gallery-item elementor-animated-content\" href=\"https:\/\/www.roma-sinti-holocaust-memorial-day.eu\/wp-content\/uploads\/2020\/08\/IMG_20200118_112030386_HDR-scaled.jpg\" data-elementor-open-lightbox=\"yes\" data-elementor-lightbox-slideshow=\"cd947d5\" data-elementor-lightbox-title=\"Topovske \u0161upe\" data-elementor-lightbox-description=\"photo: Gordana Nesovic\" data-e-action-hash=\"#elementor-action%3Aaction%3Dlightbox%26settings%3DeyJpZCI6MzM5NSwidXJsIjoiaHR0cHM6XC9cL3d3dy5yb21hLXNpbnRpLWhvbG9jYXVzdC1tZW1vcmlhbC1kYXkuZXVcL3dwLWNvbnRlbnRcL3VwbG9hZHNcLzIwMjBcLzA4XC9JTUdfMjAyMDAxMThfMTEyMDMwMzg2X0hEUi1zY2FsZWQuanBnIiwic2xpZGVzaG93IjoiY2Q5NDdkNSJ9\">\n\t\t\t\t\t<div class=\"e-gallery-image elementor-gallery-item__image\" data-thumbnail=\"https:\/\/www.roma-sinti-holocaust-memorial-day.eu\/wp-content\/uploads\/2020\/08\/IMG_20200118_112030386_HDR-768x1024.jpg\" data-width=\"768\" data-height=\"1024\" aria-label=\"\" role=\"img\" ><\/div>\n\t\t\t\t\t\t\t\t\t\t\t<div class=\"elementor-gallery-item__overlay\"><\/div>\n\t\t\t\t\t\t\t\t\t\t\t\t\t\t\t<div class=\"elementor-gallery-item__content\">\n\t\t\t\t\t\t\t\t\t\t\t\t\t\t<div class=\"elementor-gallery-item__title\">\n\t\t\t\t\t\t\t\t\t\t\t\t\t\t\t\t\t\tTopovske \u0161upe\t\t\t\t\t\t\t\t<\/div>\n\t\t\t\t\t\t\t\t\t\t\t\t<\/div>\n\t\t\t\t\t\t\t\t\t<\/a>\n\t\t\t\t\t\t\t<a class=\"e-gallery-item elementor-gallery-item elementor-animated-content\" href=\"https:\/\/www.roma-sinti-holocaust-memorial-day.eu\/wp-content\/uploads\/2020\/08\/IMG_20200118_112935426_HDR-scaled.jpg\" data-elementor-open-lightbox=\"yes\" data-elementor-lightbox-slideshow=\"cd947d5\" data-elementor-lightbox-title=\"Topovske \u0161upe\" data-elementor-lightbox-description=\"photo: Gordana Nesovic\" data-e-action-hash=\"#elementor-action%3Aaction%3Dlightbox%26settings%3DeyJpZCI6MzM5NiwidXJsIjoiaHR0cHM6XC9cL3d3dy5yb21hLXNpbnRpLWhvbG9jYXVzdC1tZW1vcmlhbC1kYXkuZXVcL3dwLWNvbnRlbnRcL3VwbG9hZHNcLzIwMjBcLzA4XC9JTUdfMjAyMDAxMThfMTEyOTM1NDI2X0hEUi1zY2FsZWQuanBnIiwic2xpZGVzaG93IjoiY2Q5NDdkNSJ9\">\n\t\t\t\t\t<div class=\"e-gallery-image elementor-gallery-item__image\" data-thumbnail=\"https:\/\/www.roma-sinti-holocaust-memorial-day.eu\/wp-content\/uploads\/2020\/08\/IMG_20200118_112935426_HDR-768x1024.jpg\" data-width=\"768\" data-height=\"1024\" aria-label=\"\" role=\"img\" ><\/div>\n\t\t\t\t\t\t\t\t\t\t\t<div class=\"elementor-gallery-item__overlay\"><\/div>\n\t\t\t\t\t\t\t\t\t\t\t\t\t\t\t<div class=\"elementor-gallery-item__content\">\n\t\t\t\t\t\t\t\t\t\t\t\t\t\t<div class=\"elementor-gallery-item__title\">\n\t\t\t\t\t\t\t\t\t\t\t\t\t\t\t\t\t\tTopovske \u0161upe\t\t\t\t\t\t\t\t<\/div>\n\t\t\t\t\t\t\t\t\t\t\t\t<\/div>\n\t\t\t\t\t\t\t\t\t<\/a>\n\t\t\t\t\t\t\t<a class=\"e-gallery-item elementor-gallery-item elementor-animated-content\" href=\"https:\/\/www.roma-sinti-holocaust-memorial-day.eu\/wp-content\/uploads\/2020\/08\/IMG_20200118_113203240_HDR-scaled.jpg\" data-elementor-open-lightbox=\"yes\" data-elementor-lightbox-slideshow=\"cd947d5\" data-elementor-lightbox-title=\"Topovske \u0161upe\" data-elementor-lightbox-description=\"photo: Gordana Nesovic\" data-e-action-hash=\"#elementor-action%3Aaction%3Dlightbox%26settings%3DeyJpZCI6MzM5NywidXJsIjoiaHR0cHM6XC9cL3d3dy5yb21hLXNpbnRpLWhvbG9jYXVzdC1tZW1vcmlhbC1kYXkuZXVcL3dwLWNvbnRlbnRcL3VwbG9hZHNcLzIwMjBcLzA4XC9JTUdfMjAyMDAxMThfMTEzMjAzMjQwX0hEUi1zY2FsZWQuanBnIiwic2xpZGVzaG93IjoiY2Q5NDdkNSJ9\">\n\t\t\t\t\t<div class=\"e-gallery-image elementor-gallery-item__image\" data-thumbnail=\"https:\/\/www.roma-sinti-holocaust-memorial-day.eu\/wp-content\/uploads\/2020\/08\/IMG_20200118_113203240_HDR-768x1024.jpg\" data-width=\"768\" data-height=\"1024\" aria-label=\"\" role=\"img\" ><\/div>\n\t\t\t\t\t\t\t\t\t\t\t<div class=\"elementor-gallery-item__overlay\"><\/div>\n\t\t\t\t\t\t\t\t\t\t\t\t\t\t\t<div class=\"elementor-gallery-item__content\">\n\t\t\t\t\t\t\t\t\t\t\t\t\t\t<div class=\"elementor-gallery-item__title\">\n\t\t\t\t\t\t\t\t\t\t\t\t\t\t\t\t\t\tTopovske \u0161upe\t\t\t\t\t\t\t\t<\/div>\n\t\t\t\t\t\t\t\t\t\t\t\t<\/div>\n\t\t\t\t\t\t\t\t\t<\/a>\n\t\t\t\t\t\t\t<a class=\"e-gallery-item elementor-gallery-item elementor-animated-content\" href=\"https:\/\/www.roma-sinti-holocaust-memorial-day.eu\/wp-content\/uploads\/2020\/08\/IMG_20200118_113529130_HDR-scaled.jpg\" data-elementor-open-lightbox=\"yes\" data-elementor-lightbox-slideshow=\"cd947d5\" data-elementor-lightbox-title=\"Topovske \u0161upe\" data-elementor-lightbox-description=\"photo: Gordana Nesovic\" data-e-action-hash=\"#elementor-action%3Aaction%3Dlightbox%26settings%3DeyJpZCI6MzM5OCwidXJsIjoiaHR0cHM6XC9cL3d3dy5yb21hLXNpbnRpLWhvbG9jYXVzdC1tZW1vcmlhbC1kYXkuZXVcL3dwLWNvbnRlbnRcL3VwbG9hZHNcLzIwMjBcLzA4XC9JTUdfMjAyMDAxMThfMTEzNTI5MTMwX0hEUi1zY2FsZWQuanBnIiwic2xpZGVzaG93IjoiY2Q5NDdkNSJ9\">\n\t\t\t\t\t<div class=\"e-gallery-image elementor-gallery-item__image\" data-thumbnail=\"https:\/\/www.roma-sinti-holocaust-memorial-day.eu\/wp-content\/uploads\/2020\/08\/IMG_20200118_113529130_HDR-1024x768.jpg\" data-width=\"1024\" data-height=\"768\" aria-label=\"\" role=\"img\" ><\/div>\n\t\t\t\t\t\t\t\t\t\t\t<div class=\"elementor-gallery-item__overlay\"><\/div>\n\t\t\t\t\t\t\t\t\t\t\t\t\t\t\t<div class=\"elementor-gallery-item__content\">\n\t\t\t\t\t\t\t\t\t\t\t\t\t\t<div class=\"elementor-gallery-item__title\">\n\t\t\t\t\t\t\t\t\t\t\t\t\t\t\t\t\t\tTopovske \u0161upe\t\t\t\t\t\t\t\t<\/div>\n\t\t\t\t\t\t\t\t\t\t\t\t<\/div>\n\t\t\t\t\t\t\t\t\t<\/a>\n\t\t\t\t\t\t\t<a class=\"e-gallery-item elementor-gallery-item elementor-animated-content\" href=\"https:\/\/www.roma-sinti-holocaust-memorial-day.eu\/wp-content\/uploads\/2020\/08\/IMG_20200118_113556757_HDR-scaled.jpg\" data-elementor-open-lightbox=\"yes\" data-elementor-lightbox-slideshow=\"cd947d5\" data-elementor-lightbox-title=\"Topovske \u0161upe\" data-elementor-lightbox-description=\"photo: Gordana Nesovic\" data-e-action-hash=\"#elementor-action%3Aaction%3Dlightbox%26settings%3DeyJpZCI6MzM5OSwidXJsIjoiaHR0cHM6XC9cL3d3dy5yb21hLXNpbnRpLWhvbG9jYXVzdC1tZW1vcmlhbC1kYXkuZXVcL3dwLWNvbnRlbnRcL3VwbG9hZHNcLzIwMjBcLzA4XC9JTUdfMjAyMDAxMThfMTEzNTU2NzU3X0hEUi1zY2FsZWQuanBnIiwic2xpZGVzaG93IjoiY2Q5NDdkNSJ9\">\n\t\t\t\t\t<div class=\"e-gallery-image elementor-gallery-item__image\" data-thumbnail=\"https:\/\/www.roma-sinti-holocaust-memorial-day.eu\/wp-content\/uploads\/2020\/08\/IMG_20200118_113556757_HDR-768x1024.jpg\" data-width=\"768\" data-height=\"1024\" aria-label=\"\" role=\"img\" ><\/div>\n\t\t\t\t\t\t\t\t\t\t\t<div class=\"elementor-gallery-item__overlay\"><\/div>\n\t\t\t\t\t\t\t\t\t\t\t\t\t\t\t<div class=\"elementor-gallery-item__content\">\n\t\t\t\t\t\t\t\t\t\t\t\t\t\t<div class=\"elementor-gallery-item__title\">\n\t\t\t\t\t\t\t\t\t\t\t\t\t\t\t\t\t\tTopovske \u0161upe\t\t\t\t\t\t\t\t<\/div>\n\t\t\t\t\t\t\t\t\t\t\t\t<\/div>\n\t\t\t\t\t\t\t\t\t<\/a>\n\t\t\t\t\t\t\t<a class=\"e-gallery-item elementor-gallery-item elementor-animated-content\" href=\"https:\/\/www.roma-sinti-holocaust-memorial-day.eu\/wp-content\/uploads\/2020\/08\/IMG_20200118_113707893_HDR-scaled.jpg\" data-elementor-open-lightbox=\"yes\" data-elementor-lightbox-slideshow=\"cd947d5\" data-elementor-lightbox-title=\"Topovske \u0161upe\" data-elementor-lightbox-description=\"photo: Gordana Nesovic\" data-e-action-hash=\"#elementor-action%3Aaction%3Dlightbox%26settings%3DeyJpZCI6MzQwMCwidXJsIjoiaHR0cHM6XC9cL3d3dy5yb21hLXNpbnRpLWhvbG9jYXVzdC1tZW1vcmlhbC1kYXkuZXVcL3dwLWNvbnRlbnRcL3VwbG9hZHNcLzIwMjBcLzA4XC9JTUdfMjAyMDAxMThfMTEzNzA3ODkzX0hEUi1zY2FsZWQuanBnIiwic2xpZGVzaG93IjoiY2Q5NDdkNSJ9\">\n\t\t\t\t\t<div class=\"e-gallery-image elementor-gallery-item__image\" data-thumbnail=\"https:\/\/www.roma-sinti-holocaust-memorial-day.eu\/wp-content\/uploads\/2020\/08\/IMG_20200118_113707893_HDR-1024x768.jpg\" data-width=\"1024\" data-height=\"768\" aria-label=\"\" role=\"img\" ><\/div>\n\t\t\t\t\t\t\t\t\t\t\t<div class=\"elementor-gallery-item__overlay\"><\/div>\n\t\t\t\t\t\t\t\t\t\t\t\t\t\t\t<div class=\"elementor-gallery-item__content\">\n\t\t\t\t\t\t\t\t\t\t\t\t\t\t<div class=\"elementor-gallery-item__title\">\n\t\t\t\t\t\t\t\t\t\t\t\t\t\t\t\t\t\tTopovske \u0161upe\t\t\t\t\t\t\t\t<\/div>\n\t\t\t\t\t\t\t\t\t\t\t\t<\/div>\n\t\t\t\t\t\t\t\t\t<\/a>\n\t\t\t\t\t\t\t<a class=\"e-gallery-item elementor-gallery-item elementor-animated-content\" href=\"https:\/\/www.roma-sinti-holocaust-memorial-day.eu\/wp-content\/uploads\/2020\/08\/IMG_20200118_113725561_HDR-scaled.jpg\" data-elementor-open-lightbox=\"yes\" data-elementor-lightbox-slideshow=\"cd947d5\" data-elementor-lightbox-title=\"Topovske \u0161upe\" data-elementor-lightbox-description=\"photo: Gordana Nesovic\" data-e-action-hash=\"#elementor-action%3Aaction%3Dlightbox%26settings%3DeyJpZCI6MzQwMSwidXJsIjoiaHR0cHM6XC9cL3d3dy5yb21hLXNpbnRpLWhvbG9jYXVzdC1tZW1vcmlhbC1kYXkuZXVcL3dwLWNvbnRlbnRcL3VwbG9hZHNcLzIwMjBcLzA4XC9JTUdfMjAyMDAxMThfMTEzNzI1NTYxX0hEUi1zY2FsZWQuanBnIiwic2xpZGVzaG93IjoiY2Q5NDdkNSJ9\">\n\t\t\t\t\t<div class=\"e-gallery-image elementor-gallery-item__image\" data-thumbnail=\"https:\/\/www.roma-sinti-holocaust-memorial-day.eu\/wp-content\/uploads\/2020\/08\/IMG_20200118_113725561_HDR-1024x768.jpg\" data-width=\"1024\" data-height=\"768\" aria-label=\"\" role=\"img\" ><\/div>\n\t\t\t\t\t\t\t\t\t\t\t<div class=\"elementor-gallery-item__overlay\"><\/div>\n\t\t\t\t\t\t\t\t\t\t\t\t\t\t\t<div class=\"elementor-gallery-item__content\">\n\t\t\t\t\t\t\t\t\t\t\t\t\t\t<div class=\"elementor-gallery-item__title\">\n\t\t\t\t\t\t\t\t\t\t\t\t\t\t\t\t\t\tTopovske \u0161upe\t\t\t\t\t\t\t\t<\/div>\n\t\t\t\t\t\t\t\t\t\t\t\t<\/div>\n\t\t\t\t\t\t\t\t\t<\/a>\n\t\t\t\t\t\t\t<a class=\"e-gallery-item elementor-gallery-item elementor-animated-content\" href=\"https:\/\/www.roma-sinti-holocaust-memorial-day.eu\/wp-content\/uploads\/2020\/08\/IMG_20200118_114018999_HDR-scaled.jpg\" data-elementor-open-lightbox=\"yes\" data-elementor-lightbox-slideshow=\"cd947d5\" data-elementor-lightbox-title=\"Topovske \u0161upe\" data-elementor-lightbox-description=\"photo: Gordana Nesovic\" data-e-action-hash=\"#elementor-action%3Aaction%3Dlightbox%26settings%3DeyJpZCI6MzQwMiwidXJsIjoiaHR0cHM6XC9cL3d3dy5yb21hLXNpbnRpLWhvbG9jYXVzdC1tZW1vcmlhbC1kYXkuZXVcL3dwLWNvbnRlbnRcL3VwbG9hZHNcLzIwMjBcLzA4XC9JTUdfMjAyMDAxMThfMTE0MDE4OTk5X0hEUi1zY2FsZWQuanBnIiwic2xpZGVzaG93IjoiY2Q5NDdkNSJ9\">\n\t\t\t\t\t<div class=\"e-gallery-image elementor-gallery-item__image\" data-thumbnail=\"https:\/\/www.roma-sinti-holocaust-memorial-day.eu\/wp-content\/uploads\/2020\/08\/IMG_20200118_114018999_HDR-1024x768.jpg\" data-width=\"1024\" data-height=\"768\" aria-label=\"\" role=\"img\" ><\/div>\n\t\t\t\t\t\t\t\t\t\t\t<div class=\"elementor-gallery-item__overlay\"><\/div>\n\t\t\t\t\t\t\t\t\t\t\t\t\t\t\t<div class=\"elementor-gallery-item__content\">\n\t\t\t\t\t\t\t\t\t\t\t\t\t\t<div class=\"elementor-gallery-item__title\">\n\t\t\t\t\t\t\t\t\t\t\t\t\t\t\t\t\t\tTopovske \u0161upe\t\t\t\t\t\t\t\t<\/div>\n\t\t\t\t\t\t\t\t\t\t\t\t<\/div>\n\t\t\t\t\t\t\t\t\t<\/a>\n\t\t\t\t\t\t\t<a class=\"e-gallery-item elementor-gallery-item elementor-animated-content\" href=\"https:\/\/www.roma-sinti-holocaust-memorial-day.eu\/wp-content\/uploads\/2020\/08\/IMG_20200118_114312571_HDR-scaled.jpg\" data-elementor-open-lightbox=\"yes\" data-elementor-lightbox-slideshow=\"cd947d5\" data-elementor-lightbox-title=\"Topovske \u0161upe\" data-elementor-lightbox-description=\"photo: Gordana Nesovic\" data-e-action-hash=\"#elementor-action%3Aaction%3Dlightbox%26settings%3DeyJpZCI6MzQwMywidXJsIjoiaHR0cHM6XC9cL3d3dy5yb21hLXNpbnRpLWhvbG9jYXVzdC1tZW1vcmlhbC1kYXkuZXVcL3dwLWNvbnRlbnRcL3VwbG9hZHNcLzIwMjBcLzA4XC9JTUdfMjAyMDAxMThfMTE0MzEyNTcxX0hEUi1zY2FsZWQuanBnIiwic2xpZGVzaG93IjoiY2Q5NDdkNSJ9\">\n\t\t\t\t\t<div class=\"e-gallery-image elementor-gallery-item__image\" data-thumbnail=\"https:\/\/www.roma-sinti-holocaust-memorial-day.eu\/wp-content\/uploads\/2020\/08\/IMG_20200118_114312571_HDR-1024x768.jpg\" data-width=\"1024\" data-height=\"768\" aria-label=\"\" role=\"img\" ><\/div>\n\t\t\t\t\t\t\t\t\t\t\t<div class=\"elementor-gallery-item__overlay\"><\/div>\n\t\t\t\t\t\t\t\t\t\t\t\t\t\t\t<div class=\"elementor-gallery-item__content\">\n\t\t\t\t\t\t\t\t\t\t\t\t\t\t<div class=\"elementor-gallery-item__title\">\n\t\t\t\t\t\t\t\t\t\t\t\t\t\t\t\t\t\tTopovske \u0161upe\t\t\t\t\t\t\t\t<\/div>\n\t\t\t\t\t\t\t\t\t\t\t\t<\/div>\n\t\t\t\t\t\t\t\t\t<\/a>\n\t\t\t\t\t<\/div>\n\t\t\t\t\t<\/div>\n\t\t\t\t<\/div>\n\t\t\t\t<div class=\"elementor-element elementor-element-2cc9c985 elementor-widget elementor-widget-spacer\" data-id=\"2cc9c985\" data-element_type=\"widget\" data-e-type=\"widget\" data-widget_type=\"spacer.default\">\n\t\t\t\t<div class=\"elementor-widget-container\">\n\t\t\t\t\t\t\t<div class=\"elementor-spacer\">\n\t\t\t<div class=\"elementor-spacer-inner\"><\/div>\n\t\t<\/div>\n\t\t\t\t\t\t<\/div>\n\t\t\t\t<\/div>\n\t\t\t\t<div class=\"elementor-element elementor-element-5ba3bc78 elementor-widget elementor-widget-spacer\" data-id=\"5ba3bc78\" data-element_type=\"widget\" data-e-type=\"widget\" data-widget_type=\"spacer.default\">\n\t\t\t\t<div class=\"elementor-widget-container\">\n\t\t\t\t\t\t\t<div class=\"elementor-spacer\">\n\t\t\t<div class=\"elementor-spacer-inner\"><\/div>\n\t\t<\/div>\n\t\t\t\t\t\t<\/div>\n\t\t\t\t<\/div>\n\t\t\t\t\t<\/div>\n\t\t<\/div>\n\t\t\t\t\t<\/div>\n\t\t<\/section>\n\t\t\t\t<section class=\"elementor-section elementor-top-section elementor-element elementor-element-c616792 elementor-section-boxed elementor-section-height-default elementor-section-height-default\" data-id=\"c616792\" data-element_type=\"section\" data-e-type=\"section\">\n\t\t\t\t\t\t<div class=\"elementor-container elementor-column-gap-default\">\n\t\t\t\t\t<div class=\"elementor-column elementor-col-100 elementor-top-column elementor-element elementor-element-7925058\" data-id=\"7925058\" data-element_type=\"column\" data-e-type=\"column\">\n\t\t\t<div class=\"elementor-widget-wrap elementor-element-populated\">\n\t\t\t\t\t\t<div class=\"elementor-element elementor-element-2290f13 elementor-widget elementor-widget-heading\" data-id=\"2290f13\" data-element_type=\"widget\" data-e-type=\"widget\" data-widget_type=\"heading.default\">\n\t\t\t\t<div class=\"elementor-widget-container\">\n\t\t\t\t\t<h4 class=\"elementor-heading-title elementor-size-default\">Aktuelle K\u00e4mpfe um F\u00fcrsprache und Anerkennung<\/h4>\t\t\t\t<\/div>\n\t\t\t\t<\/div>\n\t\t\t\t<div class=\"elementor-element elementor-element-6901921 elementor-posts--align-left elementor-grid-5 elementor-grid-tablet-4 elementor-grid-mobile-2 elementor-posts--thumbnail-top elementor-card-shadow-yes elementor-posts__hover-gradient elementor-widget elementor-widget-posts\" data-id=\"6901921\" data-element_type=\"widget\" data-e-type=\"widget\" data-settings=\"{&quot;cards_row_gap&quot;:{&quot;unit&quot;:&quot;px&quot;,&quot;size&quot;:20,&quot;sizes&quot;:[]},&quot;cards_columns&quot;:&quot;5&quot;,&quot;cards_columns_tablet&quot;:&quot;4&quot;,&quot;cards_columns_mobile&quot;:&quot;2&quot;,&quot;cards_row_gap_tablet&quot;:{&quot;unit&quot;:&quot;px&quot;,&quot;size&quot;:&quot;&quot;,&quot;sizes&quot;:[]},&quot;cards_row_gap_mobile&quot;:{&quot;unit&quot;:&quot;px&quot;,&quot;size&quot;:&quot;&quot;,&quot;sizes&quot;:[]}}\" data-widget_type=\"posts.cards\">\n\t\t\t\t<div class=\"elementor-widget-container\">\n\t\t\t\t\t\t\t<div class=\"elementor-posts-container elementor-posts elementor-posts--skin-cards elementor-grid\" role=\"list\">\n\t\t\t\t<article class=\"elementor-post elementor-grid-item post-3317 post type-post status-publish format-standard has-post-thumbnail hentry category-commemoration-ceremonies-2020 category-commemoration-ceremonies-across-europe category-current-struggles-and-advocacy-for-recognition category-recognition category-remembrance\" role=\"listitem\">\n\t\t\t<div class=\"elementor-post__card\">\n\t\t\t\t<a class=\"elementor-post__thumbnail__link\" href=\"https:\/\/www.roma-sinti-holocaust-memorial-day.eu\/de\/recognition\/remember-us-commemoration-of-the-romani-genocide\/\" tabindex=\"-1\" ><div class=\"elementor-post__thumbnail\"><img fetchpriority=\"high\" decoding=\"async\" width=\"1275\" height=\"1650\" src=\"https:\/\/www.roma-sinti-holocaust-memorial-day.eu\/wp-content\/uploads\/2020\/08\/RomaniGenocideFlyer.jpg\" class=\"attachment-full size-full wp-image-3319\" alt=\"\" srcset=\"https:\/\/www.roma-sinti-holocaust-memorial-day.eu\/wp-content\/uploads\/2020\/08\/RomaniGenocideFlyer.jpg 1275w, https:\/\/www.roma-sinti-holocaust-memorial-day.eu\/wp-content\/uploads\/2020\/08\/RomaniGenocideFlyer-232x300.jpg 232w, https:\/\/www.roma-sinti-holocaust-memorial-day.eu\/wp-content\/uploads\/2020\/08\/RomaniGenocideFlyer-791x1024.jpg 791w, https:\/\/www.roma-sinti-holocaust-memorial-day.eu\/wp-content\/uploads\/2020\/08\/RomaniGenocideFlyer-768x994.jpg 768w, https:\/\/www.roma-sinti-holocaust-memorial-day.eu\/wp-content\/uploads\/2020\/08\/RomaniGenocideFlyer-1187x1536.jpg 1187w\" sizes=\"(max-width: 1275px) 100vw, 1275px\" \/><\/div><\/a>\n\t\t\t\t<div class=\"elementor-post__text\">\n\t\t\t\t<h2 class=\"elementor-post__title\">\n\t\t\t<a href=\"https:\/\/www.roma-sinti-holocaust-memorial-day.eu\/de\/recognition\/remember-us-commemoration-of-the-romani-genocide\/\" >\n\t\t\t\tErinnert euch an uns: Gedenken an den Roma-Genozid\t\t\t<\/a>\n\t\t<\/h2>\n\t\t\t\t<div class=\"elementor-post__excerpt\">\n\t\t\t<p>2. August 2020, 2 August, 17:00 EST (UTC\u221204:00), Onlineveranstaltung<\/p>\n\t\t<\/div>\n\t\t\t\t<\/div>\n\t\t\t\t\t<\/div>\n\t\t<\/article>\n\t\t\t\t<article class=\"elementor-post elementor-grid-item post-6156 post type-post status-publish format-standard has-post-thumbnail hentry category-current-struggles-and-advocacy-for-recognition category-recognition\" role=\"listitem\">\n\t\t\t<div class=\"elementor-post__card\">\n\t\t\t\t<a class=\"elementor-post__thumbnail__link\" href=\"https:\/\/www.roma-sinti-holocaust-memorial-day.eu\/de\/recognition\/traditional-commemorative-ceremony-dedicated-to-the-romani-victims-of-nazism-will-be-held-on-sunday-1-august-at-lety-u-pisku-czech-republic\/\" tabindex=\"-1\" ><div class=\"elementor-post__thumbnail\"><img decoding=\"async\" width=\"630\" height=\"350\" src=\"https:\/\/www.roma-sinti-holocaust-memorial-day.eu\/wp-content\/uploads\/2021\/08\/phpThumb_generated_thumbnail.jpg\" class=\"attachment-full size-full wp-image-6149\" alt=\"\" srcset=\"https:\/\/www.roma-sinti-holocaust-memorial-day.eu\/wp-content\/uploads\/2021\/08\/phpThumb_generated_thumbnail.jpg 630w, https:\/\/www.roma-sinti-holocaust-memorial-day.eu\/wp-content\/uploads\/2021\/08\/phpThumb_generated_thumbnail-300x167.jpg 300w, https:\/\/www.roma-sinti-holocaust-memorial-day.eu\/wp-content\/uploads\/2021\/08\/phpThumb_generated_thumbnail-18x10.jpg 18w\" sizes=\"(max-width: 630px) 100vw, 630px\" \/><\/div><\/a>\n\t\t\t\t<div class=\"elementor-post__text\">\n\t\t\t\t<h2 class=\"elementor-post__title\">\n\t\t\t<a href=\"https:\/\/www.roma-sinti-holocaust-memorial-day.eu\/de\/recognition\/traditional-commemorative-ceremony-dedicated-to-the-romani-victims-of-nazism-will-be-held-on-sunday-1-august-at-lety-u-pisku-czech-republic\/\" >\n\t\t\t\tTraditional commemorative ceremony dedicated to the Romani victims of Nazism will be held on Sunday, 1 August at Lety u P\u00edsku, Czech Republic\t\t\t<\/a>\n\t\t<\/h2>\n\t\t\t\t<div class=\"elementor-post__excerpt\">\n\t\t\t<p>Commemorative ceremony at Lety u P\u00edsku, 2 August 2020. (PHOTO:<\/p>\n\t\t<\/div>\n\t\t\t\t<\/div>\n\t\t\t\t\t<\/div>\n\t\t<\/article>\n\t\t\t\t<article class=\"elementor-post elementor-grid-item post-411 post type-post status-publish format-standard has-post-thumbnail hentry category-current-struggles-and-advocacy-for-recognition category-recognition\" role=\"listitem\">\n\t\t\t<div class=\"elementor-post__card\">\n\t\t\t\t<a class=\"elementor-post__thumbnail__link\" href=\"https:\/\/www.roma-sinti-holocaust-memorial-day.eu\/de\/recognition\/lety\/\" tabindex=\"-1\" ><div class=\"elementor-post__thumbnail\"><img decoding=\"async\" width=\"1500\" height=\"1000\" src=\"https:\/\/www.roma-sinti-holocaust-memorial-day.eu\/wp-content\/uploads\/2020\/07\/Lety_photo02_Pursche.jpg\" class=\"attachment-full size-full wp-image-413\" alt=\"\" srcset=\"https:\/\/www.roma-sinti-holocaust-memorial-day.eu\/wp-content\/uploads\/2020\/07\/Lety_photo02_Pursche.jpg 1500w, https:\/\/www.roma-sinti-holocaust-memorial-day.eu\/wp-content\/uploads\/2020\/07\/Lety_photo02_Pursche-300x200.jpg 300w, https:\/\/www.roma-sinti-holocaust-memorial-day.eu\/wp-content\/uploads\/2020\/07\/Lety_photo02_Pursche-1024x683.jpg 1024w, https:\/\/www.roma-sinti-holocaust-memorial-day.eu\/wp-content\/uploads\/2020\/07\/Lety_photo02_Pursche-768x512.jpg 768w\" sizes=\"(max-width: 1500px) 100vw, 1500px\" \/><\/div><\/a>\n\t\t\t\t<div class=\"elementor-post__text\">\n\t\t\t\t<h2 class=\"elementor-post__title\">\n\t\t\t<a href=\"https:\/\/www.roma-sinti-holocaust-memorial-day.eu\/de\/recognition\/lety\/\" >\n\t\t\t\tDer Kampf um die Beseitigung der Schweinzuchtbetriebe am fr\u00fcheren \u201eZigeuner-Lager\u201c nahe Lety u P\u00edsku\t\t\t<\/a>\n\t\t<\/h2>\n\t\t\t\t<div class=\"elementor-post__excerpt\">\n\t\t\t<p>Ausstellung \"45 Jahre B\u00fcrgerrechtsarbeit deutscher Sinti und Roma\"<\/p>\n\t\t<\/div>\n\t\t\t\t<\/div>\n\t\t\t\t\t<\/div>\n\t\t<\/article>\n\t\t\t\t<article class=\"elementor-post elementor-grid-item post-3252 post type-post status-publish format-standard has-post-thumbnail hentry category-current-struggles-and-advocacy-for-recognition category-recognition\" role=\"listitem\">\n\t\t\t<div class=\"elementor-post__card\">\n\t\t\t\t<a class=\"elementor-post__thumbnail__link\" href=\"https:\/\/www.roma-sinti-holocaust-memorial-day.eu\/de\/recognition\/romaremember\/\" tabindex=\"-1\" ><div class=\"elementor-post__thumbnail\"><img loading=\"lazy\" decoding=\"async\" width=\"651\" height=\"669\" src=\"https:\/\/www.roma-sinti-holocaust-memorial-day.eu\/wp-content\/uploads\/2020\/08\/Kachel-8.jpg\" class=\"attachment-full size-full wp-image-3253\" alt=\"\" srcset=\"https:\/\/www.roma-sinti-holocaust-memorial-day.eu\/wp-content\/uploads\/2020\/08\/Kachel-8.jpg 651w, https:\/\/www.roma-sinti-holocaust-memorial-day.eu\/wp-content\/uploads\/2020\/08\/Kachel-8-292x300.jpg 292w\" sizes=\"(max-width: 651px) 100vw, 651px\" \/><\/div><\/a>\n\t\t\t\t<div class=\"elementor-post__text\">\n\t\t\t\t<h2 class=\"elementor-post__title\">\n\t\t\t<a href=\"https:\/\/www.roma-sinti-holocaust-memorial-day.eu\/de\/recognition\/romaremember\/\" >\n\t\t\t\t#RomaRemember\t\t\t<\/a>\n\t\t<\/h2>\n\t\t\t\t<div class=\"elementor-post__excerpt\">\n\t\t\t<p>Gemeinsame Erkl\u00e4rung anl\u00e4sslich des 2. August 2020 - Internationaler Holocaust-Gedenktag f\u00fcr Sinti und Roma<\/p>\n\t\t<\/div>\n\t\t\t\t<\/div>\n\t\t\t\t\t<\/div>\n\t\t<\/article>\n\t\t\t\t<article class=\"elementor-post elementor-grid-item post-850 post type-post status-publish format-standard has-post-thumbnail hentry category-current-struggles-and-advocacy-for-recognition category-recognition\" role=\"listitem\">\n\t\t\t<div class=\"elementor-post__card\">\n\t\t\t\t<a class=\"elementor-post__thumbnail__link\" href=\"https:\/\/www.roma-sinti-holocaust-memorial-day.eu\/de\/recognition\/the-holocaust-in-romania-and-deportations-of-roma-to-transnistria\/\" tabindex=\"-1\" ><div class=\"elementor-post__thumbnail\"><img loading=\"lazy\" decoding=\"async\" width=\"2560\" height=\"1702\" src=\"https:\/\/www.roma-sinti-holocaust-memorial-day.eu\/wp-content\/uploads\/2020\/07\/Poze_2-August-Holocaustul-Romilor_2016-30-scaled.jpg\" class=\"attachment-full size-full wp-image-851\" alt=\"Remembrance event in Bucharest on 2 August 2016; Daniel Vasile (former Member of Parliament), Constantin Braila (Roma survivor), Rozalia-Dana Varga (Roma State Counselor)\" srcset=\"https:\/\/www.roma-sinti-holocaust-memorial-day.eu\/wp-content\/uploads\/2020\/07\/Poze_2-August-Holocaustul-Romilor_2016-30-scaled.jpg 2560w, https:\/\/www.roma-sinti-holocaust-memorial-day.eu\/wp-content\/uploads\/2020\/07\/Poze_2-August-Holocaustul-Romilor_2016-30-300x199.jpg 300w, https:\/\/www.roma-sinti-holocaust-memorial-day.eu\/wp-content\/uploads\/2020\/07\/Poze_2-August-Holocaustul-Romilor_2016-30-1024x681.jpg 1024w, https:\/\/www.roma-sinti-holocaust-memorial-day.eu\/wp-content\/uploads\/2020\/07\/Poze_2-August-Holocaustul-Romilor_2016-30-768x511.jpg 768w, https:\/\/www.roma-sinti-holocaust-memorial-day.eu\/wp-content\/uploads\/2020\/07\/Poze_2-August-Holocaustul-Romilor_2016-30-1536x1021.jpg 1536w, https:\/\/www.roma-sinti-holocaust-memorial-day.eu\/wp-content\/uploads\/2020\/07\/Poze_2-August-Holocaustul-Romilor_2016-30-2048x1362.jpg 2048w\" sizes=\"(max-width: 2560px) 100vw, 2560px\" \/><\/div><\/a>\n\t\t\t\t<div class=\"elementor-post__text\">\n\t\t\t\t<h2 class=\"elementor-post__title\">\n\t\t\t<a href=\"https:\/\/www.roma-sinti-holocaust-memorial-day.eu\/de\/recognition\/the-holocaust-in-romania-and-deportations-of-roma-to-transnistria\/\" >\n\t\t\t\tDer Holocaust in Rum\u00e4nien und die Deportation der Roma nach Transnistrien\t\t\t<\/a>\n\t\t<\/h2>\n\t\t\t\t<div class=\"elementor-post__excerpt\">\n\t\t\t<p>Ausstellung \"45 Jahre B\u00fcrgerrechtsarbeit deutscher Sinti und Roma\"<\/p>\n\t\t<\/div>\n\t\t\t\t<\/div>\n\t\t\t\t\t<\/div>\n\t\t<\/article>\n\t\t\t\t<article class=\"elementor-post elementor-grid-item post-821 post type-post status-publish format-standard has-post-thumbnail hentry category-current-struggles-and-advocacy-for-recognition category-recognition\" role=\"listitem\">\n\t\t\t<div class=\"elementor-post__card\">\n\t\t\t\t<a class=\"elementor-post__thumbnail__link\" href=\"https:\/\/www.roma-sinti-holocaust-memorial-day.eu\/de\/recognition\/the-jasenovac-concentration-camp-and-the-struggle-for-recognition-in-croatia\/\" tabindex=\"-1\" ><div class=\"elementor-post__thumbnail\"><img loading=\"lazy\" decoding=\"async\" width=\"2560\" height=\"1797\" src=\"https:\/\/www.roma-sinti-holocaust-memorial-day.eu\/wp-content\/uploads\/2020\/07\/Photo-1-scaled.jpg\" class=\"attachment-full size-full wp-image-824\" alt=\"Nadir and Fatima Dedic, Roma survivors of the Jasenovac concentration camp, July 2010\" srcset=\"https:\/\/www.roma-sinti-holocaust-memorial-day.eu\/wp-content\/uploads\/2020\/07\/Photo-1-scaled.jpg 2560w, https:\/\/www.roma-sinti-holocaust-memorial-day.eu\/wp-content\/uploads\/2020\/07\/Photo-1-300x211.jpg 300w, https:\/\/www.roma-sinti-holocaust-memorial-day.eu\/wp-content\/uploads\/2020\/07\/Photo-1-1024x719.jpg 1024w, https:\/\/www.roma-sinti-holocaust-memorial-day.eu\/wp-content\/uploads\/2020\/07\/Photo-1-768x539.jpg 768w, https:\/\/www.roma-sinti-holocaust-memorial-day.eu\/wp-content\/uploads\/2020\/07\/Photo-1-1536x1078.jpg 1536w, https:\/\/www.roma-sinti-holocaust-memorial-day.eu\/wp-content\/uploads\/2020\/07\/Photo-1-2048x1438.jpg 2048w\" sizes=\"(max-width: 2560px) 100vw, 2560px\" \/><\/div><\/a>\n\t\t\t\t<div class=\"elementor-post__text\">\n\t\t\t\t<h2 class=\"elementor-post__title\">\n\t\t\t<a href=\"https:\/\/www.roma-sinti-holocaust-memorial-day.eu\/de\/recognition\/the-jasenovac-concentration-camp-and-the-struggle-for-recognition-in-croatia\/\" >\n\t\t\t\tDas Konzentrationslager Jasenovac und der Kampf um Anerkennung in Kroatien\t\t\t<\/a>\n\t\t<\/h2>\n\t\t\t\t<div class=\"elementor-post__excerpt\">\n\t\t\t<p>Ausstellung \"45 Jahre B\u00fcrgerrechtsarbeit deutscher Sinti und Roma\"<\/p>\n\t\t<\/div>\n\t\t\t\t<\/div>\n\t\t\t\t\t<\/div>\n\t\t<\/article>\n\t\t\t\t<article class=\"elementor-post elementor-grid-item post-3371 post type-post status-publish format-standard has-post-thumbnail hentry category-current-struggles-and-advocacy-for-recognition category-recognition\" role=\"listitem\">\n\t\t\t<div class=\"elementor-post__card\">\n\t\t\t\t<a class=\"elementor-post__thumbnail__link\" href=\"https:\/\/www.roma-sinti-holocaust-memorial-day.eu\/de\/recognition\/struggle-for-a-dignified-memorial-site\/\" tabindex=\"-1\" ><div class=\"elementor-post__thumbnail\"><img loading=\"lazy\" decoding=\"async\" width=\"1920\" height=\"2560\" src=\"https:\/\/www.roma-sinti-holocaust-memorial-day.eu\/wp-content\/uploads\/2020\/08\/IMG_20200118_110934118_HDR-scaled.jpg\" class=\"attachment-full size-full wp-image-3373\" alt=\"\" srcset=\"https:\/\/www.roma-sinti-holocaust-memorial-day.eu\/wp-content\/uploads\/2020\/08\/IMG_20200118_110934118_HDR-scaled.jpg 1920w, https:\/\/www.roma-sinti-holocaust-memorial-day.eu\/wp-content\/uploads\/2020\/08\/IMG_20200118_110934118_HDR-225x300.jpg 225w, https:\/\/www.roma-sinti-holocaust-memorial-day.eu\/wp-content\/uploads\/2020\/08\/IMG_20200118_110934118_HDR-768x1024.jpg 768w, https:\/\/www.roma-sinti-holocaust-memorial-day.eu\/wp-content\/uploads\/2020\/08\/IMG_20200118_110934118_HDR-1152x1536.jpg 1152w, https:\/\/www.roma-sinti-holocaust-memorial-day.eu\/wp-content\/uploads\/2020\/08\/IMG_20200118_110934118_HDR-1536x2048.jpg 1536w\" sizes=\"(max-width: 1920px) 100vw, 1920px\" \/><\/div><\/a>\n\t\t\t\t<div class=\"elementor-post__text\">\n\t\t\t\t<h2 class=\"elementor-post__title\">\n\t\t\t<a href=\"https:\/\/www.roma-sinti-holocaust-memorial-day.eu\/de\/recognition\/struggle-for-a-dignified-memorial-site\/\" >\n\t\t\t\tDer Kampf um eine w\u00fcrdige Gedenkst\u00e4tte\t\t\t<\/a>\n\t\t<\/h2>\n\t\t\t\t<div class=\"elementor-post__excerpt\">\n\t\t\t<p>Das Lager Topovske \u0161upe in Serbien<\/p>\n\t\t<\/div>\n\t\t\t\t<\/div>\n\t\t\t\t\t<\/div>\n\t\t<\/article>\n\t\t\t\t<article class=\"elementor-post elementor-grid-item post-4704 post type-post status-publish format-standard has-post-thumbnail hentry category-current-struggles-and-advocacy-for-recognition category-recognition\" role=\"listitem\">\n\t\t\t<div class=\"elementor-post__card\">\n\t\t\t\t<a class=\"elementor-post__thumbnail__link\" href=\"https:\/\/www.roma-sinti-holocaust-memorial-day.eu\/de\/recognition\/from-remembrance-to-reconciliation\/\" tabindex=\"-1\" ><div class=\"elementor-post__thumbnail\"><img loading=\"lazy\" decoding=\"async\" width=\"1731\" height=\"1154\" src=\"https:\/\/www.roma-sinti-holocaust-memorial-day.eu\/wp-content\/uploads\/2020\/11\/20190321_EP-086596A_DBA_119_RESIZED_L.jpg\" class=\"attachment-full size-full wp-image-4699\" alt=\"\" srcset=\"https:\/\/www.roma-sinti-holocaust-memorial-day.eu\/wp-content\/uploads\/2020\/11\/20190321_EP-086596A_DBA_119_RESIZED_L.jpg 1731w, https:\/\/www.roma-sinti-holocaust-memorial-day.eu\/wp-content\/uploads\/2020\/11\/20190321_EP-086596A_DBA_119_RESIZED_L-300x200.jpg 300w, https:\/\/www.roma-sinti-holocaust-memorial-day.eu\/wp-content\/uploads\/2020\/11\/20190321_EP-086596A_DBA_119_RESIZED_L-1024x683.jpg 1024w, https:\/\/www.roma-sinti-holocaust-memorial-day.eu\/wp-content\/uploads\/2020\/11\/20190321_EP-086596A_DBA_119_RESIZED_L-768x512.jpg 768w, https:\/\/www.roma-sinti-holocaust-memorial-day.eu\/wp-content\/uploads\/2020\/11\/20190321_EP-086596A_DBA_119_RESIZED_L-1536x1024.jpg 1536w, https:\/\/www.roma-sinti-holocaust-memorial-day.eu\/wp-content\/uploads\/2020\/11\/20190321_EP-086596A_DBA_119_RESIZED_L-16x12.jpg 16w\" sizes=\"(max-width: 1731px) 100vw, 1731px\" \/><\/div><\/a>\n\t\t\t\t<div class=\"elementor-post__text\">\n\t\t\t\t<h2 class=\"elementor-post__title\">\n\t\t\t<a href=\"https:\/\/www.roma-sinti-holocaust-memorial-day.eu\/de\/recognition\/from-remembrance-to-reconciliation\/\" >\n\t\t\t\tVom Erinnern zum Vers\u00f6hnen\t\t\t<\/a>\n\t\t<\/h2>\n\t\t\t\t<div class=\"elementor-post__excerpt\">\n\t\t\t<p>Internationale Konferenz in Br\u00fcssel, M\u00e4rz 2019<\/p>\n\t\t<\/div>\n\t\t\t\t<\/div>\n\t\t\t\t\t<\/div>\n\t\t<\/article>\n\t\t\t\t<\/div>\n\t\t\n\t\t\t\t\t\t<\/div>\n\t\t\t\t<\/div>\n\t\t\t\t<div class=\"elementor-element elementor-element-14858c3 elementor-widget elementor-widget-spacer\" data-id=\"14858c3\" data-element_type=\"widget\" data-e-type=\"widget\" data-widget_type=\"spacer.default\">\n\t\t\t\t<div class=\"elementor-widget-container\">\n\t\t\t\t\t\t\t<div class=\"elementor-spacer\">\n\t\t\t<div class=\"elementor-spacer-inner\"><\/div>\n\t\t<\/div>\n\t\t\t\t\t\t<\/div>\n\t\t\t\t<\/div>\n\t\t\t\t\t<\/div>\n\t\t<\/div>\n\t\t\t\t\t<\/div>\n\t\t<\/section>\n\t\t\t\t<\/div>","protected":false},"excerpt":{"rendered":"<p>Das Lager Topovske \u0161upe in Serbien<\/p>","protected":false},"author":3,"featured_media":3373,"comment_status":"closed","ping_status":"closed","sticky":false,"template":"","format":"standard","meta":{"_monsterinsights_skip_tracking":false,"_monsterinsights_sitenote_active":false,"_monsterinsights_sitenote_note":"","_monsterinsights_sitenote_category":0,"site-sidebar-layout":"default","site-content-layout":"default","ast-site-content-layout":"default","site-content-style":"default","site-sidebar-style":"default","ast-global-header-display":"","ast-banner-title-visibility":"","ast-main-header-display":"","ast-hfb-above-header-display":"","ast-hfb-below-header-display":"","ast-hfb-mobile-header-display":"","site-post-title":"","ast-breadcrumbs-content":"","ast-featured-img":"","footer-sml-layout":"","ast-disable-related-posts":"","theme-transparent-header-meta":"default","adv-header-id-meta":"","stick-header-meta":"","header-above-stick-meta":"","header-main-stick-meta":"","header-below-stick-meta":"","astra-migrate-meta-layouts":"default","ast-page-background-enabled":"default","ast-page-background-meta":{"desktop":{"background-color":"","background-image":"","background-repeat":"repeat","background-position":"center center","background-size":"auto","background-attachment":"scroll","background-type":"","background-media":"","overlay-type":"","overlay-color":"","overlay-opacity":"","overlay-gradient":""},"tablet":{"background-color":"","background-image":"","background-repeat":"repeat","background-position":"center center","background-size":"auto","background-attachment":"scroll","background-type":"","background-media":"","overlay-type":"","overlay-color":"","overlay-opacity":"","overlay-gradient":""},"mobile":{"background-color":"","background-image":"","background-repeat":"repeat","background-position":"center center","background-size":"auto","background-attachment":"scroll","background-type":"","background-media":"","overlay-type":"","overlay-color":"","overlay-opacity":"","overlay-gradient":""}},"ast-content-background-meta":{"desktop":{"background-color":"var(--ast-global-color-5)","background-image":"","background-repeat":"repeat","background-position":"center center","background-size":"auto","background-attachment":"scroll","background-type":"","background-media":"","overlay-type":"","overlay-color":"","overlay-opacity":"","overlay-gradient":""},"tablet":{"background-color":"var(--ast-global-color-5)","background-image":"","background-repeat":"repeat","background-position":"center center","background-size":"auto","background-attachment":"scroll","background-type":"","background-media":"","overlay-type":"","overlay-color":"","overlay-opacity":"","overlay-gradient":""},"mobile":{"background-color":"var(--ast-global-color-5)","background-image":"","background-repeat":"repeat","background-position":"center center","background-size":"auto","background-attachment":"scroll","background-type":"","background-media":"","overlay-type":"","overlay-color":"","overlay-opacity":"","overlay-gradient":""}},"footnotes":""},"categories":[40,37],"tags":[],"class_list":["post-3371","post","type-post","status-publish","format-standard","has-post-thumbnail","hentry","category-current-struggles-and-advocacy-for-recognition","category-recognition"],"yoast_head":"<!-- This site is optimized with the Yoast SEO plugin v27.4 - https:\/\/yoast.com\/product\/yoast-seo-wordpress\/ -->\n<title>Struggle for a dignified memorial site - European Holocaust Memorial Day for Sinti und Roma<\/title>\n<meta name=\"robots\" content=\"index, follow, max-snippet:-1, max-image-preview:large, max-video-preview:-1\" \/>\n<link rel=\"canonical\" href=\"https:\/\/www.roma-sinti-holocaust-memorial-day.eu\/de\/recognition\/struggle-for-a-dignified-memorial-site\/\" \/>\n<meta property=\"og:locale\" content=\"de_DE\" \/>\n<meta property=\"og:type\" content=\"article\" \/>\n<meta property=\"og:title\" content=\"Struggle for a dignified memorial site - European Holocaust Memorial Day for Sinti und Roma\" \/>\n<meta property=\"og:description\" content=\"Camp Topovske \u0161upe in Serbia\" \/>\n<meta property=\"og:url\" content=\"https:\/\/www.roma-sinti-holocaust-memorial-day.eu\/de\/recognition\/struggle-for-a-dignified-memorial-site\/\" \/>\n<meta property=\"og:site_name\" content=\"European Holocaust Memorial Day for Sinti und Roma\" \/>\n<meta property=\"article:published_time\" content=\"2020-08-01T21:50:42+00:00\" \/>\n<meta property=\"article:modified_time\" content=\"2020-08-12T09:18:44+00:00\" \/>\n<meta property=\"og:image\" content=\"https:\/\/www.roma-sinti-holocaust-memorial-day.eu\/wp-content\/uploads\/2020\/08\/IMG_20200118_110934118_HDR-scaled.jpg\" \/>\n\t<meta property=\"og:image:width\" content=\"1920\" \/>\n\t<meta property=\"og:image:height\" content=\"2560\" \/>\n\t<meta property=\"og:image:type\" content=\"image\/jpeg\" \/>\n<meta name=\"author\" content=\"Praktikantin\" \/>\n<meta name=\"twitter:card\" content=\"summary_large_image\" \/>\n<meta name=\"twitter:label1\" content=\"Verfasst von\" \/>\n\t<meta name=\"twitter:data1\" content=\"Praktikantin\" \/>\n\t<meta name=\"twitter:label2\" content=\"Gesch\u00e4tzte Lesezeit\" \/>\n\t<meta name=\"twitter:data2\" content=\"3\u00a0Minuten\" \/>\n<script type=\"application\/ld+json\" class=\"yoast-schema-graph\">{\"@context\":\"https:\\\/\\\/schema.org\",\"@graph\":[{\"@type\":\"Article\",\"@id\":\"https:\\\/\\\/www.roma-sinti-holocaust-memorial-day.eu\\\/recognition\\\/struggle-for-a-dignified-memorial-site\\\/#article\",\"isPartOf\":{\"@id\":\"https:\\\/\\\/www.roma-sinti-holocaust-memorial-day.eu\\\/recognition\\\/struggle-for-a-dignified-memorial-site\\\/\"},\"author\":{\"name\":\"Praktikantin\",\"@id\":\"https:\\\/\\\/www.roma-sinti-holocaust-memorial-day.eu\\\/#\\\/schema\\\/person\\\/ed05764c92f1871ca7c026e74b1699d8\"},\"headline\":\"Struggle for a dignified memorial site\",\"datePublished\":\"2020-08-01T21:50:42+00:00\",\"dateModified\":\"2020-08-12T09:18:44+00:00\",\"mainEntityOfPage\":{\"@id\":\"https:\\\/\\\/www.roma-sinti-holocaust-memorial-day.eu\\\/recognition\\\/struggle-for-a-dignified-memorial-site\\\/\"},\"wordCount\":584,\"publisher\":{\"@id\":\"https:\\\/\\\/www.roma-sinti-holocaust-memorial-day.eu\\\/#organization\"},\"image\":{\"@id\":\"https:\\\/\\\/www.roma-sinti-holocaust-memorial-day.eu\\\/recognition\\\/struggle-for-a-dignified-memorial-site\\\/#primaryimage\"},\"thumbnailUrl\":\"https:\\\/\\\/www.roma-sinti-holocaust-memorial-day.eu\\\/wp-content\\\/uploads\\\/2020\\\/08\\\/IMG_20200118_110934118_HDR-scaled.jpg\",\"articleSection\":[\"Current struggles and advocacy for recognition\",\"Recognition\"],\"inLanguage\":\"de\"},{\"@type\":\"WebPage\",\"@id\":\"https:\\\/\\\/www.roma-sinti-holocaust-memorial-day.eu\\\/recognition\\\/struggle-for-a-dignified-memorial-site\\\/\",\"url\":\"https:\\\/\\\/www.roma-sinti-holocaust-memorial-day.eu\\\/recognition\\\/struggle-for-a-dignified-memorial-site\\\/\",\"name\":\"Struggle for a dignified memorial site - European Holocaust Memorial Day for Sinti und Roma\",\"isPartOf\":{\"@id\":\"https:\\\/\\\/www.roma-sinti-holocaust-memorial-day.eu\\\/#website\"},\"primaryImageOfPage\":{\"@id\":\"https:\\\/\\\/www.roma-sinti-holocaust-memorial-day.eu\\\/recognition\\\/struggle-for-a-dignified-memorial-site\\\/#primaryimage\"},\"image\":{\"@id\":\"https:\\\/\\\/www.roma-sinti-holocaust-memorial-day.eu\\\/recognition\\\/struggle-for-a-dignified-memorial-site\\\/#primaryimage\"},\"thumbnailUrl\":\"https:\\\/\\\/www.roma-sinti-holocaust-memorial-day.eu\\\/wp-content\\\/uploads\\\/2020\\\/08\\\/IMG_20200118_110934118_HDR-scaled.jpg\",\"datePublished\":\"2020-08-01T21:50:42+00:00\",\"dateModified\":\"2020-08-12T09:18:44+00:00\",\"breadcrumb\":{\"@id\":\"https:\\\/\\\/www.roma-sinti-holocaust-memorial-day.eu\\\/recognition\\\/struggle-for-a-dignified-memorial-site\\\/#breadcrumb\"},\"inLanguage\":\"de\",\"potentialAction\":[{\"@type\":\"ReadAction\",\"target\":[\"https:\\\/\\\/www.roma-sinti-holocaust-memorial-day.eu\\\/recognition\\\/struggle-for-a-dignified-memorial-site\\\/\"]}]},{\"@type\":\"ImageObject\",\"inLanguage\":\"de\",\"@id\":\"https:\\\/\\\/www.roma-sinti-holocaust-memorial-day.eu\\\/recognition\\\/struggle-for-a-dignified-memorial-site\\\/#primaryimage\",\"url\":\"https:\\\/\\\/www.roma-sinti-holocaust-memorial-day.eu\\\/wp-content\\\/uploads\\\/2020\\\/08\\\/IMG_20200118_110934118_HDR-scaled.jpg\",\"contentUrl\":\"https:\\\/\\\/www.roma-sinti-holocaust-memorial-day.eu\\\/wp-content\\\/uploads\\\/2020\\\/08\\\/IMG_20200118_110934118_HDR-scaled.jpg\",\"width\":1920,\"height\":2560},{\"@type\":\"BreadcrumbList\",\"@id\":\"https:\\\/\\\/www.roma-sinti-holocaust-memorial-day.eu\\\/recognition\\\/struggle-for-a-dignified-memorial-site\\\/#breadcrumb\",\"itemListElement\":[{\"@type\":\"ListItem\",\"position\":1,\"name\":\"Home\",\"item\":\"https:\\\/\\\/www.roma-sinti-holocaust-memorial-day.eu\\\/\"},{\"@type\":\"ListItem\",\"position\":2,\"name\":\"Struggle for a dignified memorial site\"}]},{\"@type\":\"WebSite\",\"@id\":\"https:\\\/\\\/www.roma-sinti-holocaust-memorial-day.eu\\\/#website\",\"url\":\"https:\\\/\\\/www.roma-sinti-holocaust-memorial-day.eu\\\/\",\"name\":\"European Holocaust Memorial Day for Sinti und Roma\",\"description\":\"\",\"publisher\":{\"@id\":\"https:\\\/\\\/www.roma-sinti-holocaust-memorial-day.eu\\\/#organization\"},\"potentialAction\":[{\"@type\":\"SearchAction\",\"target\":{\"@type\":\"EntryPoint\",\"urlTemplate\":\"https:\\\/\\\/www.roma-sinti-holocaust-memorial-day.eu\\\/?s={search_term_string}\"},\"query-input\":{\"@type\":\"PropertyValueSpecification\",\"valueRequired\":true,\"valueName\":\"search_term_string\"}}],\"inLanguage\":\"de\"},{\"@type\":\"Organization\",\"@id\":\"https:\\\/\\\/www.roma-sinti-holocaust-memorial-day.eu\\\/#organization\",\"name\":\"European Holocaust Memorial Day for Sinti und Roma\",\"url\":\"https:\\\/\\\/www.roma-sinti-holocaust-memorial-day.eu\\\/\",\"logo\":{\"@type\":\"ImageObject\",\"inLanguage\":\"de\",\"@id\":\"https:\\\/\\\/www.roma-sinti-holocaust-memorial-day.eu\\\/#\\\/schema\\\/logo\\\/image\\\/\",\"url\":\"https:\\\/\\\/www.roma-sinti-holocaust-memorial-day.eu\\\/wp-content\\\/uploads\\\/2020\\\/06\\\/en-logo-2020-europaeischer-holocaust-gedenktag-f\u00fcr-sinti-und-roma_gelb.svg\",\"contentUrl\":\"https:\\\/\\\/www.roma-sinti-holocaust-memorial-day.eu\\\/wp-content\\\/uploads\\\/2020\\\/06\\\/en-logo-2020-europaeischer-holocaust-gedenktag-f\u00fcr-sinti-und-roma_gelb.svg\",\"caption\":\"European Holocaust Memorial Day for Sinti und Roma\"},\"image\":{\"@id\":\"https:\\\/\\\/www.roma-sinti-holocaust-memorial-day.eu\\\/#\\\/schema\\\/logo\\\/image\\\/\"}},{\"@type\":\"Person\",\"@id\":\"https:\\\/\\\/www.roma-sinti-holocaust-memorial-day.eu\\\/#\\\/schema\\\/person\\\/ed05764c92f1871ca7c026e74b1699d8\",\"name\":\"Praktikantin\",\"image\":{\"@type\":\"ImageObject\",\"inLanguage\":\"de\",\"@id\":\"https:\\\/\\\/secure.gravatar.com\\\/avatar\\\/19a54746224b2e0869f1461179123eb9ec59f43e63be4fb8756f5b5ebae61bb0?s=96&d=mm&r=g\",\"url\":\"https:\\\/\\\/secure.gravatar.com\\\/avatar\\\/19a54746224b2e0869f1461179123eb9ec59f43e63be4fb8756f5b5ebae61bb0?s=96&d=mm&r=g\",\"contentUrl\":\"https:\\\/\\\/secure.gravatar.com\\\/avatar\\\/19a54746224b2e0869f1461179123eb9ec59f43e63be4fb8756f5b5ebae61bb0?s=96&d=mm&r=g\",\"caption\":\"Praktikantin\"},\"url\":\"https:\\\/\\\/www.roma-sinti-holocaust-memorial-day.eu\\\/de\\\/author\\\/praktikantin\\\/\"}]}<\/script>\n<!-- \/ Yoast SEO plugin. -->","yoast_head_json":{"title":"Struggle for a dignified memorial site - European Holocaust Memorial Day for Sinti und Roma","robots":{"index":"index","follow":"follow","max-snippet":"max-snippet:-1","max-image-preview":"max-image-preview:large","max-video-preview":"max-video-preview:-1"},"canonical":"https:\/\/www.roma-sinti-holocaust-memorial-day.eu\/de\/recognition\/struggle-for-a-dignified-memorial-site\/","og_locale":"de_DE","og_type":"article","og_title":"Struggle for a dignified memorial site - European Holocaust Memorial Day for Sinti und Roma","og_description":"Camp Topovske \u0161upe in Serbia","og_url":"https:\/\/www.roma-sinti-holocaust-memorial-day.eu\/de\/recognition\/struggle-for-a-dignified-memorial-site\/","og_site_name":"European Holocaust Memorial Day for Sinti und Roma","article_published_time":"2020-08-01T21:50:42+00:00","article_modified_time":"2020-08-12T09:18:44+00:00","og_image":[{"width":1920,"height":2560,"url":"https:\/\/www.roma-sinti-holocaust-memorial-day.eu\/wp-content\/uploads\/2020\/08\/IMG_20200118_110934118_HDR-scaled.jpg","type":"image\/jpeg"}],"author":"Praktikantin","twitter_card":"summary_large_image","twitter_misc":{"Verfasst von":"Praktikantin","Gesch\u00e4tzte Lesezeit":"3\u00a0Minuten"},"schema":{"@context":"https:\/\/schema.org","@graph":[{"@type":"Article","@id":"https:\/\/www.roma-sinti-holocaust-memorial-day.eu\/recognition\/struggle-for-a-dignified-memorial-site\/#article","isPartOf":{"@id":"https:\/\/www.roma-sinti-holocaust-memorial-day.eu\/recognition\/struggle-for-a-dignified-memorial-site\/"},"author":{"name":"Praktikantin","@id":"https:\/\/www.roma-sinti-holocaust-memorial-day.eu\/#\/schema\/person\/ed05764c92f1871ca7c026e74b1699d8"},"headline":"Struggle for a dignified memorial site","datePublished":"2020-08-01T21:50:42+00:00","dateModified":"2020-08-12T09:18:44+00:00","mainEntityOfPage":{"@id":"https:\/\/www.roma-sinti-holocaust-memorial-day.eu\/recognition\/struggle-for-a-dignified-memorial-site\/"},"wordCount":584,"publisher":{"@id":"https:\/\/www.roma-sinti-holocaust-memorial-day.eu\/#organization"},"image":{"@id":"https:\/\/www.roma-sinti-holocaust-memorial-day.eu\/recognition\/struggle-for-a-dignified-memorial-site\/#primaryimage"},"thumbnailUrl":"https:\/\/www.roma-sinti-holocaust-memorial-day.eu\/wp-content\/uploads\/2020\/08\/IMG_20200118_110934118_HDR-scaled.jpg","articleSection":["Current struggles and advocacy for recognition","Recognition"],"inLanguage":"de"},{"@type":"WebPage","@id":"https:\/\/www.roma-sinti-holocaust-memorial-day.eu\/recognition\/struggle-for-a-dignified-memorial-site\/","url":"https:\/\/www.roma-sinti-holocaust-memorial-day.eu\/recognition\/struggle-for-a-dignified-memorial-site\/","name":"Struggle for a dignified memorial site - European Holocaust Memorial Day for Sinti und Roma","isPartOf":{"@id":"https:\/\/www.roma-sinti-holocaust-memorial-day.eu\/#website"},"primaryImageOfPage":{"@id":"https:\/\/www.roma-sinti-holocaust-memorial-day.eu\/recognition\/struggle-for-a-dignified-memorial-site\/#primaryimage"},"image":{"@id":"https:\/\/www.roma-sinti-holocaust-memorial-day.eu\/recognition\/struggle-for-a-dignified-memorial-site\/#primaryimage"},"thumbnailUrl":"https:\/\/www.roma-sinti-holocaust-memorial-day.eu\/wp-content\/uploads\/2020\/08\/IMG_20200118_110934118_HDR-scaled.jpg","datePublished":"2020-08-01T21:50:42+00:00","dateModified":"2020-08-12T09:18:44+00:00","breadcrumb":{"@id":"https:\/\/www.roma-sinti-holocaust-memorial-day.eu\/recognition\/struggle-for-a-dignified-memorial-site\/#breadcrumb"},"inLanguage":"de","potentialAction":[{"@type":"ReadAction","target":["https:\/\/www.roma-sinti-holocaust-memorial-day.eu\/recognition\/struggle-for-a-dignified-memorial-site\/"]}]},{"@type":"ImageObject","inLanguage":"de","@id":"https:\/\/www.roma-sinti-holocaust-memorial-day.eu\/recognition\/struggle-for-a-dignified-memorial-site\/#primaryimage","url":"https:\/\/www.roma-sinti-holocaust-memorial-day.eu\/wp-content\/uploads\/2020\/08\/IMG_20200118_110934118_HDR-scaled.jpg","contentUrl":"https:\/\/www.roma-sinti-holocaust-memorial-day.eu\/wp-content\/uploads\/2020\/08\/IMG_20200118_110934118_HDR-scaled.jpg","width":1920,"height":2560},{"@type":"BreadcrumbList","@id":"https:\/\/www.roma-sinti-holocaust-memorial-day.eu\/recognition\/struggle-for-a-dignified-memorial-site\/#breadcrumb","itemListElement":[{"@type":"ListItem","position":1,"name":"Home","item":"https:\/\/www.roma-sinti-holocaust-memorial-day.eu\/"},{"@type":"ListItem","position":2,"name":"Struggle for a dignified memorial site"}]},{"@type":"WebSite","@id":"https:\/\/www.roma-sinti-holocaust-memorial-day.eu\/#website","url":"https:\/\/www.roma-sinti-holocaust-memorial-day.eu\/","name":"European Holocaust Memorial Day for Sinti und Roma","description":"","publisher":{"@id":"https:\/\/www.roma-sinti-holocaust-memorial-day.eu\/#organization"},"potentialAction":[{"@type":"SearchAction","target":{"@type":"EntryPoint","urlTemplate":"https:\/\/www.roma-sinti-holocaust-memorial-day.eu\/?s={search_term_string}"},"query-input":{"@type":"PropertyValueSpecification","valueRequired":true,"valueName":"search_term_string"}}],"inLanguage":"de"},{"@type":"Organization","@id":"https:\/\/www.roma-sinti-holocaust-memorial-day.eu\/#organization","name":"European Holocaust Memorial Day for Sinti und Roma","url":"https:\/\/www.roma-sinti-holocaust-memorial-day.eu\/","logo":{"@type":"ImageObject","inLanguage":"de","@id":"https:\/\/www.roma-sinti-holocaust-memorial-day.eu\/#\/schema\/logo\/image\/","url":"https:\/\/www.roma-sinti-holocaust-memorial-day.eu\/wp-content\/uploads\/2020\/06\/en-logo-2020-europaeischer-holocaust-gedenktag-f\u00fcr-sinti-und-roma_gelb.svg","contentUrl":"https:\/\/www.roma-sinti-holocaust-memorial-day.eu\/wp-content\/uploads\/2020\/06\/en-logo-2020-europaeischer-holocaust-gedenktag-f\u00fcr-sinti-und-roma_gelb.svg","caption":"European Holocaust Memorial Day for Sinti und Roma"},"image":{"@id":"https:\/\/www.roma-sinti-holocaust-memorial-day.eu\/#\/schema\/logo\/image\/"}},{"@type":"Person","@id":"https:\/\/www.roma-sinti-holocaust-memorial-day.eu\/#\/schema\/person\/ed05764c92f1871ca7c026e74b1699d8","name":"Praktikantin","image":{"@type":"ImageObject","inLanguage":"de","@id":"https:\/\/secure.gravatar.com\/avatar\/19a54746224b2e0869f1461179123eb9ec59f43e63be4fb8756f5b5ebae61bb0?s=96&d=mm&r=g","url":"https:\/\/secure.gravatar.com\/avatar\/19a54746224b2e0869f1461179123eb9ec59f43e63be4fb8756f5b5ebae61bb0?s=96&d=mm&r=g","contentUrl":"https:\/\/secure.gravatar.com\/avatar\/19a54746224b2e0869f1461179123eb9ec59f43e63be4fb8756f5b5ebae61bb0?s=96&d=mm&r=g","caption":"Praktikantin"},"url":"https:\/\/www.roma-sinti-holocaust-memorial-day.eu\/de\/author\/praktikantin\/"}]}},"_links":{"self":[{"href":"https:\/\/www.roma-sinti-holocaust-memorial-day.eu\/de\/wp-json\/wp\/v2\/posts\/3371","targetHints":{"allow":["GET"]}}],"collection":[{"href":"https:\/\/www.roma-sinti-holocaust-memorial-day.eu\/de\/wp-json\/wp\/v2\/posts"}],"about":[{"href":"https:\/\/www.roma-sinti-holocaust-memorial-day.eu\/de\/wp-json\/wp\/v2\/types\/post"}],"author":[{"embeddable":true,"href":"https:\/\/www.roma-sinti-holocaust-memorial-day.eu\/de\/wp-json\/wp\/v2\/users\/3"}],"replies":[{"embeddable":true,"href":"https:\/\/www.roma-sinti-holocaust-memorial-day.eu\/de\/wp-json\/wp\/v2\/comments?post=3371"}],"version-history":[{"count":12,"href":"https:\/\/www.roma-sinti-holocaust-memorial-day.eu\/de\/wp-json\/wp\/v2\/posts\/3371\/revisions"}],"predecessor-version":[{"id":3720,"href":"https:\/\/www.roma-sinti-holocaust-memorial-day.eu\/de\/wp-json\/wp\/v2\/posts\/3371\/revisions\/3720"}],"wp:featuredmedia":[{"embeddable":true,"href":"https:\/\/www.roma-sinti-holocaust-memorial-day.eu\/de\/wp-json\/wp\/v2\/media\/3373"}],"wp:attachment":[{"href":"https:\/\/www.roma-sinti-holocaust-memorial-day.eu\/de\/wp-json\/wp\/v2\/media?parent=3371"}],"wp:term":[{"taxonomy":"category","embeddable":true,"href":"https:\/\/www.roma-sinti-holocaust-memorial-day.eu\/de\/wp-json\/wp\/v2\/categories?post=3371"},{"taxonomy":"post_tag","embeddable":true,"href":"https:\/\/www.roma-sinti-holocaust-memorial-day.eu\/de\/wp-json\/wp\/v2\/tags?post=3371"}],"curies":[{"name":"wp","href":"https:\/\/api.w.org\/{rel}","templated":true}]}}