{"id":6677,"date":"2021-08-02T12:00:00","date_gmt":"2021-08-02T10:00:00","guid":{"rendered":"https:\/\/www.roma-sinti-holocaust-memorial-day.eu\/?p=6677"},"modified":"2024-08-02T13:29:42","modified_gmt":"2024-08-02T11:29:42","slug":"claudia-roth","status":"publish","type":"post","link":"https:\/\/www.roma-sinti-holocaust-memorial-day.eu\/de\/statements\/statements-2021\/claudia-roth\/","title":{"rendered":"Claudia Roth"},"content":{"rendered":"\t\t<div data-elementor-type=\"wp-post\" data-elementor-id=\"6677\" class=\"elementor elementor-6677\" data-elementor-post-type=\"post\">\n\t\t\t\t\t\t<section class=\"elementor-section elementor-top-section elementor-element elementor-element-4d44fca5 elementor-section-stretched elementor-section-full_width elementor-section-height-default elementor-section-height-default\" data-id=\"4d44fca5\" data-element_type=\"section\" data-e-type=\"section\" data-settings=\"{&quot;stretch_section&quot;:&quot;section-stretched&quot;,&quot;background_background&quot;:&quot;video&quot;,&quot;background_motion_fx_translateY_effect&quot;:&quot;yes&quot;,&quot;background_motion_fx_translateY_speed&quot;:{&quot;unit&quot;:&quot;px&quot;,&quot;size&quot;:4,&quot;sizes&quot;:[]},&quot;background_motion_fx_translateY_affectedRange&quot;:{&quot;unit&quot;:&quot;%&quot;,&quot;size&quot;:&quot;&quot;,&quot;sizes&quot;:{&quot;start&quot;:0,&quot;end&quot;:100}},&quot;background_motion_fx_devices&quot;:[&quot;desktop&quot;,&quot;tablet&quot;,&quot;mobile&quot;]}\">\n\t\t\t\t\t\t<div class=\"elementor-container elementor-column-gap-no\">\n\t\t\t\t\t<div class=\"elementor-column elementor-col-100 elementor-top-column elementor-element elementor-element-762d3735\" data-id=\"762d3735\" data-element_type=\"column\" data-e-type=\"column\">\n\t\t\t<div class=\"elementor-widget-wrap elementor-element-populated\">\n\t\t\t\t\t\t<div class=\"elementor-element elementor-element-de1b1a6 elementor-widget elementor-widget-video\" data-id=\"de1b1a6\" data-element_type=\"widget\" data-e-type=\"widget\" data-settings=\"{&quot;youtube_url&quot;:&quot;https:\\\/\\\/youtu.be\\\/WvcX0UMxqxs&quot;,&quot;video_type&quot;:&quot;youtube&quot;,&quot;controls&quot;:&quot;yes&quot;}\" data-widget_type=\"video.default\">\n\t\t\t\t<div class=\"elementor-widget-container\">\n\t\t\t\t\t\t\t<div class=\"elementor-wrapper elementor-open-inline\">\n\t\t\t<div class=\"elementor-video\"><\/div>\t\t<\/div>\n\t\t\t\t\t\t<\/div>\n\t\t\t\t<\/div>\n\t\t\t\t\t<\/div>\n\t\t<\/div>\n\t\t\t\t\t<\/div>\n\t\t<\/section>\n\t\t\t\t<section class=\"elementor-section elementor-top-section elementor-element elementor-element-1eb74a61 elementor-section-full_width elementor-section-stretched elementor-section-height-default elementor-section-height-default\" data-id=\"1eb74a61\" data-element_type=\"section\" data-e-type=\"section\" data-settings=\"{&quot;background_background&quot;:&quot;classic&quot;,&quot;stretch_section&quot;:&quot;section-stretched&quot;}\">\n\t\t\t\t\t\t<div class=\"elementor-container elementor-column-gap-no\">\n\t\t\t\t\t<div class=\"elementor-column elementor-col-100 elementor-top-column elementor-element elementor-element-4d4c72bf\" data-id=\"4d4c72bf\" data-element_type=\"column\" data-e-type=\"column\" data-settings=\"{&quot;background_background&quot;:&quot;classic&quot;}\">\n\t\t\t<div class=\"elementor-widget-wrap elementor-element-populated\">\n\t\t\t\t\t\t<section class=\"elementor-section elementor-inner-section elementor-element elementor-element-3224cd95 elementor-section-boxed elementor-section-height-default elementor-section-height-default\" data-id=\"3224cd95\" data-element_type=\"section\" data-e-type=\"section\" data-settings=\"{&quot;background_background&quot;:&quot;classic&quot;}\">\n\t\t\t\t\t\t<div class=\"elementor-container elementor-column-gap-custom\">\n\t\t\t\t\t<div class=\"elementor-column elementor-col-50 elementor-inner-column elementor-element elementor-element-611a95d9\" data-id=\"611a95d9\" data-element_type=\"column\" data-e-type=\"column\">\n\t\t\t<div class=\"elementor-widget-wrap elementor-element-populated\">\n\t\t\t\t\t\t<div class=\"elementor-element elementor-element-58f21133 elementor-widget elementor-widget-gallery\" data-id=\"58f21133\" data-element_type=\"widget\" data-e-type=\"widget\" data-settings=\"{&quot;gallery_layout&quot;:&quot;masonry&quot;,&quot;overlay_title&quot;:&quot;title&quot;,&quot;columns&quot;:1,&quot;columns_tablet&quot;:1,&quot;lazyload&quot;:&quot;yes&quot;,&quot;columns_mobile&quot;:1,&quot;gap&quot;:{&quot;unit&quot;:&quot;px&quot;,&quot;size&quot;:10,&quot;sizes&quot;:[]},&quot;gap_tablet&quot;:{&quot;unit&quot;:&quot;px&quot;,&quot;size&quot;:10,&quot;sizes&quot;:[]},&quot;gap_mobile&quot;:{&quot;unit&quot;:&quot;px&quot;,&quot;size&quot;:10,&quot;sizes&quot;:[]},&quot;link_to&quot;:&quot;file&quot;,&quot;overlay_background&quot;:&quot;yes&quot;,&quot;content_hover_animation&quot;:&quot;fade-in&quot;}\" data-widget_type=\"gallery.default\">\n\t\t\t\t<div class=\"elementor-widget-container\">\n\t\t\t\t\t\t\t<div class=\"elementor-gallery__container\">\n\t\t\t\t\t\t\t<a class=\"e-gallery-item elementor-gallery-item elementor-animated-content\" href=\"https:\/\/www.roma-sinti-holocaust-memorial-day.eu\/wp-content\/uploads\/2021\/07\/2021_06_CLAUDIA_ROTH_06_154_ECIRGB-scaled.jpg\" data-elementor-open-lightbox=\"yes\" data-elementor-lightbox-slideshow=\"58f21133\" data-elementor-lightbox-title=\"Claudia Roth\" data-e-action-hash=\"#elementor-action%3Aaction%3Dlightbox%26settings%3DeyJpZCI6NjY3OCwidXJsIjoiaHR0cHM6XC9cL3d3dy5yb21hLXNpbnRpLWhvbG9jYXVzdC1tZW1vcmlhbC1kYXkuZXVcL3dwLWNvbnRlbnRcL3VwbG9hZHNcLzIwMjFcLzA3XC8yMDIxXzA2X0NMQVVESUFfUk9USF8wNl8xNTRfRUNJUkdCLXNjYWxlZC5qcGciLCJzbGlkZXNob3ciOiI1OGYyMTEzMyJ9\">\n\t\t\t\t\t<div class=\"e-gallery-image elementor-gallery-item__image\" data-thumbnail=\"https:\/\/www.roma-sinti-holocaust-memorial-day.eu\/wp-content\/uploads\/2021\/07\/2021_06_CLAUDIA_ROTH_06_154_ECIRGB-scaled.jpg\" data-width=\"2560\" data-height=\"1706\" aria-label=\"\" role=\"img\" ><\/div>\n\t\t\t\t\t\t\t\t\t\t\t<div class=\"elementor-gallery-item__overlay\"><\/div>\n\t\t\t\t\t\t\t\t\t\t\t\t\t\t\t<div class=\"elementor-gallery-item__content\">\n\t\t\t\t\t\t\t\t\t\t\t\t\t\t<div class=\"elementor-gallery-item__title\">\n\t\t\t\t\t\t\t\t\t\t\t\t\t\t\t\t\t\tClaudia Roth\t\t\t\t\t\t\t\t<\/div>\n\t\t\t\t\t\t\t\t\t\t\t\t<\/div>\n\t\t\t\t\t\t\t\t\t<\/a>\n\t\t\t\t\t<\/div>\n\t\t\t\t\t<\/div>\n\t\t\t\t<\/div>\n\t\t\t\t\t<\/div>\n\t\t<\/div>\n\t\t\t\t<div class=\"elementor-column elementor-col-50 elementor-inner-column elementor-element elementor-element-2669848\" data-id=\"2669848\" data-element_type=\"column\" data-e-type=\"column\">\n\t\t\t<div class=\"elementor-widget-wrap elementor-element-populated\">\n\t\t\t\t\t\t<div class=\"elementor-element elementor-element-693e553 elementor-widget elementor-widget-spacer\" data-id=\"693e553\" data-element_type=\"widget\" data-e-type=\"widget\" data-widget_type=\"spacer.default\">\n\t\t\t\t<div class=\"elementor-widget-container\">\n\t\t\t\t\t\t\t<div class=\"elementor-spacer\">\n\t\t\t<div class=\"elementor-spacer-inner\"><\/div>\n\t\t<\/div>\n\t\t\t\t\t\t<\/div>\n\t\t\t\t<\/div>\n\t\t\t\t<div class=\"elementor-element elementor-element-3ef0f05 elementor-widget elementor-widget-text-editor\" data-id=\"3ef0f05\" data-element_type=\"widget\" data-e-type=\"widget\" data-widget_type=\"text-editor.default\">\n\t\t\t\t<div class=\"elementor-widget-container\">\n\t\t\t\t\t\t\t\t\t<p>2 August 2021<\/p>\t\t\t\t\t\t\t\t<\/div>\n\t\t\t\t<\/div>\n\t\t\t\t<div class=\"elementor-element elementor-element-5092ef68 elementor-widget elementor-widget-theme-post-title elementor-page-title elementor-widget-heading\" data-id=\"5092ef68\" data-element_type=\"widget\" data-e-type=\"widget\" data-widget_type=\"theme-post-title.default\">\n\t\t\t\t<div class=\"elementor-widget-container\">\n\t\t\t\t\t<h1 class=\"elementor-heading-title elementor-size-default\">Claudia Roth<\/h1>\t\t\t\t<\/div>\n\t\t\t\t<\/div>\n\t\t\t\t<div class=\"elementor-element elementor-element-b411257 elementor-widget elementor-widget-heading\" data-id=\"b411257\" data-element_type=\"widget\" data-e-type=\"widget\" data-widget_type=\"heading.default\">\n\t\t\t\t<div class=\"elementor-widget-container\">\n\t\t\t\t\t<h3 class=\"elementor-heading-title elementor-size-default\">Vice President of the German Bundestag<\/h3>\t\t\t\t<\/div>\n\t\t\t\t<\/div>\n\t\t\t\t<div class=\"elementor-element elementor-element-a2c3b66 elementor-widget elementor-widget-text-editor\" data-id=\"a2c3b66\" data-element_type=\"widget\" data-e-type=\"widget\" data-widget_type=\"text-editor.default\">\n\t\t\t\t<div class=\"elementor-widget-container\">\n\t\t\t\t\t\t\t\t\t<p><strong>Digital welcome address for the European Holocaust Memorial Day for Sinti and Roma on 2 August 2021 <\/strong><\/p><p>Survivors of the Holocaust, <br \/>Representatives of generations born later,<br \/>Ladies and Gentlemen, <br \/>Romani Rose,<br \/>Friends,<br \/>Mire latsche Mahla \u2013 Mire latsche Mahlezi!<\/p><p>Auschwitz \u2013 Where all human values were destroyed.<\/p><p>Auschwitz \u2013 Which marks the end of all civilisation.<\/p><p>Auschwitz &#8211; Which symbolises such overwhelming horror, violence, terror and annihilation.<\/p><p>This place which almost seems to smother every word, every gesture.<\/p><p>On this day, I am filled with overwhelming sorrow and deep humility in speaking to you in remembrance of the liquidation of the so-called \u201cGypsy camp\u201d, 77 years ago in the summer of 1944.<\/p><p>About 23,000 Sinti and Roma people were believed to be imprisoned at Auschwitz-Birkenau.<\/p><p>Only 2000 people survived the mass murder. At the camp, 5000 people were gassed; 2900 were brutally murdered when the camp was cleared during the night of 2-3 August 1944.<\/p><p>It was the night of the Porajmos \u2013 the night of the devouring.<\/p><p>Auschwitz symbolises the genocide of the Sinti and Roma people, and those called <em>Zigeuner \u2013 <\/em>Gypsies \u2013 by the Nazis.<\/p><p>Auschwitz stands for a sea of tears \u2013 of suffering \u2013 of pain.<\/p><p>Yet Auschwitz also symbolises the courageous armed resistance of the Sinti and Roma people, which was brutally crushed.<\/p><p>Let us use this European Holocaust Memorial Day for Sinti and Roma to pay our respects to the dead and to make a pledge to the living:<\/p><p>The murder and systematic annihilation of human life like this must never be allowed to happen again.<\/p><p>As a German and a representative of democratic Germany, I am especially conscious of the enormous responsibility which this history \u2013 my history \u2013 imposes.<\/p><p>It was an attempt to permanently obliterate this great culture.<\/p><p>While acknowledging all the dreadful horrors which this terror has burned deep into the souls of people from the European Sinti and Roma communities, we can nonetheless say today: the Nazis did not succeed.<\/p><p>They did not succeed in obliterating entire cultures, in destroying the richness of the European people.<\/p><p>They inflicted deep wounds and traumas, expelled and weakened European cultures, but they were unable to destroy this richness.<\/p><p>They did not destroy the language \u2013 the music \u2013 the literature \u2013 the pictures.\u00a0 But above all, they did not destroy the memory of the women, men and children who were murdered.<\/p><p>They remain with us now and will remain with us in the future.<\/p><p>Seventy-seven years after the terror perpetrated by the Nazis, I am very glad to be able to say with absolute conviction: the Sinti and Roma people are part of European culture and are an integral part of our ethnic and cultural richness and our European societies, in which they have lived for many centuries.<\/p><p>This survival, this belonging, was the most powerful weapon against the Nazis\u2019 attempt to annihilate them, and it is the most powerful weapon against the shameful discrimination and marginalisation to which the Sinti and Roma people are still subjected in Europe to this day.<\/p><p>Today\u2019s commemoration is a warning to us to stand up to all forms of human-rights violations in our Europe!<\/p><p>So this commemoration today is also a reminder for the future, and a responsibility for the present.<\/p><p>The responsibility imposed on us by the horrors of the past is one we must live up to today.<\/p><p>Let us all fight together to ensure that the marginalisation of the Sinti and Roma people is ended at last, and that the lessons of history help us to live in line with our moral imperative:<\/p><p>Human dignity is inviolable.<\/p><p>Thank you!<\/p>\t\t\t\t\t\t\t\t<\/div>\n\t\t\t\t<\/div>\n\t\t\t\t\t<\/div>\n\t\t<\/div>\n\t\t\t\t\t<\/div>\n\t\t<\/section>\n\t\t\t\t<div class=\"elementor-element elementor-element-5d715adb elementor-widget elementor-widget-spacer\" data-id=\"5d715adb\" data-element_type=\"widget\" data-e-type=\"widget\" data-widget_type=\"spacer.default\">\n\t\t\t\t<div class=\"elementor-widget-container\">\n\t\t\t\t\t\t\t<div class=\"elementor-spacer\">\n\t\t\t<div class=\"elementor-spacer-inner\"><\/div>\n\t\t<\/div>\n\t\t\t\t\t\t<\/div>\n\t\t\t\t<\/div>\n\t\t\t\t\t<\/div>\n\t\t<\/div>\n\t\t\t\t\t<\/div>\n\t\t<\/section>\n\t\t\t\t<section class=\"elementor-section elementor-top-section elementor-element elementor-element-6a88ec8 elementor-section-stretched elementor-section-boxed elementor-section-height-default elementor-section-height-default\" data-id=\"6a88ec8\" data-element_type=\"section\" data-e-type=\"section\" data-settings=\"{&quot;stretch_section&quot;:&quot;section-stretched&quot;,&quot;background_background&quot;:&quot;classic&quot;}\">\n\t\t\t\t\t\t<div class=\"elementor-container elementor-column-gap-default\">\n\t\t\t\t\t<div class=\"elementor-column elementor-col-100 elementor-top-column elementor-element elementor-element-5f6b6f7\" data-id=\"5f6b6f7\" data-element_type=\"column\" data-e-type=\"column\">\n\t\t\t<div class=\"elementor-widget-wrap elementor-element-populated\">\n\t\t\t\t\t\t<div class=\"elementor-element elementor-element-af56d9c elementor-widget elementor-widget-heading\" data-id=\"af56d9c\" data-element_type=\"widget\" data-e-type=\"widget\" data-widget_type=\"heading.default\">\n\t\t\t\t<div class=\"elementor-widget-container\">\n\t\t\t\t\t<h4 class=\"elementor-heading-title elementor-size-default\">Statements 2021\n<\/h4>\t\t\t\t<\/div>\n\t\t\t\t<\/div>\n\t\t\t\t<div class=\"elementor-element elementor-element-0fdcd10 elementor-posts--align-left elementor-grid-5 elementor-grid-tablet-4 elementor-grid-mobile-2 elementor-posts--thumbnail-top elementor-card-shadow-yes elementor-posts__hover-gradient elementor-widget elementor-widget-posts\" data-id=\"0fdcd10\" data-element_type=\"widget\" data-e-type=\"widget\" data-settings=\"{&quot;cards_row_gap&quot;:{&quot;unit&quot;:&quot;px&quot;,&quot;size&quot;:20,&quot;sizes&quot;:[]},&quot;cards_columns&quot;:&quot;5&quot;,&quot;cards_columns_tablet&quot;:&quot;4&quot;,&quot;cards_columns_mobile&quot;:&quot;2&quot;,&quot;cards_row_gap_tablet&quot;:{&quot;unit&quot;:&quot;px&quot;,&quot;size&quot;:&quot;&quot;,&quot;sizes&quot;:[]},&quot;cards_row_gap_mobile&quot;:{&quot;unit&quot;:&quot;px&quot;,&quot;size&quot;:&quot;&quot;,&quot;sizes&quot;:[]}}\" data-widget_type=\"posts.cards\">\n\t\t\t\t<div class=\"elementor-widget-container\">\n\t\t\t\t\t\t\t<div class=\"elementor-posts-container elementor-posts elementor-posts--skin-cards elementor-grid\" role=\"list\">\n\t\t\t\t<article class=\"elementor-post elementor-grid-item post-7495 post type-post status-publish format-standard has-post-thumbnail hentry category-statements-2021\" role=\"listitem\">\n\t\t\t<div class=\"elementor-post__card\">\n\t\t\t\t<a class=\"elementor-post__thumbnail__link\" href=\"https:\/\/www.roma-sinti-holocaust-memorial-day.eu\/de\/statements\/statements-2021\/romani-rose-3\/\" tabindex=\"-1\" ><div class=\"elementor-post__thumbnail\"><img fetchpriority=\"high\" decoding=\"async\" width=\"1600\" height=\"1931\" src=\"https:\/\/www.roma-sinti-holocaust-memorial-day.eu\/wp-content\/uploads\/2021\/07\/Pressebilder_Romani_Rose-2-scaled-e1627499663896.jpg\" class=\"attachment-full size-full wp-image-6026\" alt=\"\" srcset=\"https:\/\/www.roma-sinti-holocaust-memorial-day.eu\/wp-content\/uploads\/2021\/07\/Pressebilder_Romani_Rose-2-scaled-e1627499663896.jpg 1600w, https:\/\/www.roma-sinti-holocaust-memorial-day.eu\/wp-content\/uploads\/2021\/07\/Pressebilder_Romani_Rose-2-scaled-e1627499663896-249x300.jpg 249w, https:\/\/www.roma-sinti-holocaust-memorial-day.eu\/wp-content\/uploads\/2021\/07\/Pressebilder_Romani_Rose-2-scaled-e1627499663896-848x1024.jpg 848w, https:\/\/www.roma-sinti-holocaust-memorial-day.eu\/wp-content\/uploads\/2021\/07\/Pressebilder_Romani_Rose-2-scaled-e1627499663896-768x927.jpg 768w, https:\/\/www.roma-sinti-holocaust-memorial-day.eu\/wp-content\/uploads\/2021\/07\/Pressebilder_Romani_Rose-2-scaled-e1627499663896-1273x1536.jpg 1273w, https:\/\/www.roma-sinti-holocaust-memorial-day.eu\/wp-content\/uploads\/2021\/07\/Pressebilder_Romani_Rose-2-scaled-e1627499663896-10x12.jpg 10w\" sizes=\"(max-width: 1600px) 100vw, 1600px\" \/><\/div><\/a>\n\t\t\t\t<div class=\"elementor-post__text\">\n\t\t\t\t<h2 class=\"elementor-post__title\">\n\t\t\t<a href=\"https:\/\/www.roma-sinti-holocaust-memorial-day.eu\/de\/statements\/statements-2021\/romani-rose-3\/\" >\n\t\t\t\tRomani Rose\t\t\t<\/a>\n\t\t<\/h2>\n\t\t\t\t<div class=\"elementor-post__excerpt\">\n\t\t\t<p>Chairman of the Central Council of German Sinti and Roma<\/p>\n\t\t<\/div>\n\t\t\t\t<\/div>\n\t\t\t\t\t<\/div>\n\t\t<\/article>\n\t\t\t\t<article class=\"elementor-post elementor-grid-item post-6384 post type-post status-publish format-standard has-post-thumbnail hentry category-statements-2021 category-statements\" role=\"listitem\">\n\t\t\t<div class=\"elementor-post__card\">\n\t\t\t\t<a class=\"elementor-post__thumbnail__link\" href=\"https:\/\/www.roma-sinti-holocaust-memorial-day.eu\/de\/statements\/katarina-barley\/\" tabindex=\"-1\" ><div class=\"elementor-post__thumbnail\"><img decoding=\"async\" width=\"1248\" height=\"1707\" src=\"https:\/\/www.roma-sinti-holocaust-memorial-day.eu\/wp-content\/uploads\/2021\/07\/20191114_Barley_Katarina-0265-scaled-1-e1627632975282.jpg\" class=\"attachment-full size-full wp-image-6385\" alt=\"\" srcset=\"https:\/\/www.roma-sinti-holocaust-memorial-day.eu\/wp-content\/uploads\/2021\/07\/20191114_Barley_Katarina-0265-scaled-1-e1627632975282.jpg 1248w, https:\/\/www.roma-sinti-holocaust-memorial-day.eu\/wp-content\/uploads\/2021\/07\/20191114_Barley_Katarina-0265-scaled-1-e1627632975282-219x300.jpg 219w, https:\/\/www.roma-sinti-holocaust-memorial-day.eu\/wp-content\/uploads\/2021\/07\/20191114_Barley_Katarina-0265-scaled-1-e1627632975282-749x1024.jpg 749w, https:\/\/www.roma-sinti-holocaust-memorial-day.eu\/wp-content\/uploads\/2021\/07\/20191114_Barley_Katarina-0265-scaled-1-e1627632975282-768x1050.jpg 768w, https:\/\/www.roma-sinti-holocaust-memorial-day.eu\/wp-content\/uploads\/2021\/07\/20191114_Barley_Katarina-0265-scaled-1-e1627632975282-1123x1536.jpg 1123w, https:\/\/www.roma-sinti-holocaust-memorial-day.eu\/wp-content\/uploads\/2021\/07\/20191114_Barley_Katarina-0265-scaled-1-e1627632975282-9x12.jpg 9w\" sizes=\"(max-width: 1248px) 100vw, 1248px\" \/><\/div><\/a>\n\t\t\t\t<div class=\"elementor-post__text\">\n\t\t\t\t<h2 class=\"elementor-post__title\">\n\t\t\t<a href=\"https:\/\/www.roma-sinti-holocaust-memorial-day.eu\/de\/statements\/katarina-barley\/\" >\n\t\t\t\tKatarina Barley\t\t\t<\/a>\n\t\t<\/h2>\n\t\t\t\t<div class=\"elementor-post__excerpt\">\n\t\t\t<p>Vice President of the European Parliament<\/p>\n\t\t<\/div>\n\t\t\t\t<\/div>\n\t\t\t\t\t<\/div>\n\t\t<\/article>\n\t\t\t\t<article class=\"elementor-post elementor-grid-item post-6622 post type-post status-publish format-standard has-post-thumbnail hentry category-statements-2021 category-statements\" role=\"listitem\">\n\t\t\t<div class=\"elementor-post__card\">\n\t\t\t\t<a class=\"elementor-post__thumbnail__link\" href=\"https:\/\/www.roma-sinti-holocaust-memorial-day.eu\/de\/statements\/helena-dalli-2\/\" tabindex=\"-1\" ><div class=\"elementor-post__thumbnail\"><img decoding=\"async\" width=\"639\" height=\"426\" src=\"https:\/\/www.roma-sinti-holocaust-memorial-day.eu\/wp-content\/uploads\/2021\/07\/P041101-739837.jpg\" class=\"attachment-full size-full wp-image-6623\" alt=\"\" srcset=\"https:\/\/www.roma-sinti-holocaust-memorial-day.eu\/wp-content\/uploads\/2021\/07\/P041101-739837.jpg 639w, https:\/\/www.roma-sinti-holocaust-memorial-day.eu\/wp-content\/uploads\/2021\/07\/P041101-739837-300x200.jpg 300w, https:\/\/www.roma-sinti-holocaust-memorial-day.eu\/wp-content\/uploads\/2021\/07\/P041101-739837-18x12.jpg 18w\" sizes=\"(max-width: 639px) 100vw, 639px\" \/><\/div><\/a>\n\t\t\t\t<div class=\"elementor-post__text\">\n\t\t\t\t<h2 class=\"elementor-post__title\">\n\t\t\t<a href=\"https:\/\/www.roma-sinti-holocaust-memorial-day.eu\/de\/statements\/helena-dalli-2\/\" >\n\t\t\t\tHelena Dalli\t\t\t<\/a>\n\t\t<\/h2>\n\t\t\t\t<div class=\"elementor-post__excerpt\">\n\t\t\t<p>European Commissioner for Equality<\/p>\n\t\t<\/div>\n\t\t\t\t<\/div>\n\t\t\t\t\t<\/div>\n\t\t<\/article>\n\t\t\t\t<article class=\"elementor-post elementor-grid-item post-6677 post type-post status-publish format-standard has-post-thumbnail hentry category-statements-2021 category-statements\" role=\"listitem\">\n\t\t\t<div class=\"elementor-post__card\">\n\t\t\t\t<a class=\"elementor-post__thumbnail__link\" href=\"https:\/\/www.roma-sinti-holocaust-memorial-day.eu\/de\/statements\/statements-2021\/claudia-roth\/\" tabindex=\"-1\" ><div class=\"elementor-post__thumbnail\"><img loading=\"lazy\" decoding=\"async\" width=\"2560\" height=\"1706\" src=\"https:\/\/www.roma-sinti-holocaust-memorial-day.eu\/wp-content\/uploads\/2021\/07\/2021_06_CLAUDIA_ROTH_06_154_ECIRGB-scaled.jpg\" class=\"attachment-full size-full wp-image-6678\" alt=\"\" srcset=\"https:\/\/www.roma-sinti-holocaust-memorial-day.eu\/wp-content\/uploads\/2021\/07\/2021_06_CLAUDIA_ROTH_06_154_ECIRGB-scaled.jpg 2560w, https:\/\/www.roma-sinti-holocaust-memorial-day.eu\/wp-content\/uploads\/2021\/07\/2021_06_CLAUDIA_ROTH_06_154_ECIRGB-300x200.jpg 300w, https:\/\/www.roma-sinti-holocaust-memorial-day.eu\/wp-content\/uploads\/2021\/07\/2021_06_CLAUDIA_ROTH_06_154_ECIRGB-1024x683.jpg 1024w, https:\/\/www.roma-sinti-holocaust-memorial-day.eu\/wp-content\/uploads\/2021\/07\/2021_06_CLAUDIA_ROTH_06_154_ECIRGB-768x512.jpg 768w, https:\/\/www.roma-sinti-holocaust-memorial-day.eu\/wp-content\/uploads\/2021\/07\/2021_06_CLAUDIA_ROTH_06_154_ECIRGB-1536x1024.jpg 1536w, https:\/\/www.roma-sinti-holocaust-memorial-day.eu\/wp-content\/uploads\/2021\/07\/2021_06_CLAUDIA_ROTH_06_154_ECIRGB-2048x1365.jpg 2048w, https:\/\/www.roma-sinti-holocaust-memorial-day.eu\/wp-content\/uploads\/2021\/07\/2021_06_CLAUDIA_ROTH_06_154_ECIRGB-18x12.jpg 18w\" sizes=\"(max-width: 2560px) 100vw, 2560px\" \/><\/div><\/a>\n\t\t\t\t<div class=\"elementor-post__text\">\n\t\t\t\t<h2 class=\"elementor-post__title\">\n\t\t\t<a href=\"https:\/\/www.roma-sinti-holocaust-memorial-day.eu\/de\/statements\/statements-2021\/claudia-roth\/\" >\n\t\t\t\tClaudia Roth\t\t\t<\/a>\n\t\t<\/h2>\n\t\t\t\t<div class=\"elementor-post__excerpt\">\n\t\t\t<p>Vice President of the German Bundestag<\/p>\n\t\t<\/div>\n\t\t\t\t<\/div>\n\t\t\t\t\t<\/div>\n\t\t<\/article>\n\t\t\t\t<article class=\"elementor-post elementor-grid-item post-5890 post type-post status-publish format-standard has-post-thumbnail hentry category-statements-2021 category-statements\" role=\"listitem\">\n\t\t\t<div class=\"elementor-post__card\">\n\t\t\t\t<a class=\"elementor-post__thumbnail__link\" href=\"https:\/\/www.roma-sinti-holocaust-memorial-day.eu\/de\/statements\/paul-blokhuis\/\" tabindex=\"-1\" ><div class=\"elementor-post__thumbnail\"><img loading=\"lazy\" decoding=\"async\" width=\"2560\" height=\"1707\" src=\"https:\/\/www.roma-sinti-holocaust-memorial-day.eu\/wp-content\/uploads\/2021\/07\/blokhuis-31082018-ao-2431-scaled.jpg\" class=\"attachment-full size-full wp-image-5913\" alt=\"\" srcset=\"https:\/\/www.roma-sinti-holocaust-memorial-day.eu\/wp-content\/uploads\/2021\/07\/blokhuis-31082018-ao-2431-scaled.jpg 2560w, https:\/\/www.roma-sinti-holocaust-memorial-day.eu\/wp-content\/uploads\/2021\/07\/blokhuis-31082018-ao-2431-300x200.jpg 300w, https:\/\/www.roma-sinti-holocaust-memorial-day.eu\/wp-content\/uploads\/2021\/07\/blokhuis-31082018-ao-2431-1024x683.jpg 1024w, https:\/\/www.roma-sinti-holocaust-memorial-day.eu\/wp-content\/uploads\/2021\/07\/blokhuis-31082018-ao-2431-768x512.jpg 768w, https:\/\/www.roma-sinti-holocaust-memorial-day.eu\/wp-content\/uploads\/2021\/07\/blokhuis-31082018-ao-2431-1536x1024.jpg 1536w, https:\/\/www.roma-sinti-holocaust-memorial-day.eu\/wp-content\/uploads\/2021\/07\/blokhuis-31082018-ao-2431-2048x1365.jpg 2048w, https:\/\/www.roma-sinti-holocaust-memorial-day.eu\/wp-content\/uploads\/2021\/07\/blokhuis-31082018-ao-2431-16x12.jpg 16w\" sizes=\"(max-width: 2560px) 100vw, 2560px\" \/><\/div><\/a>\n\t\t\t\t<div class=\"elementor-post__text\">\n\t\t\t\t<h2 class=\"elementor-post__title\">\n\t\t\t<a href=\"https:\/\/www.roma-sinti-holocaust-memorial-day.eu\/de\/statements\/paul-blokhuis\/\" >\n\t\t\t\tPaul Blokhuis\t\t\t<\/a>\n\t\t<\/h2>\n\t\t\t\t<div class=\"elementor-post__excerpt\">\n\t\t\t<p>Dutch State Secretary Paul Blokhuis <\/p>\n\t\t<\/div>\n\t\t\t\t<\/div>\n\t\t\t\t\t<\/div>\n\t\t<\/article>\n\t\t\t\t<article class=\"elementor-post elementor-grid-item post-5837 post type-post status-publish format-standard has-post-thumbnail hentry category-statements-2021 category-statements\" role=\"listitem\">\n\t\t\t<div class=\"elementor-post__card\">\n\t\t\t\t<a class=\"elementor-post__thumbnail__link\" href=\"https:\/\/www.roma-sinti-holocaust-memorial-day.eu\/de\/statements\/chris-j-lazaris\/\" tabindex=\"-1\" ><div class=\"elementor-post__thumbnail\"><img loading=\"lazy\" decoding=\"async\" width=\"1724\" height=\"1094\" src=\"https:\/\/www.roma-sinti-holocaust-memorial-day.eu\/wp-content\/uploads\/2021\/07\/AMB.-CHRIS-J.-LAZARIS-IHRA-CHAIR.jpg\" class=\"attachment-full size-full wp-image-5740\" alt=\"\" srcset=\"https:\/\/www.roma-sinti-holocaust-memorial-day.eu\/wp-content\/uploads\/2021\/07\/AMB.-CHRIS-J.-LAZARIS-IHRA-CHAIR.jpg 1724w, https:\/\/www.roma-sinti-holocaust-memorial-day.eu\/wp-content\/uploads\/2021\/07\/AMB.-CHRIS-J.-LAZARIS-IHRA-CHAIR-300x190.jpg 300w, https:\/\/www.roma-sinti-holocaust-memorial-day.eu\/wp-content\/uploads\/2021\/07\/AMB.-CHRIS-J.-LAZARIS-IHRA-CHAIR-1024x650.jpg 1024w, https:\/\/www.roma-sinti-holocaust-memorial-day.eu\/wp-content\/uploads\/2021\/07\/AMB.-CHRIS-J.-LAZARIS-IHRA-CHAIR-768x487.jpg 768w, https:\/\/www.roma-sinti-holocaust-memorial-day.eu\/wp-content\/uploads\/2021\/07\/AMB.-CHRIS-J.-LAZARIS-IHRA-CHAIR-1536x975.jpg 1536w, https:\/\/www.roma-sinti-holocaust-memorial-day.eu\/wp-content\/uploads\/2021\/07\/AMB.-CHRIS-J.-LAZARIS-IHRA-CHAIR-16x10.jpg 16w\" sizes=\"(max-width: 1724px) 100vw, 1724px\" \/><\/div><\/a>\n\t\t\t\t<div class=\"elementor-post__text\">\n\t\t\t\t<h2 class=\"elementor-post__title\">\n\t\t\t<a href=\"https:\/\/www.roma-sinti-holocaust-memorial-day.eu\/de\/statements\/chris-j-lazaris\/\" >\n\t\t\t\tChris J. Lazaris\t\t\t<\/a>\n\t\t<\/h2>\n\t\t\t\t<div class=\"elementor-post__excerpt\">\n\t\t\t<p>Amb. Chris J. Lazaris, IHRA Chairman<\/p>\n\t\t<\/div>\n\t\t\t\t<\/div>\n\t\t\t\t\t<\/div>\n\t\t<\/article>\n\t\t\t\t<article class=\"elementor-post elementor-grid-item post-6492 post type-post status-publish format-standard has-post-thumbnail hentry category-statements-2021 category-statements\" role=\"listitem\">\n\t\t\t<div class=\"elementor-post__card\">\n\t\t\t\t<a class=\"elementor-post__thumbnail__link\" href=\"https:\/\/www.roma-sinti-holocaust-memorial-day.eu\/de\/statements\/fernand-des-varennes\/\" tabindex=\"-1\" ><div class=\"elementor-post__thumbnail\"><img loading=\"lazy\" decoding=\"async\" width=\"270\" height=\"329\" src=\"https:\/\/www.roma-sinti-holocaust-memorial-day.eu\/wp-content\/uploads\/2021\/07\/FdeVarennes.jpg\" class=\"attachment-full size-full wp-image-6493\" alt=\"\" srcset=\"https:\/\/www.roma-sinti-holocaust-memorial-day.eu\/wp-content\/uploads\/2021\/07\/FdeVarennes.jpg 270w, https:\/\/www.roma-sinti-holocaust-memorial-day.eu\/wp-content\/uploads\/2021\/07\/FdeVarennes-246x300.jpg 246w, https:\/\/www.roma-sinti-holocaust-memorial-day.eu\/wp-content\/uploads\/2021\/07\/FdeVarennes-10x12.jpg 10w\" sizes=\"(max-width: 270px) 100vw, 270px\" \/><\/div><\/a>\n\t\t\t\t<div class=\"elementor-post__text\">\n\t\t\t\t<h2 class=\"elementor-post__title\">\n\t\t\t<a href=\"https:\/\/www.roma-sinti-holocaust-memorial-day.eu\/de\/statements\/fernand-des-varennes\/\" >\n\t\t\t\tFernand des Varennes\t\t\t<\/a>\n\t\t<\/h2>\n\t\t\t\t<div class=\"elementor-post__excerpt\">\n\t\t\t<p>UN Special Rapporteur UN minorities<\/p>\n\t\t<\/div>\n\t\t\t\t<\/div>\n\t\t\t\t\t<\/div>\n\t\t<\/article>\n\t\t\t\t<article class=\"elementor-post elementor-grid-item post-5867 post type-post status-publish format-standard has-post-thumbnail hentry category-statements-2021 category-statements\" role=\"listitem\">\n\t\t\t<div class=\"elementor-post__card\">\n\t\t\t\t<a class=\"elementor-post__thumbnail__link\" href=\"https:\/\/www.roma-sinti-holocaust-memorial-day.eu\/de\/statements\/anna-nicole-heinrich\/\" tabindex=\"-1\" ><div class=\"elementor-post__thumbnail\"><img loading=\"lazy\" decoding=\"async\" width=\"2560\" height=\"1707\" src=\"https:\/\/www.roma-sinti-holocaust-memorial-day.eu\/wp-content\/uploads\/2021\/07\/Foto-Anna-Nicole-Heinrich-Fotos-Peter-Bongard-scaled.jpg\" class=\"attachment-full size-full wp-image-6006\" alt=\"\" srcset=\"https:\/\/www.roma-sinti-holocaust-memorial-day.eu\/wp-content\/uploads\/2021\/07\/Foto-Anna-Nicole-Heinrich-Fotos-Peter-Bongard-scaled.jpg 2560w, https:\/\/www.roma-sinti-holocaust-memorial-day.eu\/wp-content\/uploads\/2021\/07\/Foto-Anna-Nicole-Heinrich-Fotos-Peter-Bongard-300x200.jpg 300w, https:\/\/www.roma-sinti-holocaust-memorial-day.eu\/wp-content\/uploads\/2021\/07\/Foto-Anna-Nicole-Heinrich-Fotos-Peter-Bongard-1024x683.jpg 1024w, https:\/\/www.roma-sinti-holocaust-memorial-day.eu\/wp-content\/uploads\/2021\/07\/Foto-Anna-Nicole-Heinrich-Fotos-Peter-Bongard-768x512.jpg 768w, https:\/\/www.roma-sinti-holocaust-memorial-day.eu\/wp-content\/uploads\/2021\/07\/Foto-Anna-Nicole-Heinrich-Fotos-Peter-Bongard-1536x1024.jpg 1536w, https:\/\/www.roma-sinti-holocaust-memorial-day.eu\/wp-content\/uploads\/2021\/07\/Foto-Anna-Nicole-Heinrich-Fotos-Peter-Bongard-2048x1365.jpg 2048w, https:\/\/www.roma-sinti-holocaust-memorial-day.eu\/wp-content\/uploads\/2021\/07\/Foto-Anna-Nicole-Heinrich-Fotos-Peter-Bongard-18x12.jpg 18w\" sizes=\"(max-width: 2560px) 100vw, 2560px\" \/><\/div><\/a>\n\t\t\t\t<div class=\"elementor-post__text\">\n\t\t\t\t<h2 class=\"elementor-post__title\">\n\t\t\t<a href=\"https:\/\/www.roma-sinti-holocaust-memorial-day.eu\/de\/statements\/anna-nicole-heinrich\/\" >\n\t\t\t\tAnna-Nicole Heinrich\t\t\t<\/a>\n\t\t<\/h2>\n\t\t\t\t<div class=\"elementor-post__excerpt\">\n\t\t\t<p>President of the Synod of the Evangelical Church in Germany (EKD)<\/p>\n\t\t<\/div>\n\t\t\t\t<\/div>\n\t\t\t\t\t<\/div>\n\t\t<\/article>\n\t\t\t\t<article class=\"elementor-post elementor-grid-item post-7324 post type-post status-publish format-standard has-post-thumbnail hentry category-statements-2021 category-statements\" role=\"listitem\">\n\t\t\t<div class=\"elementor-post__card\">\n\t\t\t\t<a class=\"elementor-post__thumbnail__link\" href=\"https:\/\/www.roma-sinti-holocaust-memorial-day.eu\/de\/statements\/justin-trudeau\/\" tabindex=\"-1\" ><div class=\"elementor-post__thumbnail\"><img loading=\"lazy\" decoding=\"async\" width=\"600\" height=\"683\" src=\"https:\/\/www.roma-sinti-holocaust-memorial-day.eu\/wp-content\/uploads\/2021\/08\/Trudeau.jpg\" class=\"attachment-full size-full wp-image-7325\" alt=\"\" srcset=\"https:\/\/www.roma-sinti-holocaust-memorial-day.eu\/wp-content\/uploads\/2021\/08\/Trudeau.jpg 600w, https:\/\/www.roma-sinti-holocaust-memorial-day.eu\/wp-content\/uploads\/2021\/08\/Trudeau-264x300.jpg 264w, https:\/\/www.roma-sinti-holocaust-memorial-day.eu\/wp-content\/uploads\/2021\/08\/Trudeau-11x12.jpg 11w\" sizes=\"(max-width: 600px) 100vw, 600px\" \/><\/div><\/a>\n\t\t\t\t<div class=\"elementor-post__text\">\n\t\t\t\t<h2 class=\"elementor-post__title\">\n\t\t\t<a href=\"https:\/\/www.roma-sinti-holocaust-memorial-day.eu\/de\/statements\/justin-trudeau\/\" >\n\t\t\t\tJustin Trudeau\t\t\t<\/a>\n\t\t<\/h2>\n\t\t\t\t<div class=\"elementor-post__excerpt\">\n\t\t\t<p>Prime Minister of Canada<\/p>\n\t\t<\/div>\n\t\t\t\t<\/div>\n\t\t\t\t\t<\/div>\n\t\t<\/article>\n\t\t\t\t<article class=\"elementor-post elementor-grid-item post-6476 post type-post status-publish format-standard has-post-thumbnail hentry category-statements-2021 category-statements\" role=\"listitem\">\n\t\t\t<div class=\"elementor-post__card\">\n\t\t\t\t<a class=\"elementor-post__thumbnail__link\" href=\"https:\/\/www.roma-sinti-holocaust-memorial-day.eu\/de\/statements\/roman-kwiatkowski-2\/\" tabindex=\"-1\" ><div class=\"elementor-post__thumbnail\"><img loading=\"lazy\" decoding=\"async\" width=\"750\" height=\"500\" src=\"https:\/\/www.roma-sinti-holocaust-memorial-day.eu\/wp-content\/uploads\/2021\/07\/romowie_kwiatkowski2.jpg\" class=\"attachment-full size-full wp-image-6477\" alt=\"\" srcset=\"https:\/\/www.roma-sinti-holocaust-memorial-day.eu\/wp-content\/uploads\/2021\/07\/romowie_kwiatkowski2.jpg 750w, https:\/\/www.roma-sinti-holocaust-memorial-day.eu\/wp-content\/uploads\/2021\/07\/romowie_kwiatkowski2-300x200.jpg 300w, https:\/\/www.roma-sinti-holocaust-memorial-day.eu\/wp-content\/uploads\/2021\/07\/romowie_kwiatkowski2-18x12.jpg 18w\" sizes=\"(max-width: 750px) 100vw, 750px\" \/><\/div><\/a>\n\t\t\t\t<div class=\"elementor-post__text\">\n\t\t\t\t<h2 class=\"elementor-post__title\">\n\t\t\t<a href=\"https:\/\/www.roma-sinti-holocaust-memorial-day.eu\/de\/statements\/roman-kwiatkowski-2\/\" >\n\t\t\t\tRoman Kwiatkowski\t\t\t<\/a>\n\t\t<\/h2>\n\t\t\t\t<div class=\"elementor-post__excerpt\">\n\t\t\t<p>Chairman of the Association of Roma in Poland<\/p>\n\t\t<\/div>\n\t\t\t\t<\/div>\n\t\t\t\t\t<\/div>\n\t\t<\/article>\n\t\t\t\t<article class=\"elementor-post elementor-grid-item post-5926 post type-post status-publish format-standard has-post-thumbnail hentry category-statements-2021 category-statements\" role=\"listitem\">\n\t\t\t<div class=\"elementor-post__card\">\n\t\t\t\t<a class=\"elementor-post__thumbnail__link\" href=\"https:\/\/www.roma-sinti-holocaust-memorial-day.eu\/de\/statements\/erich-schneeberger\/\" tabindex=\"-1\" ><div class=\"elementor-post__thumbnail\"><img loading=\"lazy\" decoding=\"async\" width=\"1696\" height=\"2560\" src=\"https:\/\/www.roma-sinti-holocaust-memorial-day.eu\/wp-content\/uploads\/2021\/07\/SEB3386-scaled.jpg\" class=\"attachment-full size-full wp-image-5939\" alt=\"\" srcset=\"https:\/\/www.roma-sinti-holocaust-memorial-day.eu\/wp-content\/uploads\/2021\/07\/SEB3386-scaled.jpg 1696w, https:\/\/www.roma-sinti-holocaust-memorial-day.eu\/wp-content\/uploads\/2021\/07\/SEB3386-199x300.jpg 199w, https:\/\/www.roma-sinti-holocaust-memorial-day.eu\/wp-content\/uploads\/2021\/07\/SEB3386-678x1024.jpg 678w, https:\/\/www.roma-sinti-holocaust-memorial-day.eu\/wp-content\/uploads\/2021\/07\/SEB3386-768x1159.jpg 768w, https:\/\/www.roma-sinti-holocaust-memorial-day.eu\/wp-content\/uploads\/2021\/07\/SEB3386-1018x1536.jpg 1018w, https:\/\/www.roma-sinti-holocaust-memorial-day.eu\/wp-content\/uploads\/2021\/07\/SEB3386-1357x2048.jpg 1357w, https:\/\/www.roma-sinti-holocaust-memorial-day.eu\/wp-content\/uploads\/2021\/07\/SEB3386-8x12.jpg 8w\" sizes=\"(max-width: 1696px) 100vw, 1696px\" \/><\/div><\/a>\n\t\t\t\t<div class=\"elementor-post__text\">\n\t\t\t\t<h2 class=\"elementor-post__title\">\n\t\t\t<a href=\"https:\/\/www.roma-sinti-holocaust-memorial-day.eu\/de\/statements\/erich-schneeberger\/\" >\n\t\t\t\tErich Schneeberger\t\t\t<\/a>\n\t\t<\/h2>\n\t\t\t\t<div class=\"elementor-post__excerpt\">\n\t\t\t<p>Deputy Chairman of the Documentation and Cultural Center of German Sinti and Roma and Chairman of the Association of German Sinti and Roma<\/p>\n\t\t<\/div>\n\t\t\t\t<\/div>\n\t\t\t\t\t<\/div>\n\t\t<\/article>\n\t\t\t\t<article class=\"elementor-post elementor-grid-item post-6128 post type-post status-publish format-standard has-post-thumbnail hentry category-statements-2021 category-statements\" role=\"listitem\">\n\t\t\t<div class=\"elementor-post__card\">\n\t\t\t\t<a class=\"elementor-post__thumbnail__link\" href=\"https:\/\/www.roma-sinti-holocaust-memorial-day.eu\/de\/statements\/timea-junghaus\/\" tabindex=\"-1\" ><div class=\"elementor-post__thumbnail\"><img loading=\"lazy\" decoding=\"async\" width=\"768\" height=\"513\" src=\"https:\/\/www.roma-sinti-holocaust-memorial-day.eu\/wp-content\/uploads\/2021\/08\/junghaus-768x513-1.jpg\" class=\"attachment-full size-full wp-image-6530\" alt=\"\" srcset=\"https:\/\/www.roma-sinti-holocaust-memorial-day.eu\/wp-content\/uploads\/2021\/08\/junghaus-768x513-1.jpg 768w, https:\/\/www.roma-sinti-holocaust-memorial-day.eu\/wp-content\/uploads\/2021\/08\/junghaus-768x513-1-300x200.jpg 300w, https:\/\/www.roma-sinti-holocaust-memorial-day.eu\/wp-content\/uploads\/2021\/08\/junghaus-768x513-1-18x12.jpg 18w\" sizes=\"(max-width: 768px) 100vw, 768px\" \/><\/div><\/a>\n\t\t\t\t<div class=\"elementor-post__text\">\n\t\t\t\t<h2 class=\"elementor-post__title\">\n\t\t\t<a href=\"https:\/\/www.roma-sinti-holocaust-memorial-day.eu\/de\/statements\/timea-junghaus\/\" >\n\t\t\t\tTimea Junghaus\t\t\t<\/a>\n\t\t<\/h2>\n\t\t\t\t<div class=\"elementor-post__excerpt\">\n\t\t\t<p>Executive Director<br \/>\nEuropean Roma Institute for Arts and Culture (ERIAC)<\/p>\n\t\t<\/div>\n\t\t\t\t<\/div>\n\t\t\t\t\t<\/div>\n\t\t<\/article>\n\t\t\t\t<article class=\"elementor-post elementor-grid-item post-6111 post type-post status-publish format-standard has-post-thumbnail hentry category-statements-2021 category-statements\" role=\"listitem\">\n\t\t\t<div class=\"elementor-post__card\">\n\t\t\t\t<a class=\"elementor-post__thumbnail__link\" href=\"https:\/\/www.roma-sinti-holocaust-memorial-day.eu\/de\/statements\/statements-2021\/adam-straus\/\" tabindex=\"-1\" ><div class=\"elementor-post__thumbnail\"><img loading=\"lazy\" decoding=\"async\" width=\"1438\" height=\"1151\" src=\"https:\/\/www.roma-sinti-holocaust-memorial-day.eu\/wp-content\/uploads\/2021\/08\/Bild-Adam-Strauss-fuer-Zentralrat.jpg\" class=\"attachment-full size-full wp-image-6076\" alt=\"\" srcset=\"https:\/\/www.roma-sinti-holocaust-memorial-day.eu\/wp-content\/uploads\/2021\/08\/Bild-Adam-Strauss-fuer-Zentralrat.jpg 1438w, https:\/\/www.roma-sinti-holocaust-memorial-day.eu\/wp-content\/uploads\/2021\/08\/Bild-Adam-Strauss-fuer-Zentralrat-300x240.jpg 300w, https:\/\/www.roma-sinti-holocaust-memorial-day.eu\/wp-content\/uploads\/2021\/08\/Bild-Adam-Strauss-fuer-Zentralrat-1024x820.jpg 1024w, https:\/\/www.roma-sinti-holocaust-memorial-day.eu\/wp-content\/uploads\/2021\/08\/Bild-Adam-Strauss-fuer-Zentralrat-768x615.jpg 768w, https:\/\/www.roma-sinti-holocaust-memorial-day.eu\/wp-content\/uploads\/2021\/08\/Bild-Adam-Strauss-fuer-Zentralrat-15x12.jpg 15w\" sizes=\"(max-width: 1438px) 100vw, 1438px\" \/><\/div><\/a>\n\t\t\t\t<div class=\"elementor-post__text\">\n\t\t\t\t<h2 class=\"elementor-post__title\">\n\t\t\t<a href=\"https:\/\/www.roma-sinti-holocaust-memorial-day.eu\/de\/statements\/statements-2021\/adam-straus\/\" >\n\t\t\t\tAdam Strau\u00df\t\t\t<\/a>\n\t\t<\/h2>\n\t\t\t\t<div class=\"elementor-post__excerpt\">\n\t\t\t<p>Chairman of the Council of German Sinti and Roma in Hesse<\/p>\n\t\t<\/div>\n\t\t\t\t<\/div>\n\t\t\t\t\t<\/div>\n\t\t<\/article>\n\t\t\t\t<article class=\"elementor-post elementor-grid-item post-6452 post type-post status-publish format-standard has-post-thumbnail hentry category-statements-2021 category-statements\" role=\"listitem\">\n\t\t\t<div class=\"elementor-post__card\">\n\t\t\t\t<a class=\"elementor-post__thumbnail__link\" href=\"https:\/\/www.roma-sinti-holocaust-memorial-day.eu\/de\/statements\/manon-aubry\/\" tabindex=\"-1\" ><div class=\"elementor-post__thumbnail\"><img loading=\"lazy\" decoding=\"async\" width=\"853\" height=\"1280\" src=\"https:\/\/www.roma-sinti-holocaust-memorial-day.eu\/wp-content\/uploads\/2021\/07\/Aubry-Manon-FB.jpg\" class=\"attachment-full size-full wp-image-6453\" alt=\"\" srcset=\"https:\/\/www.roma-sinti-holocaust-memorial-day.eu\/wp-content\/uploads\/2021\/07\/Aubry-Manon-FB.jpg 853w, https:\/\/www.roma-sinti-holocaust-memorial-day.eu\/wp-content\/uploads\/2021\/07\/Aubry-Manon-FB-200x300.jpg 200w, https:\/\/www.roma-sinti-holocaust-memorial-day.eu\/wp-content\/uploads\/2021\/07\/Aubry-Manon-FB-682x1024.jpg 682w, https:\/\/www.roma-sinti-holocaust-memorial-day.eu\/wp-content\/uploads\/2021\/07\/Aubry-Manon-FB-768x1152.jpg 768w, https:\/\/www.roma-sinti-holocaust-memorial-day.eu\/wp-content\/uploads\/2021\/07\/Aubry-Manon-FB-8x12.jpg 8w\" sizes=\"(max-width: 853px) 100vw, 853px\" \/><\/div><\/a>\n\t\t\t\t<div class=\"elementor-post__text\">\n\t\t\t\t<h2 class=\"elementor-post__title\">\n\t\t\t<a href=\"https:\/\/www.roma-sinti-holocaust-memorial-day.eu\/de\/statements\/manon-aubry\/\" >\n\t\t\t\tManon Aubry\t\t\t<\/a>\n\t\t<\/h2>\n\t\t\t\t<div class=\"elementor-post__excerpt\">\n\t\t\t<p>Manon Aubry, MEP<\/p>\n\t\t<\/div>\n\t\t\t\t<\/div>\n\t\t\t\t\t<\/div>\n\t\t<\/article>\n\t\t\t\t<article class=\"elementor-post elementor-grid-item post-7136 post type-post status-publish format-standard has-post-thumbnail hentry category-statements-2021 category-statements\" role=\"listitem\">\n\t\t\t<div class=\"elementor-post__card\">\n\t\t\t\t<a class=\"elementor-post__thumbnail__link\" href=\"https:\/\/www.roma-sinti-holocaust-memorial-day.eu\/de\/statements\/chris-j-lazaris-2\/\" tabindex=\"-1\" ><div class=\"elementor-post__thumbnail\"><img loading=\"lazy\" decoding=\"async\" width=\"569\" height=\"720\" src=\"https:\/\/www.roma-sinti-holocaust-memorial-day.eu\/wp-content\/uploads\/2021\/08\/futura-e1627848513848.jpg\" class=\"attachment-full size-full wp-image-7150\" alt=\"\" srcset=\"https:\/\/www.roma-sinti-holocaust-memorial-day.eu\/wp-content\/uploads\/2021\/08\/futura-e1627848513848.jpg 569w, https:\/\/www.roma-sinti-holocaust-memorial-day.eu\/wp-content\/uploads\/2021\/08\/futura-e1627848513848-237x300.jpg 237w, https:\/\/www.roma-sinti-holocaust-memorial-day.eu\/wp-content\/uploads\/2021\/08\/futura-e1627848513848-9x12.jpg 9w\" sizes=\"(max-width: 569px) 100vw, 569px\" \/><\/div><\/a>\n\t\t\t\t<div class=\"elementor-post__text\">\n\t\t\t\t<h2 class=\"elementor-post__title\">\n\t\t\t<a href=\"https:\/\/www.roma-sinti-holocaust-memorial-day.eu\/de\/statements\/chris-j-lazaris-2\/\" >\n\t\t\t\tAdrian-Nicolae Furtuna\t\t\t<\/a>\n\t\t<\/h2>\n\t\t\t\t<div class=\"elementor-post__excerpt\">\n\t\t\t<p>Historian at the University of Bucharest<\/p>\n\t\t<\/div>\n\t\t\t\t<\/div>\n\t\t\t\t\t<\/div>\n\t\t<\/article>\n\t\t\t\t<article class=\"elementor-post elementor-grid-item post-6604 post type-post status-publish format-standard has-post-thumbnail hentry category-statements-2021 category-history category-testimonies-of-holocaust-survivors-history\" role=\"listitem\">\n\t\t\t<div class=\"elementor-post__card\">\n\t\t\t\t<a class=\"elementor-post__thumbnail__link\" href=\"https:\/\/www.roma-sinti-holocaust-memorial-day.eu\/de\/statements\/statements-2021\/philomea-franz\/\" tabindex=\"-1\" ><div class=\"elementor-post__thumbnail\"><img loading=\"lazy\" decoding=\"async\" width=\"2560\" height=\"1707\" src=\"https:\/\/www.roma-sinti-holocaust-memorial-day.eu\/wp-content\/uploads\/2021\/07\/DSC_0229-scaled.jpg\" class=\"attachment-full size-full wp-image-6605\" alt=\"\" srcset=\"https:\/\/www.roma-sinti-holocaust-memorial-day.eu\/wp-content\/uploads\/2021\/07\/DSC_0229-scaled.jpg 2560w, https:\/\/www.roma-sinti-holocaust-memorial-day.eu\/wp-content\/uploads\/2021\/07\/DSC_0229-300x200.jpg 300w, https:\/\/www.roma-sinti-holocaust-memorial-day.eu\/wp-content\/uploads\/2021\/07\/DSC_0229-1024x683.jpg 1024w, https:\/\/www.roma-sinti-holocaust-memorial-day.eu\/wp-content\/uploads\/2021\/07\/DSC_0229-768x512.jpg 768w, https:\/\/www.roma-sinti-holocaust-memorial-day.eu\/wp-content\/uploads\/2021\/07\/DSC_0229-1536x1024.jpg 1536w, https:\/\/www.roma-sinti-holocaust-memorial-day.eu\/wp-content\/uploads\/2021\/07\/DSC_0229-2048x1365.jpg 2048w, https:\/\/www.roma-sinti-holocaust-memorial-day.eu\/wp-content\/uploads\/2021\/07\/DSC_0229-18x12.jpg 18w\" sizes=\"(max-width: 2560px) 100vw, 2560px\" \/><\/div><\/a>\n\t\t\t\t<div class=\"elementor-post__text\">\n\t\t\t\t<h2 class=\"elementor-post__title\">\n\t\t\t<a href=\"https:\/\/www.roma-sinti-holocaust-memorial-day.eu\/de\/statements\/statements-2021\/philomea-franz\/\" >\n\t\t\t\tPhilomena Franz\t\t\t<\/a>\n\t\t<\/h2>\n\t\t\t\t<div class=\"elementor-post__excerpt\">\n\t\t\t<p>Holocaust Survivor<\/p>\n\t\t<\/div>\n\t\t\t\t<\/div>\n\t\t\t\t\t<\/div>\n\t\t<\/article>\n\t\t\t\t<article class=\"elementor-post elementor-grid-item post-6931 post type-post status-publish format-standard has-post-thumbnail hentry category-statements-2021 category-statements\" role=\"listitem\">\n\t\t\t<div class=\"elementor-post__card\">\n\t\t\t\t<a class=\"elementor-post__thumbnail__link\" href=\"https:\/\/www.roma-sinti-holocaust-memorial-day.eu\/de\/statements\/statements-2021\/angelina-kappler\/\" tabindex=\"-1\" ><div class=\"elementor-post__thumbnail\"><img loading=\"lazy\" decoding=\"async\" width=\"1643\" height=\"1350\" src=\"https:\/\/www.roma-sinti-holocaust-memorial-day.eu\/wp-content\/uploads\/2021\/08\/Bild.jpg\" class=\"attachment-full size-full wp-image-6932\" alt=\"\" srcset=\"https:\/\/www.roma-sinti-holocaust-memorial-day.eu\/wp-content\/uploads\/2021\/08\/Bild.jpg 1643w, https:\/\/www.roma-sinti-holocaust-memorial-day.eu\/wp-content\/uploads\/2021\/08\/Bild-300x247.jpg 300w, https:\/\/www.roma-sinti-holocaust-memorial-day.eu\/wp-content\/uploads\/2021\/08\/Bild-1024x841.jpg 1024w, https:\/\/www.roma-sinti-holocaust-memorial-day.eu\/wp-content\/uploads\/2021\/08\/Bild-768x631.jpg 768w, https:\/\/www.roma-sinti-holocaust-memorial-day.eu\/wp-content\/uploads\/2021\/08\/Bild-1536x1262.jpg 1536w, https:\/\/www.roma-sinti-holocaust-memorial-day.eu\/wp-content\/uploads\/2021\/08\/Bild-15x12.jpg 15w\" sizes=\"(max-width: 1643px) 100vw, 1643px\" \/><\/div><\/a>\n\t\t\t\t<div class=\"elementor-post__text\">\n\t\t\t\t<h2 class=\"elementor-post__title\">\n\t\t\t<a href=\"https:\/\/www.roma-sinti-holocaust-memorial-day.eu\/de\/statements\/statements-2021\/angelina-kappler\/\" >\n\t\t\t\tAngelina Kappler\t\t\t<\/a>\n\t\t<\/h2>\n\t\t\t\t<div class=\"elementor-post__excerpt\">\n\t\t\t<p>German former Weink\u00f6nigin<\/p>\n\t\t<\/div>\n\t\t\t\t<\/div>\n\t\t\t\t\t<\/div>\n\t\t<\/article>\n\t\t\t\t<article class=\"elementor-post elementor-grid-item post-6990 post type-post status-publish format-standard has-post-thumbnail hentry category-statements-2021 category-statements\" role=\"listitem\">\n\t\t\t<div class=\"elementor-post__card\">\n\t\t\t\t<a class=\"elementor-post__thumbnail__link\" href=\"https:\/\/www.roma-sinti-holocaust-memorial-day.eu\/de\/statements\/statements-2021\/marian-kalwary\/\" tabindex=\"-1\" ><div class=\"elementor-post__thumbnail\"><img loading=\"lazy\" decoding=\"async\" width=\"635\" height=\"357\" src=\"https:\/\/www.roma-sinti-holocaust-memorial-day.eu\/wp-content\/uploads\/2021\/08\/Marian-Kalwary-Foto-Christoph-Loeffler.jpg\" class=\"attachment-full size-full wp-image-6991\" alt=\"\" srcset=\"https:\/\/www.roma-sinti-holocaust-memorial-day.eu\/wp-content\/uploads\/2021\/08\/Marian-Kalwary-Foto-Christoph-Loeffler.jpg 635w, https:\/\/www.roma-sinti-holocaust-memorial-day.eu\/wp-content\/uploads\/2021\/08\/Marian-Kalwary-Foto-Christoph-Loeffler-300x169.jpg 300w, https:\/\/www.roma-sinti-holocaust-memorial-day.eu\/wp-content\/uploads\/2021\/08\/Marian-Kalwary-Foto-Christoph-Loeffler-18x10.jpg 18w\" sizes=\"(max-width: 635px) 100vw, 635px\" \/><\/div><\/a>\n\t\t\t\t<div class=\"elementor-post__text\">\n\t\t\t\t<h2 class=\"elementor-post__title\">\n\t\t\t<a href=\"https:\/\/www.roma-sinti-holocaust-memorial-day.eu\/de\/statements\/statements-2021\/marian-kalwary\/\" >\n\t\t\t\tMarian Kalwary\t\t\t<\/a>\n\t\t<\/h2>\n\t\t\t\t<div class=\"elementor-post__excerpt\">\n\t\t\t<p>Chairman of the Association of Jews,<br \/>\nSurvivors and Victims of the Second World War<\/p>\n\t\t<\/div>\n\t\t\t\t<\/div>\n\t\t\t\t\t<\/div>\n\t\t<\/article>\n\t\t\t\t<article class=\"elementor-post elementor-grid-item post-7067 post type-post status-publish format-standard has-post-thumbnail hentry category-statements-2021 category-statements\" role=\"listitem\">\n\t\t\t<div class=\"elementor-post__card\">\n\t\t\t\t<a class=\"elementor-post__thumbnail__link\" href=\"https:\/\/www.roma-sinti-holocaust-memorial-day.eu\/de\/statements\/piotr-glinski\/\" tabindex=\"-1\" ><div class=\"elementor-post__thumbnail\"><img loading=\"lazy\" decoding=\"async\" width=\"901\" height=\"616\" src=\"https:\/\/www.roma-sinti-holocaust-memorial-day.eu\/wp-content\/uploads\/2021\/08\/Glinski-e1627841409757.png\" class=\"attachment-full size-full wp-image-7068\" alt=\"\" srcset=\"https:\/\/www.roma-sinti-holocaust-memorial-day.eu\/wp-content\/uploads\/2021\/08\/Glinski-e1627841409757.png 901w, https:\/\/www.roma-sinti-holocaust-memorial-day.eu\/wp-content\/uploads\/2021\/08\/Glinski-e1627841409757-300x205.png 300w, https:\/\/www.roma-sinti-holocaust-memorial-day.eu\/wp-content\/uploads\/2021\/08\/Glinski-e1627841409757-768x525.png 768w, https:\/\/www.roma-sinti-holocaust-memorial-day.eu\/wp-content\/uploads\/2021\/08\/Glinski-e1627841409757-18x12.png 18w\" sizes=\"(max-width: 901px) 100vw, 901px\" \/><\/div><\/a>\n\t\t\t\t<div class=\"elementor-post__text\">\n\t\t\t\t<h2 class=\"elementor-post__title\">\n\t\t\t<a href=\"https:\/\/www.roma-sinti-holocaust-memorial-day.eu\/de\/statements\/piotr-glinski\/\" >\n\t\t\t\tPiotr Gli\u0144ski\t\t\t<\/a>\n\t\t<\/h2>\n\t\t\t\t<div class=\"elementor-post__excerpt\">\n\t\t\t<p>First Deputy Prime Minister and the Minister of Culture and National Heritage of Poland<\/p>\n\t\t<\/div>\n\t\t\t\t<\/div>\n\t\t\t\t\t<\/div>\n\t\t<\/article>\n\t\t\t\t<article class=\"elementor-post elementor-grid-item post-7092 post type-post status-publish format-standard has-post-thumbnail hentry category-statements-2021 category-statements\" role=\"listitem\">\n\t\t\t<div class=\"elementor-post__card\">\n\t\t\t\t<a class=\"elementor-post__thumbnail__link\" href=\"https:\/\/www.roma-sinti-holocaust-memorial-day.eu\/de\/statements\/izabela-tiberiade\/\" tabindex=\"-1\" ><div class=\"elementor-post__thumbnail\"><img loading=\"lazy\" decoding=\"async\" width=\"1080\" height=\"1325\" src=\"https:\/\/www.roma-sinti-holocaust-memorial-day.eu\/wp-content\/uploads\/2021\/08\/Izabela-Tiberiade.jpeg\" class=\"attachment-full size-full wp-image-7094\" alt=\"\" srcset=\"https:\/\/www.roma-sinti-holocaust-memorial-day.eu\/wp-content\/uploads\/2021\/08\/Izabela-Tiberiade.jpeg 1080w, https:\/\/www.roma-sinti-holocaust-memorial-day.eu\/wp-content\/uploads\/2021\/08\/Izabela-Tiberiade-245x300.jpeg 245w, https:\/\/www.roma-sinti-holocaust-memorial-day.eu\/wp-content\/uploads\/2021\/08\/Izabela-Tiberiade-835x1024.jpeg 835w, https:\/\/www.roma-sinti-holocaust-memorial-day.eu\/wp-content\/uploads\/2021\/08\/Izabela-Tiberiade-768x942.jpeg 768w, https:\/\/www.roma-sinti-holocaust-memorial-day.eu\/wp-content\/uploads\/2021\/08\/Izabela-Tiberiade-10x12.jpeg 10w\" sizes=\"(max-width: 1080px) 100vw, 1080px\" \/><\/div><\/a>\n\t\t\t\t<div class=\"elementor-post__text\">\n\t\t\t\t<h2 class=\"elementor-post__title\">\n\t\t\t<a href=\"https:\/\/www.roma-sinti-holocaust-memorial-day.eu\/de\/statements\/izabela-tiberiade\/\" >\n\t\t\t\tIzabela Tiberiade\t\t\t<\/a>\n\t\t<\/h2>\n\t\t\t\t<div class=\"elementor-post__excerpt\">\n\t\t\t<p>Young Activist from Sweden <\/p>\n\t\t<\/div>\n\t\t\t\t<\/div>\n\t\t\t\t\t<\/div>\n\t\t<\/article>\n\t\t\t\t<article class=\"elementor-post elementor-grid-item post-7171 post type-post status-publish format-standard has-post-thumbnail hentry category-statements-2021 category-statements\" role=\"listitem\">\n\t\t\t<div class=\"elementor-post__card\">\n\t\t\t\t<a class=\"elementor-post__thumbnail__link\" href=\"https:\/\/www.roma-sinti-holocaust-memorial-day.eu\/de\/statements\/ursula-krechel\/\" tabindex=\"-1\" ><div class=\"elementor-post__thumbnail\"><img loading=\"lazy\" decoding=\"async\" width=\"2560\" height=\"1707\" src=\"https:\/\/www.roma-sinti-holocaust-memorial-day.eu\/wp-content\/uploads\/2021\/08\/20130419_8670-Zoerner-Foto-gekauft_Ursula-Krechel-scaled.jpg\" class=\"attachment-full size-full wp-image-7172\" alt=\"\" srcset=\"https:\/\/www.roma-sinti-holocaust-memorial-day.eu\/wp-content\/uploads\/2021\/08\/20130419_8670-Zoerner-Foto-gekauft_Ursula-Krechel-scaled.jpg 2560w, https:\/\/www.roma-sinti-holocaust-memorial-day.eu\/wp-content\/uploads\/2021\/08\/20130419_8670-Zoerner-Foto-gekauft_Ursula-Krechel-300x200.jpg 300w, https:\/\/www.roma-sinti-holocaust-memorial-day.eu\/wp-content\/uploads\/2021\/08\/20130419_8670-Zoerner-Foto-gekauft_Ursula-Krechel-1024x683.jpg 1024w, https:\/\/www.roma-sinti-holocaust-memorial-day.eu\/wp-content\/uploads\/2021\/08\/20130419_8670-Zoerner-Foto-gekauft_Ursula-Krechel-768x512.jpg 768w, https:\/\/www.roma-sinti-holocaust-memorial-day.eu\/wp-content\/uploads\/2021\/08\/20130419_8670-Zoerner-Foto-gekauft_Ursula-Krechel-1536x1024.jpg 1536w, https:\/\/www.roma-sinti-holocaust-memorial-day.eu\/wp-content\/uploads\/2021\/08\/20130419_8670-Zoerner-Foto-gekauft_Ursula-Krechel-2048x1365.jpg 2048w, https:\/\/www.roma-sinti-holocaust-memorial-day.eu\/wp-content\/uploads\/2021\/08\/20130419_8670-Zoerner-Foto-gekauft_Ursula-Krechel-18x12.jpg 18w\" sizes=\"(max-width: 2560px) 100vw, 2560px\" \/><\/div><\/a>\n\t\t\t\t<div class=\"elementor-post__text\">\n\t\t\t\t<h2 class=\"elementor-post__title\">\n\t\t\t<a href=\"https:\/\/www.roma-sinti-holocaust-memorial-day.eu\/de\/statements\/ursula-krechel\/\" >\n\t\t\t\tUrsula Krechel\t\t\t<\/a>\n\t\t<\/h2>\n\t\t\t\t<div class=\"elementor-post__excerpt\">\n\t\t\t<p>Writer<\/p>\n\t\t<\/div>\n\t\t\t\t<\/div>\n\t\t\t\t\t<\/div>\n\t\t<\/article>\n\t\t\t\t<article class=\"elementor-post elementor-grid-item post-7586 post type-post status-publish format-standard has-post-thumbnail hentry category-statements-2021 category-statements\" role=\"listitem\">\n\t\t\t<div class=\"elementor-post__card\">\n\t\t\t\t<a class=\"elementor-post__thumbnail__link\" href=\"https:\/\/www.roma-sinti-holocaust-memorial-day.eu\/de\/statements\/marija-pejcinovic-buric-2\/\" tabindex=\"-1\" ><div class=\"elementor-post__thumbnail\"><img loading=\"lazy\" decoding=\"async\" width=\"413\" height=\"531\" src=\"https:\/\/www.roma-sinti-holocaust-memorial-day.eu\/wp-content\/uploads\/2020\/08\/photo-CoE-Secretary-General.jpg\" class=\"attachment-full size-full wp-image-2944\" alt=\"\" srcset=\"https:\/\/www.roma-sinti-holocaust-memorial-day.eu\/wp-content\/uploads\/2020\/08\/photo-CoE-Secretary-General.jpg 413w, https:\/\/www.roma-sinti-holocaust-memorial-day.eu\/wp-content\/uploads\/2020\/08\/photo-CoE-Secretary-General-233x300.jpg 233w\" sizes=\"(max-width: 413px) 100vw, 413px\" \/><\/div><\/a>\n\t\t\t\t<div class=\"elementor-post__text\">\n\t\t\t\t<h2 class=\"elementor-post__title\">\n\t\t\t<a href=\"https:\/\/www.roma-sinti-holocaust-memorial-day.eu\/de\/statements\/marija-pejcinovic-buric-2\/\" >\n\t\t\t\tMarija Pej\u010dinovi\u0107 Buri\u0107\t\t\t<\/a>\n\t\t<\/h2>\n\t\t\t\t<div class=\"elementor-post__excerpt\">\n\t\t\t<p>Secretary-General of the Council of Europe<\/p>\n\t\t<\/div>\n\t\t\t\t<\/div>\n\t\t\t\t\t<\/div>\n\t\t<\/article>\n\t\t\t\t<article class=\"elementor-post elementor-grid-item post-7014 post type-post status-publish format-standard has-post-thumbnail hentry category-statements-2021 category-statements\" role=\"listitem\">\n\t\t\t<div class=\"elementor-post__card\">\n\t\t\t\t<a class=\"elementor-post__thumbnail__link\" href=\"https:\/\/www.roma-sinti-holocaust-memorial-day.eu\/de\/statements\/klaus-iohannis-2\/\" tabindex=\"-1\" ><div class=\"elementor-post__thumbnail\"><img loading=\"lazy\" decoding=\"async\" width=\"1536\" height=\"2048\" src=\"https:\/\/www.roma-sinti-holocaust-memorial-day.eu\/wp-content\/uploads\/2020\/08\/Fotografie-23-Iulie-2020.jpg\" class=\"attachment-full size-full wp-image-2981\" alt=\"\" srcset=\"https:\/\/www.roma-sinti-holocaust-memorial-day.eu\/wp-content\/uploads\/2020\/08\/Fotografie-23-Iulie-2020.jpg 1536w, https:\/\/www.roma-sinti-holocaust-memorial-day.eu\/wp-content\/uploads\/2020\/08\/Fotografie-23-Iulie-2020-225x300.jpg 225w, https:\/\/www.roma-sinti-holocaust-memorial-day.eu\/wp-content\/uploads\/2020\/08\/Fotografie-23-Iulie-2020-768x1024.jpg 768w, https:\/\/www.roma-sinti-holocaust-memorial-day.eu\/wp-content\/uploads\/2020\/08\/Fotografie-23-Iulie-2020-1152x1536.jpg 1152w\" sizes=\"(max-width: 1536px) 100vw, 1536px\" \/><\/div><\/a>\n\t\t\t\t<div class=\"elementor-post__text\">\n\t\t\t\t<h2 class=\"elementor-post__title\">\n\t\t\t<a href=\"https:\/\/www.roma-sinti-holocaust-memorial-day.eu\/de\/statements\/klaus-iohannis-2\/\" >\n\t\t\t\tKlaus Iohannis\t\t\t<\/a>\n\t\t<\/h2>\n\t\t\t\t<div class=\"elementor-post__excerpt\">\n\t\t\t<p>President of Romania<\/p>\n\t\t<\/div>\n\t\t\t\t<\/div>\n\t\t\t\t\t<\/div>\n\t\t<\/article>\n\t\t\t\t<\/div>\n\t\t\n\t\t\t\t\t\t<\/div>\n\t\t\t\t<\/div>\n\t\t\t\t<div class=\"elementor-element elementor-element-7c80ce3 elementor-widget elementor-widget-spacer\" data-id=\"7c80ce3\" data-element_type=\"widget\" data-e-type=\"widget\" data-widget_type=\"spacer.default\">\n\t\t\t\t<div class=\"elementor-widget-container\">\n\t\t\t\t\t\t\t<div class=\"elementor-spacer\">\n\t\t\t<div class=\"elementor-spacer-inner\"><\/div>\n\t\t<\/div>\n\t\t\t\t\t\t<\/div>\n\t\t\t\t<\/div>\n\t\t\t\t\t<\/div>\n\t\t<\/div>\n\t\t\t\t\t<\/div>\n\t\t<\/section>\n\t\t\t\t<\/div>\n\t\t","protected":false},"excerpt":{"rendered":"<p>Vizepr\u00e4sidentin des Deutschen Bundestages<\/p>","protected":false},"author":9,"featured_media":6678,"comment_status":"closed","ping_status":"closed","sticky":false,"template":"","format":"standard","meta":{"_monsterinsights_skip_tracking":false,"_monsterinsights_sitenote_active":false,"_monsterinsights_sitenote_note":"","_monsterinsights_sitenote_category":0,"site-sidebar-layout":"default","site-content-layout":"default","ast-site-content-layout":"default","site-content-style":"default","site-sidebar-style":"default","ast-global-header-display":"","ast-banner-title-visibility":"","ast-main-header-display":"","ast-hfb-above-header-display":"","ast-hfb-below-header-display":"","ast-hfb-mobile-header-display":"","site-post-title":"","ast-breadcrumbs-content":"","ast-featured-img":"","footer-sml-layout":"","ast-disable-related-posts":"","theme-transparent-header-meta":"default","adv-header-id-meta":"","stick-header-meta":"","header-above-stick-meta":"","header-main-stick-meta":"","header-below-stick-meta":"","astra-migrate-meta-layouts":"default","ast-page-background-enabled":"default","ast-page-background-meta":{"desktop":{"background-color":"","background-image":"","background-repeat":"repeat","background-position":"center center","background-size":"auto","background-attachment":"scroll","background-type":"","background-media":"","overlay-type":"","overlay-color":"","overlay-opacity":"","overlay-gradient":""},"tablet":{"background-color":"","background-image":"","background-repeat":"repeat","background-position":"center center","background-size":"auto","background-attachment":"scroll","background-type":"","background-media":"","overlay-type":"","overlay-color":"","overlay-opacity":"","overlay-gradient":""},"mobile":{"background-color":"","background-image":"","background-repeat":"repeat","background-position":"center center","background-size":"auto","background-attachment":"scroll","background-type":"","background-media":"","overlay-type":"","overlay-color":"","overlay-opacity":"","overlay-gradient":""}},"ast-content-background-meta":{"desktop":{"background-color":"var(--ast-global-color-5)","background-image":"","background-repeat":"repeat","background-position":"center center","background-size":"auto","background-attachment":"scroll","background-type":"","background-media":"","overlay-type":"","overlay-color":"","overlay-opacity":"","overlay-gradient":""},"tablet":{"background-color":"var(--ast-global-color-5)","background-image":"","background-repeat":"repeat","background-position":"center center","background-size":"auto","background-attachment":"scroll","background-type":"","background-media":"","overlay-type":"","overlay-color":"","overlay-opacity":"","overlay-gradient":""},"mobile":{"background-color":"var(--ast-global-color-5)","background-image":"","background-repeat":"repeat","background-position":"center center","background-size":"auto","background-attachment":"scroll","background-type":"","background-media":"","overlay-type":"","overlay-color":"","overlay-opacity":"","overlay-gradient":""}},"footnotes":""},"categories":[56,31],"tags":[],"class_list":["post-6677","post","type-post","status-publish","format-standard","has-post-thumbnail","hentry","category-statements-2021","category-statements"],"yoast_head":"<!-- This site is optimized with the Yoast SEO plugin v27.4 - https:\/\/yoast.com\/product\/yoast-seo-wordpress\/ -->\n<title>Claudia Roth - European Holocaust Memorial Day for Sinti und Roma<\/title>\n<meta name=\"robots\" content=\"index, follow, max-snippet:-1, max-image-preview:large, max-video-preview:-1\" \/>\n<link rel=\"canonical\" href=\"https:\/\/www.roma-sinti-holocaust-memorial-day.eu\/de\/statements\/claudia-roth\/\" \/>\n<meta property=\"og:locale\" content=\"de_DE\" \/>\n<meta property=\"og:type\" content=\"article\" \/>\n<meta property=\"og:title\" content=\"Claudia Roth - European Holocaust Memorial Day for Sinti und Roma\" \/>\n<meta property=\"og:description\" content=\"Vice President of the German Bundestag\" \/>\n<meta property=\"og:url\" content=\"https:\/\/www.roma-sinti-holocaust-memorial-day.eu\/de\/statements\/claudia-roth\/\" \/>\n<meta property=\"og:site_name\" content=\"European Holocaust Memorial Day for Sinti und Roma\" \/>\n<meta property=\"article:published_time\" content=\"2021-08-02T10:00:00+00:00\" \/>\n<meta property=\"article:modified_time\" content=\"2024-08-02T11:29:42+00:00\" \/>\n<meta property=\"og:image\" content=\"https:\/\/www.roma-sinti-holocaust-memorial-day.eu\/wp-content\/uploads\/2021\/07\/2021_06_CLAUDIA_ROTH_06_154_ECIRGB-scaled.jpg\" \/>\n\t<meta property=\"og:image:width\" content=\"2560\" \/>\n\t<meta property=\"og:image:height\" content=\"1706\" \/>\n\t<meta property=\"og:image:type\" content=\"image\/jpeg\" \/>\n<meta name=\"author\" content=\"Johannes Kaiser\" \/>\n<meta name=\"twitter:card\" content=\"summary_large_image\" \/>\n<meta name=\"twitter:label1\" content=\"Verfasst von\" \/>\n\t<meta name=\"twitter:data1\" content=\"Johannes Kaiser\" \/>\n\t<meta name=\"twitter:label2\" content=\"Gesch\u00e4tzte Lesezeit\" \/>\n\t<meta name=\"twitter:data2\" content=\"10\u00a0Minuten\" \/>\n<script type=\"application\/ld+json\" class=\"yoast-schema-graph\">{\"@context\":\"https:\\\/\\\/schema.org\",\"@graph\":[{\"@type\":\"Article\",\"@id\":\"https:\\\/\\\/www.roma-sinti-holocaust-memorial-day.eu\\\/statements\\\/claudia-roth\\\/#article\",\"isPartOf\":{\"@id\":\"https:\\\/\\\/www.roma-sinti-holocaust-memorial-day.eu\\\/statements\\\/claudia-roth\\\/\"},\"author\":{\"name\":\"Johannes Kaiser\",\"@id\":\"https:\\\/\\\/www.roma-sinti-holocaust-memorial-day.eu\\\/#\\\/schema\\\/person\\\/601a661ba1e1354921643a3002c039dd\"},\"headline\":\"Claudia Roth\",\"datePublished\":\"2021-08-02T10:00:00+00:00\",\"dateModified\":\"2024-08-02T11:29:42+00:00\",\"mainEntityOfPage\":{\"@id\":\"https:\\\/\\\/www.roma-sinti-holocaust-memorial-day.eu\\\/statements\\\/claudia-roth\\\/\"},\"wordCount\":604,\"publisher\":{\"@id\":\"https:\\\/\\\/www.roma-sinti-holocaust-memorial-day.eu\\\/#organization\"},\"image\":{\"@id\":\"https:\\\/\\\/www.roma-sinti-holocaust-memorial-day.eu\\\/statements\\\/claudia-roth\\\/#primaryimage\"},\"thumbnailUrl\":\"https:\\\/\\\/www.roma-sinti-holocaust-memorial-day.eu\\\/wp-content\\\/uploads\\\/2021\\\/07\\\/2021_06_CLAUDIA_ROTH_06_154_ECIRGB-scaled.jpg\",\"articleSection\":[\"2021\",\"Statements\"],\"inLanguage\":\"de\"},{\"@type\":\"WebPage\",\"@id\":\"https:\\\/\\\/www.roma-sinti-holocaust-memorial-day.eu\\\/statements\\\/claudia-roth\\\/\",\"url\":\"https:\\\/\\\/www.roma-sinti-holocaust-memorial-day.eu\\\/statements\\\/claudia-roth\\\/\",\"name\":\"Claudia Roth - European Holocaust Memorial Day for Sinti und Roma\",\"isPartOf\":{\"@id\":\"https:\\\/\\\/www.roma-sinti-holocaust-memorial-day.eu\\\/#website\"},\"primaryImageOfPage\":{\"@id\":\"https:\\\/\\\/www.roma-sinti-holocaust-memorial-day.eu\\\/statements\\\/claudia-roth\\\/#primaryimage\"},\"image\":{\"@id\":\"https:\\\/\\\/www.roma-sinti-holocaust-memorial-day.eu\\\/statements\\\/claudia-roth\\\/#primaryimage\"},\"thumbnailUrl\":\"https:\\\/\\\/www.roma-sinti-holocaust-memorial-day.eu\\\/wp-content\\\/uploads\\\/2021\\\/07\\\/2021_06_CLAUDIA_ROTH_06_154_ECIRGB-scaled.jpg\",\"datePublished\":\"2021-08-02T10:00:00+00:00\",\"dateModified\":\"2024-08-02T11:29:42+00:00\",\"breadcrumb\":{\"@id\":\"https:\\\/\\\/www.roma-sinti-holocaust-memorial-day.eu\\\/statements\\\/claudia-roth\\\/#breadcrumb\"},\"inLanguage\":\"de\",\"potentialAction\":[{\"@type\":\"ReadAction\",\"target\":[\"https:\\\/\\\/www.roma-sinti-holocaust-memorial-day.eu\\\/statements\\\/claudia-roth\\\/\"]}]},{\"@type\":\"ImageObject\",\"inLanguage\":\"de\",\"@id\":\"https:\\\/\\\/www.roma-sinti-holocaust-memorial-day.eu\\\/statements\\\/claudia-roth\\\/#primaryimage\",\"url\":\"https:\\\/\\\/www.roma-sinti-holocaust-memorial-day.eu\\\/wp-content\\\/uploads\\\/2021\\\/07\\\/2021_06_CLAUDIA_ROTH_06_154_ECIRGB-scaled.jpg\",\"contentUrl\":\"https:\\\/\\\/www.roma-sinti-holocaust-memorial-day.eu\\\/wp-content\\\/uploads\\\/2021\\\/07\\\/2021_06_CLAUDIA_ROTH_06_154_ECIRGB-scaled.jpg\",\"width\":2560,\"height\":1706,\"caption\":\"Claudia Roth, Vice President of the German Bundestag\"},{\"@type\":\"BreadcrumbList\",\"@id\":\"https:\\\/\\\/www.roma-sinti-holocaust-memorial-day.eu\\\/statements\\\/claudia-roth\\\/#breadcrumb\",\"itemListElement\":[{\"@type\":\"ListItem\",\"position\":1,\"name\":\"Home\",\"item\":\"https:\\\/\\\/www.roma-sinti-holocaust-memorial-day.eu\\\/\"},{\"@type\":\"ListItem\",\"position\":2,\"name\":\"Claudia Roth\"}]},{\"@type\":\"WebSite\",\"@id\":\"https:\\\/\\\/www.roma-sinti-holocaust-memorial-day.eu\\\/#website\",\"url\":\"https:\\\/\\\/www.roma-sinti-holocaust-memorial-day.eu\\\/\",\"name\":\"European Holocaust Memorial Day for Sinti und Roma\",\"description\":\"\",\"publisher\":{\"@id\":\"https:\\\/\\\/www.roma-sinti-holocaust-memorial-day.eu\\\/#organization\"},\"potentialAction\":[{\"@type\":\"SearchAction\",\"target\":{\"@type\":\"EntryPoint\",\"urlTemplate\":\"https:\\\/\\\/www.roma-sinti-holocaust-memorial-day.eu\\\/?s={search_term_string}\"},\"query-input\":{\"@type\":\"PropertyValueSpecification\",\"valueRequired\":true,\"valueName\":\"search_term_string\"}}],\"inLanguage\":\"de\"},{\"@type\":\"Organization\",\"@id\":\"https:\\\/\\\/www.roma-sinti-holocaust-memorial-day.eu\\\/#organization\",\"name\":\"European Holocaust Memorial Day for Sinti und Roma\",\"url\":\"https:\\\/\\\/www.roma-sinti-holocaust-memorial-day.eu\\\/\",\"logo\":{\"@type\":\"ImageObject\",\"inLanguage\":\"de\",\"@id\":\"https:\\\/\\\/www.roma-sinti-holocaust-memorial-day.eu\\\/#\\\/schema\\\/logo\\\/image\\\/\",\"url\":\"https:\\\/\\\/www.roma-sinti-holocaust-memorial-day.eu\\\/wp-content\\\/uploads\\\/2020\\\/06\\\/en-logo-2020-europaeischer-holocaust-gedenktag-f\u00fcr-sinti-und-roma_gelb.svg\",\"contentUrl\":\"https:\\\/\\\/www.roma-sinti-holocaust-memorial-day.eu\\\/wp-content\\\/uploads\\\/2020\\\/06\\\/en-logo-2020-europaeischer-holocaust-gedenktag-f\u00fcr-sinti-und-roma_gelb.svg\",\"caption\":\"European Holocaust Memorial Day for Sinti und Roma\"},\"image\":{\"@id\":\"https:\\\/\\\/www.roma-sinti-holocaust-memorial-day.eu\\\/#\\\/schema\\\/logo\\\/image\\\/\"}},{\"@type\":\"Person\",\"@id\":\"https:\\\/\\\/www.roma-sinti-holocaust-memorial-day.eu\\\/#\\\/schema\\\/person\\\/601a661ba1e1354921643a3002c039dd\",\"name\":\"Johannes Kaiser\",\"image\":{\"@type\":\"ImageObject\",\"inLanguage\":\"de\",\"@id\":\"https:\\\/\\\/secure.gravatar.com\\\/avatar\\\/29396a57a818cc8ceb91634d4071bdf0aaadc1dbcca9871da11e1c709cd15369?s=96&d=mm&r=g\",\"url\":\"https:\\\/\\\/secure.gravatar.com\\\/avatar\\\/29396a57a818cc8ceb91634d4071bdf0aaadc1dbcca9871da11e1c709cd15369?s=96&d=mm&r=g\",\"contentUrl\":\"https:\\\/\\\/secure.gravatar.com\\\/avatar\\\/29396a57a818cc8ceb91634d4071bdf0aaadc1dbcca9871da11e1c709cd15369?s=96&d=mm&r=g\",\"caption\":\"Johannes Kaiser\"},\"url\":\"https:\\\/\\\/www.roma-sinti-holocaust-memorial-day.eu\\\/de\\\/author\\\/johannes\\\/\"}]}<\/script>\n<!-- \/ Yoast SEO plugin. -->","yoast_head_json":{"title":"Claudia Roth - European Holocaust Memorial Day for Sinti und Roma","robots":{"index":"index","follow":"follow","max-snippet":"max-snippet:-1","max-image-preview":"max-image-preview:large","max-video-preview":"max-video-preview:-1"},"canonical":"https:\/\/www.roma-sinti-holocaust-memorial-day.eu\/de\/statements\/claudia-roth\/","og_locale":"de_DE","og_type":"article","og_title":"Claudia Roth - European Holocaust Memorial Day for Sinti und Roma","og_description":"Vice President of the German Bundestag","og_url":"https:\/\/www.roma-sinti-holocaust-memorial-day.eu\/de\/statements\/claudia-roth\/","og_site_name":"European Holocaust Memorial Day for Sinti und Roma","article_published_time":"2021-08-02T10:00:00+00:00","article_modified_time":"2024-08-02T11:29:42+00:00","og_image":[{"width":2560,"height":1706,"url":"https:\/\/www.roma-sinti-holocaust-memorial-day.eu\/wp-content\/uploads\/2021\/07\/2021_06_CLAUDIA_ROTH_06_154_ECIRGB-scaled.jpg","type":"image\/jpeg"}],"author":"Johannes Kaiser","twitter_card":"summary_large_image","twitter_misc":{"Verfasst von":"Johannes Kaiser","Gesch\u00e4tzte Lesezeit":"10\u00a0Minuten"},"schema":{"@context":"https:\/\/schema.org","@graph":[{"@type":"Article","@id":"https:\/\/www.roma-sinti-holocaust-memorial-day.eu\/statements\/claudia-roth\/#article","isPartOf":{"@id":"https:\/\/www.roma-sinti-holocaust-memorial-day.eu\/statements\/claudia-roth\/"},"author":{"name":"Johannes Kaiser","@id":"https:\/\/www.roma-sinti-holocaust-memorial-day.eu\/#\/schema\/person\/601a661ba1e1354921643a3002c039dd"},"headline":"Claudia Roth","datePublished":"2021-08-02T10:00:00+00:00","dateModified":"2024-08-02T11:29:42+00:00","mainEntityOfPage":{"@id":"https:\/\/www.roma-sinti-holocaust-memorial-day.eu\/statements\/claudia-roth\/"},"wordCount":604,"publisher":{"@id":"https:\/\/www.roma-sinti-holocaust-memorial-day.eu\/#organization"},"image":{"@id":"https:\/\/www.roma-sinti-holocaust-memorial-day.eu\/statements\/claudia-roth\/#primaryimage"},"thumbnailUrl":"https:\/\/www.roma-sinti-holocaust-memorial-day.eu\/wp-content\/uploads\/2021\/07\/2021_06_CLAUDIA_ROTH_06_154_ECIRGB-scaled.jpg","articleSection":["2021","Statements"],"inLanguage":"de"},{"@type":"WebPage","@id":"https:\/\/www.roma-sinti-holocaust-memorial-day.eu\/statements\/claudia-roth\/","url":"https:\/\/www.roma-sinti-holocaust-memorial-day.eu\/statements\/claudia-roth\/","name":"Claudia Roth - European Holocaust Memorial Day for Sinti und Roma","isPartOf":{"@id":"https:\/\/www.roma-sinti-holocaust-memorial-day.eu\/#website"},"primaryImageOfPage":{"@id":"https:\/\/www.roma-sinti-holocaust-memorial-day.eu\/statements\/claudia-roth\/#primaryimage"},"image":{"@id":"https:\/\/www.roma-sinti-holocaust-memorial-day.eu\/statements\/claudia-roth\/#primaryimage"},"thumbnailUrl":"https:\/\/www.roma-sinti-holocaust-memorial-day.eu\/wp-content\/uploads\/2021\/07\/2021_06_CLAUDIA_ROTH_06_154_ECIRGB-scaled.jpg","datePublished":"2021-08-02T10:00:00+00:00","dateModified":"2024-08-02T11:29:42+00:00","breadcrumb":{"@id":"https:\/\/www.roma-sinti-holocaust-memorial-day.eu\/statements\/claudia-roth\/#breadcrumb"},"inLanguage":"de","potentialAction":[{"@type":"ReadAction","target":["https:\/\/www.roma-sinti-holocaust-memorial-day.eu\/statements\/claudia-roth\/"]}]},{"@type":"ImageObject","inLanguage":"de","@id":"https:\/\/www.roma-sinti-holocaust-memorial-day.eu\/statements\/claudia-roth\/#primaryimage","url":"https:\/\/www.roma-sinti-holocaust-memorial-day.eu\/wp-content\/uploads\/2021\/07\/2021_06_CLAUDIA_ROTH_06_154_ECIRGB-scaled.jpg","contentUrl":"https:\/\/www.roma-sinti-holocaust-memorial-day.eu\/wp-content\/uploads\/2021\/07\/2021_06_CLAUDIA_ROTH_06_154_ECIRGB-scaled.jpg","width":2560,"height":1706,"caption":"Claudia Roth, Vice President of the German Bundestag"},{"@type":"BreadcrumbList","@id":"https:\/\/www.roma-sinti-holocaust-memorial-day.eu\/statements\/claudia-roth\/#breadcrumb","itemListElement":[{"@type":"ListItem","position":1,"name":"Home","item":"https:\/\/www.roma-sinti-holocaust-memorial-day.eu\/"},{"@type":"ListItem","position":2,"name":"Claudia Roth"}]},{"@type":"WebSite","@id":"https:\/\/www.roma-sinti-holocaust-memorial-day.eu\/#website","url":"https:\/\/www.roma-sinti-holocaust-memorial-day.eu\/","name":"European Holocaust Memorial Day for Sinti und Roma","description":"","publisher":{"@id":"https:\/\/www.roma-sinti-holocaust-memorial-day.eu\/#organization"},"potentialAction":[{"@type":"SearchAction","target":{"@type":"EntryPoint","urlTemplate":"https:\/\/www.roma-sinti-holocaust-memorial-day.eu\/?s={search_term_string}"},"query-input":{"@type":"PropertyValueSpecification","valueRequired":true,"valueName":"search_term_string"}}],"inLanguage":"de"},{"@type":"Organization","@id":"https:\/\/www.roma-sinti-holocaust-memorial-day.eu\/#organization","name":"European Holocaust Memorial Day for Sinti und Roma","url":"https:\/\/www.roma-sinti-holocaust-memorial-day.eu\/","logo":{"@type":"ImageObject","inLanguage":"de","@id":"https:\/\/www.roma-sinti-holocaust-memorial-day.eu\/#\/schema\/logo\/image\/","url":"https:\/\/www.roma-sinti-holocaust-memorial-day.eu\/wp-content\/uploads\/2020\/06\/en-logo-2020-europaeischer-holocaust-gedenktag-f\u00fcr-sinti-und-roma_gelb.svg","contentUrl":"https:\/\/www.roma-sinti-holocaust-memorial-day.eu\/wp-content\/uploads\/2020\/06\/en-logo-2020-europaeischer-holocaust-gedenktag-f\u00fcr-sinti-und-roma_gelb.svg","caption":"European Holocaust Memorial Day for Sinti und Roma"},"image":{"@id":"https:\/\/www.roma-sinti-holocaust-memorial-day.eu\/#\/schema\/logo\/image\/"}},{"@type":"Person","@id":"https:\/\/www.roma-sinti-holocaust-memorial-day.eu\/#\/schema\/person\/601a661ba1e1354921643a3002c039dd","name":"Johannes Kaiser","image":{"@type":"ImageObject","inLanguage":"de","@id":"https:\/\/secure.gravatar.com\/avatar\/29396a57a818cc8ceb91634d4071bdf0aaadc1dbcca9871da11e1c709cd15369?s=96&d=mm&r=g","url":"https:\/\/secure.gravatar.com\/avatar\/29396a57a818cc8ceb91634d4071bdf0aaadc1dbcca9871da11e1c709cd15369?s=96&d=mm&r=g","contentUrl":"https:\/\/secure.gravatar.com\/avatar\/29396a57a818cc8ceb91634d4071bdf0aaadc1dbcca9871da11e1c709cd15369?s=96&d=mm&r=g","caption":"Johannes Kaiser"},"url":"https:\/\/www.roma-sinti-holocaust-memorial-day.eu\/de\/author\/johannes\/"}]}},"_links":{"self":[{"href":"https:\/\/www.roma-sinti-holocaust-memorial-day.eu\/de\/wp-json\/wp\/v2\/posts\/6677","targetHints":{"allow":["GET"]}}],"collection":[{"href":"https:\/\/www.roma-sinti-holocaust-memorial-day.eu\/de\/wp-json\/wp\/v2\/posts"}],"about":[{"href":"https:\/\/www.roma-sinti-holocaust-memorial-day.eu\/de\/wp-json\/wp\/v2\/types\/post"}],"author":[{"embeddable":true,"href":"https:\/\/www.roma-sinti-holocaust-memorial-day.eu\/de\/wp-json\/wp\/v2\/users\/9"}],"replies":[{"embeddable":true,"href":"https:\/\/www.roma-sinti-holocaust-memorial-day.eu\/de\/wp-json\/wp\/v2\/comments?post=6677"}],"version-history":[{"count":30,"href":"https:\/\/www.roma-sinti-holocaust-memorial-day.eu\/de\/wp-json\/wp\/v2\/posts\/6677\/revisions"}],"predecessor-version":[{"id":12655,"href":"https:\/\/www.roma-sinti-holocaust-memorial-day.eu\/de\/wp-json\/wp\/v2\/posts\/6677\/revisions\/12655"}],"wp:featuredmedia":[{"embeddable":true,"href":"https:\/\/www.roma-sinti-holocaust-memorial-day.eu\/de\/wp-json\/wp\/v2\/media\/6678"}],"wp:attachment":[{"href":"https:\/\/www.roma-sinti-holocaust-memorial-day.eu\/de\/wp-json\/wp\/v2\/media?parent=6677"}],"wp:term":[{"taxonomy":"category","embeddable":true,"href":"https:\/\/www.roma-sinti-holocaust-memorial-day.eu\/de\/wp-json\/wp\/v2\/categories?post=6677"},{"taxonomy":"post_tag","embeddable":true,"href":"https:\/\/www.roma-sinti-holocaust-memorial-day.eu\/de\/wp-json\/wp\/v2\/tags?post=6677"}],"curies":[{"name":"wp","href":"https:\/\/api.w.org\/{rel}","templated":true}]}}