{"id":29,"count":19,"description":"Remembrance across Europe","link":"https:\/\/www.roma-sinti-holocaust-memorial-day.eu\/pl\/category\/remembrance\/commemoration-ceremonies-across-europe\/","name":"Uroczysto\u015b\u0107ci upami\u0119tniaj\u0105ce w ca\u0142ej Europie","slug":"commemoration-ceremonies-across-europe","taxonomy":"category","parent":28,"meta":[],"yoast_head":"<!-- This site is optimized with the Yoast SEO plugin v27.4 - https:\/\/yoast.com\/product\/yoast-seo-wordpress\/ -->\n<title>Commemoration ceremonies across Europe Archives - European Holocaust Memorial Day for Sinti und Roma<\/title>\n<meta name=\"robots\" content=\"index, follow, max-snippet:-1, max-image-preview:large, max-video-preview:-1\" \/>\n<link rel=\"canonical\" href=\"https:\/\/www.roma-sinti-holocaust-memorial-day.eu\/pl\/category\/remembrance\/commemoration-ceremonies-across-europe\/\" \/>\n<meta property=\"og:locale\" content=\"pl_PL\" \/>\n<meta property=\"og:type\" content=\"article\" \/>\n<meta property=\"og:title\" content=\"Commemoration ceremonies across Europe Archives - European Holocaust Memorial Day for Sinti und Roma\" \/>\n<meta property=\"og:description\" content=\"Remembrance across Europe\" \/>\n<meta property=\"og:url\" content=\"https:\/\/www.roma-sinti-holocaust-memorial-day.eu\/pl\/category\/remembrance\/commemoration-ceremonies-across-europe\/\" \/>\n<meta property=\"og:site_name\" content=\"European Holocaust Memorial Day for Sinti und Roma\" \/>\n<meta name=\"twitter:card\" content=\"summary_large_image\" \/>\n<script type=\"application\/ld+json\" class=\"yoast-schema-graph\">{\"@context\":\"https:\\\/\\\/schema.org\",\"@graph\":[{\"@type\":\"CollectionPage\",\"@id\":\"https:\\\/\\\/www.roma-sinti-holocaust-memorial-day.eu\\\/category\\\/remembrance\\\/commemoration-ceremonies-across-europe\\\/\",\"url\":\"https:\\\/\\\/www.roma-sinti-holocaust-memorial-day.eu\\\/category\\\/remembrance\\\/commemoration-ceremonies-across-europe\\\/\",\"name\":\"Commemoration ceremonies across Europe Archives - European Holocaust Memorial Day for Sinti und Roma\",\"isPartOf\":{\"@id\":\"https:\\\/\\\/www.roma-sinti-holocaust-memorial-day.eu\\\/#website\"},\"breadcrumb\":{\"@id\":\"https:\\\/\\\/www.roma-sinti-holocaust-memorial-day.eu\\\/category\\\/remembrance\\\/commemoration-ceremonies-across-europe\\\/#breadcrumb\"},\"inLanguage\":\"pl-PL\"},{\"@type\":\"BreadcrumbList\",\"@id\":\"https:\\\/\\\/www.roma-sinti-holocaust-memorial-day.eu\\\/category\\\/remembrance\\\/commemoration-ceremonies-across-europe\\\/#breadcrumb\",\"itemListElement\":[{\"@type\":\"ListItem\",\"position\":1,\"name\":\"Home\",\"item\":\"https:\\\/\\\/www.roma-sinti-holocaust-memorial-day.eu\\\/\"},{\"@type\":\"ListItem\",\"position\":2,\"name\":\"Remembrance\",\"item\":\"https:\\\/\\\/www.roma-sinti-holocaust-memorial-day.eu\\\/category\\\/remembrance\\\/\"},{\"@type\":\"ListItem\",\"position\":3,\"name\":\"Commemoration ceremonies across Europe\"}]},{\"@type\":\"WebSite\",\"@id\":\"https:\\\/\\\/www.roma-sinti-holocaust-memorial-day.eu\\\/#website\",\"url\":\"https:\\\/\\\/www.roma-sinti-holocaust-memorial-day.eu\\\/\",\"name\":\"European Holocaust Memorial Day for Sinti und Roma\",\"description\":\"\",\"publisher\":{\"@id\":\"https:\\\/\\\/www.roma-sinti-holocaust-memorial-day.eu\\\/#organization\"},\"potentialAction\":[{\"@type\":\"SearchAction\",\"target\":{\"@type\":\"EntryPoint\",\"urlTemplate\":\"https:\\\/\\\/www.roma-sinti-holocaust-memorial-day.eu\\\/?s={search_term_string}\"},\"query-input\":{\"@type\":\"PropertyValueSpecification\",\"valueRequired\":true,\"valueName\":\"search_term_string\"}}],\"inLanguage\":\"pl-PL\"},{\"@type\":\"Organization\",\"@id\":\"https:\\\/\\\/www.roma-sinti-holocaust-memorial-day.eu\\\/#organization\",\"name\":\"European Holocaust Memorial Day for Sinti und Roma\",\"url\":\"https:\\\/\\\/www.roma-sinti-holocaust-memorial-day.eu\\\/\",\"logo\":{\"@type\":\"ImageObject\",\"inLanguage\":\"pl-PL\",\"@id\":\"https:\\\/\\\/www.roma-sinti-holocaust-memorial-day.eu\\\/#\\\/schema\\\/logo\\\/image\\\/\",\"url\":\"https:\\\/\\\/www.roma-sinti-holocaust-memorial-day.eu\\\/wp-content\\\/uploads\\\/2020\\\/06\\\/en-logo-2020-europaeischer-holocaust-gedenktag-f\u00fcr-sinti-und-roma_gelb.svg\",\"contentUrl\":\"https:\\\/\\\/www.roma-sinti-holocaust-memorial-day.eu\\\/wp-content\\\/uploads\\\/2020\\\/06\\\/en-logo-2020-europaeischer-holocaust-gedenktag-f\u00fcr-sinti-und-roma_gelb.svg\",\"caption\":\"European Holocaust Memorial Day for Sinti und Roma\"},\"image\":{\"@id\":\"https:\\\/\\\/www.roma-sinti-holocaust-memorial-day.eu\\\/#\\\/schema\\\/logo\\\/image\\\/\"}}]}<\/script>\n<!-- \/ Yoast SEO plugin. -->","yoast_head_json":{"title":"Commemoration ceremonies across Europe Archives - European Holocaust Memorial Day for Sinti und Roma","robots":{"index":"index","follow":"follow","max-snippet":"max-snippet:-1","max-image-preview":"max-image-preview:large","max-video-preview":"max-video-preview:-1"},"canonical":"https:\/\/www.roma-sinti-holocaust-memorial-day.eu\/pl\/category\/remembrance\/commemoration-ceremonies-across-europe\/","og_locale":"pl_PL","og_type":"article","og_title":"Commemoration ceremonies across Europe Archives - European Holocaust Memorial Day for Sinti und Roma","og_description":"Remembrance across Europe","og_url":"https:\/\/www.roma-sinti-holocaust-memorial-day.eu\/pl\/category\/remembrance\/commemoration-ceremonies-across-europe\/","og_site_name":"European Holocaust Memorial Day for Sinti und Roma","twitter_card":"summary_large_image","schema":{"@context":"https:\/\/schema.org","@graph":[{"@type":"CollectionPage","@id":"https:\/\/www.roma-sinti-holocaust-memorial-day.eu\/category\/remembrance\/commemoration-ceremonies-across-europe\/","url":"https:\/\/www.roma-sinti-holocaust-memorial-day.eu\/category\/remembrance\/commemoration-ceremonies-across-europe\/","name":"Commemoration ceremonies across Europe Archives - European Holocaust Memorial Day for Sinti und Roma","isPartOf":{"@id":"https:\/\/www.roma-sinti-holocaust-memorial-day.eu\/#website"},"breadcrumb":{"@id":"https:\/\/www.roma-sinti-holocaust-memorial-day.eu\/category\/remembrance\/commemoration-ceremonies-across-europe\/#breadcrumb"},"inLanguage":"pl-PL"},{"@type":"BreadcrumbList","@id":"https:\/\/www.roma-sinti-holocaust-memorial-day.eu\/category\/remembrance\/commemoration-ceremonies-across-europe\/#breadcrumb","itemListElement":[{"@type":"ListItem","position":1,"name":"Home","item":"https:\/\/www.roma-sinti-holocaust-memorial-day.eu\/"},{"@type":"ListItem","position":2,"name":"Remembrance","item":"https:\/\/www.roma-sinti-holocaust-memorial-day.eu\/category\/remembrance\/"},{"@type":"ListItem","position":3,"name":"Commemoration ceremonies across Europe"}]},{"@type":"WebSite","@id":"https:\/\/www.roma-sinti-holocaust-memorial-day.eu\/#website","url":"https:\/\/www.roma-sinti-holocaust-memorial-day.eu\/","name":"European Holocaust Memorial Day for Sinti und Roma","description":"","publisher":{"@id":"https:\/\/www.roma-sinti-holocaust-memorial-day.eu\/#organization"},"potentialAction":[{"@type":"SearchAction","target":{"@type":"EntryPoint","urlTemplate":"https:\/\/www.roma-sinti-holocaust-memorial-day.eu\/?s={search_term_string}"},"query-input":{"@type":"PropertyValueSpecification","valueRequired":true,"valueName":"search_term_string"}}],"inLanguage":"pl-PL"},{"@type":"Organization","@id":"https:\/\/www.roma-sinti-holocaust-memorial-day.eu\/#organization","name":"European Holocaust Memorial Day for Sinti und Roma","url":"https:\/\/www.roma-sinti-holocaust-memorial-day.eu\/","logo":{"@type":"ImageObject","inLanguage":"pl-PL","@id":"https:\/\/www.roma-sinti-holocaust-memorial-day.eu\/#\/schema\/logo\/image\/","url":"https:\/\/www.roma-sinti-holocaust-memorial-day.eu\/wp-content\/uploads\/2020\/06\/en-logo-2020-europaeischer-holocaust-gedenktag-f\u00fcr-sinti-und-roma_gelb.svg","contentUrl":"https:\/\/www.roma-sinti-holocaust-memorial-day.eu\/wp-content\/uploads\/2020\/06\/en-logo-2020-europaeischer-holocaust-gedenktag-f\u00fcr-sinti-und-roma_gelb.svg","caption":"European Holocaust Memorial Day for Sinti und Roma"},"image":{"@id":"https:\/\/www.roma-sinti-holocaust-memorial-day.eu\/#\/schema\/logo\/image\/"}}]}},"_links":{"self":[{"href":"https:\/\/www.roma-sinti-holocaust-memorial-day.eu\/pl\/wp-json\/wp\/v2\/categories\/29","targetHints":{"allow":["GET"]}}],"collection":[{"href":"https:\/\/www.roma-sinti-holocaust-memorial-day.eu\/pl\/wp-json\/wp\/v2\/categories"}],"about":[{"href":"https:\/\/www.roma-sinti-holocaust-memorial-day.eu\/pl\/wp-json\/wp\/v2\/taxonomies\/category"}],"up":[{"embeddable":true,"href":"https:\/\/www.roma-sinti-holocaust-memorial-day.eu\/pl\/wp-json\/wp\/v2\/categories\/28"}],"wp:post_type":[{"href":"https:\/\/www.roma-sinti-holocaust-memorial-day.eu\/pl\/wp-json\/wp\/v2\/posts?categories=29"}],"curies":[{"name":"wp","href":"https:\/\/api.w.org\/{rel}","templated":true}]}}