{"id":6156,"date":"2021-08-02T12:00:00","date_gmt":"2021-08-02T10:00:00","guid":{"rendered":"https:\/\/www.roma-sinti-holocaust-memorial-day.eu\/?p=6156"},"modified":"2021-07-29T10:52:23","modified_gmt":"2021-07-29T08:52:23","slug":"traditional-commemorative-ceremony-dedicated-to-the-romani-victims-of-nazism-will-be-held-on-sunday-1-august-at-lety-u-pisku-czech-republic","status":"publish","type":"post","link":"https:\/\/www.roma-sinti-holocaust-memorial-day.eu\/pl\/recognition\/traditional-commemorative-ceremony-dedicated-to-the-romani-victims-of-nazism-will-be-held-on-sunday-1-august-at-lety-u-pisku-czech-republic\/","title":{"rendered":"Traditional commemorative ceremony dedicated to the Romani victims of Nazism will be held on Sunday, 1 August at Lety u P\u00edsku, Czech Republic"},"content":{"rendered":"\t\t<div data-elementor-type=\"wp-post\" data-elementor-id=\"6156\" class=\"elementor elementor-6156\" data-elementor-post-type=\"post\">\n\t\t\t\t\t\t<section class=\"elementor-section elementor-top-section elementor-element elementor-element-18abeaec elementor-section-stretched elementor-section-full_width elementor-section-height-default elementor-section-height-default\" data-id=\"18abeaec\" data-element_type=\"section\" data-e-type=\"section\" data-settings=\"{&quot;stretch_section&quot;:&quot;section-stretched&quot;,&quot;background_background&quot;:&quot;classic&quot;,&quot;background_motion_fx_motion_fx_scrolling&quot;:&quot;yes&quot;,&quot;background_motion_fx_translateY_effect&quot;:&quot;yes&quot;,&quot;background_motion_fx_translateY_speed&quot;:{&quot;unit&quot;:&quot;px&quot;,&quot;size&quot;:4,&quot;sizes&quot;:[]},&quot;background_motion_fx_translateY_affectedRange&quot;:{&quot;unit&quot;:&quot;%&quot;,&quot;size&quot;:&quot;&quot;,&quot;sizes&quot;:{&quot;start&quot;:0,&quot;end&quot;:100}},&quot;background_motion_fx_devices&quot;:[&quot;desktop&quot;,&quot;tablet&quot;,&quot;mobile&quot;]}\">\n\t\t\t\t\t\t\t<div class=\"elementor-background-overlay\"><\/div>\n\t\t\t\t\t\t\t<div class=\"elementor-container elementor-column-gap-no\">\n\t\t\t\t\t<div class=\"elementor-column elementor-col-100 elementor-top-column elementor-element elementor-element-704ee108\" data-id=\"704ee108\" data-element_type=\"column\" data-e-type=\"column\">\n\t\t\t<div class=\"elementor-widget-wrap\">\n\t\t\t\t\t\t\t<\/div>\n\t\t<\/div>\n\t\t\t\t\t<\/div>\n\t\t<\/section>\n\t\t\t\t<section class=\"elementor-section elementor-top-section elementor-element elementor-element-16272e7 elementor-section-full_width elementor-section-height-default elementor-section-height-default\" data-id=\"16272e7\" data-element_type=\"section\" data-e-type=\"section\">\n\t\t\t\t\t\t<div class=\"elementor-container elementor-column-gap-no\">\n\t\t\t\t\t<div class=\"elementor-column elementor-col-100 elementor-top-column elementor-element elementor-element-63178e4c\" data-id=\"63178e4c\" data-element_type=\"column\" data-e-type=\"column\">\n\t\t\t<div class=\"elementor-widget-wrap elementor-element-populated\">\n\t\t\t\t\t\t<div class=\"elementor-element elementor-element-3a9b80f elementor-widget elementor-widget-image\" data-id=\"3a9b80f\" data-element_type=\"widget\" data-e-type=\"widget\" data-widget_type=\"image.default\">\n\t\t\t\t<div class=\"elementor-widget-container\">\n\t\t\t\t\t\t\t\t\t\t\t\t<figure class=\"wp-caption\">\n\t\t\t\t\t\t\t\t\t\t<img fetchpriority=\"high\" decoding=\"async\" width=\"630\" height=\"350\" src=\"https:\/\/www.roma-sinti-holocaust-memorial-day.eu\/wp-content\/uploads\/2021\/08\/phpThumb_generated_thumbnail.jpg\" class=\"attachment-2048x2048 size-2048x2048 wp-image-6149\" alt=\"\" srcset=\"https:\/\/www.roma-sinti-holocaust-memorial-day.eu\/wp-content\/uploads\/2021\/08\/phpThumb_generated_thumbnail.jpg 630w, https:\/\/www.roma-sinti-holocaust-memorial-day.eu\/wp-content\/uploads\/2021\/08\/phpThumb_generated_thumbnail-300x167.jpg 300w, https:\/\/www.roma-sinti-holocaust-memorial-day.eu\/wp-content\/uploads\/2021\/08\/phpThumb_generated_thumbnail-18x10.jpg 18w\" sizes=\"(max-width: 630px) 100vw, 630px\" \/>\t\t\t\t\t\t\t\t\t\t\t<figcaption class=\"widget-image-caption wp-caption-text\">Commemorative ceremony at Lety u P\u00edsku, 2 August 2020. (PHOTO: Richard Samko, Romea.cz) <\/figcaption>\n\t\t\t\t\t\t\t\t\t\t<\/figure>\n\t\t\t\t\t\t\t\t\t<\/div>\n\t\t\t\t<\/div>\n\t\t\t\t<section class=\"elementor-section elementor-inner-section elementor-element elementor-element-10cd90d1 elementor-section-boxed elementor-section-height-default elementor-section-height-default\" data-id=\"10cd90d1\" data-element_type=\"section\" data-e-type=\"section\">\n\t\t\t\t\t\t<div class=\"elementor-container elementor-column-gap-default\">\n\t\t\t\t\t<div class=\"elementor-column elementor-col-100 elementor-inner-column elementor-element elementor-element-3e9f7b7b\" data-id=\"3e9f7b7b\" data-element_type=\"column\" data-e-type=\"column\">\n\t\t\t<div class=\"elementor-widget-wrap elementor-element-populated\">\n\t\t\t\t\t\t<div class=\"elementor-element elementor-element-327cc531 elementor-widget elementor-widget-theme-post-title elementor-page-title elementor-widget-heading\" data-id=\"327cc531\" data-element_type=\"widget\" data-e-type=\"widget\" data-widget_type=\"theme-post-title.default\">\n\t\t\t\t<div class=\"elementor-widget-container\">\n\t\t\t\t\t<h1 class=\"elementor-heading-title elementor-size-default\">Traditional commemorative ceremony dedicated to the Romani victims of Nazism will be held on Sunday, 1 August at Lety u P\u00edsku, Czech Republic<\/h1>\t\t\t\t<\/div>\n\t\t\t\t<\/div>\n\t\t\t\t<div class=\"elementor-element elementor-element-3a93edf2 elementor-widget elementor-widget-text-editor\" data-id=\"3a93edf2\" data-element_type=\"widget\" data-e-type=\"widget\" data-widget_type=\"text-editor.default\">\n\t\t\t\t<div class=\"elementor-widget-container\">\n\t\t\t\t\t\t\t\t\t<p>On Sunday, 1 August, the traditional commemorative ceremony honoring the Romani victims of Nazism will be held at the site of the unmarked burial ground for the victims of the WWII-era concentration camp at Lety u P\u00edsku, Czech Republic. &#8220;Esteemed friends, the members of the Committee for the Redress of the Roma Holocaust would like to invite you to our traditional commemorative ceremony dedicated to the Romani victims of Nazism. For a second year, thanks to the former administration of Czech Prime Minister Bohuslav Sobotka, we are able to organize this ceremony, with the support of the Czech Ministry of Culture, in a more dignified setting at the burial site for the members of our families who were prisoners of the concentration camp near near the village of Lety u P\u00edsku,&#8221; reads the invitation that has been sent to news server Romea.cz by the chair of the Committee for the Redress of the Roma Holocaust, \u010cen\u011bk R\u016f\u017ei\u010dka.<\/p><p>&#8220;As we visit this symbolic place of the suffering of the Roma and Sinti, let&#8217;s tell all the xenophobes, neo-Nazis and racists that hatred of any minority will not find support in our country,&#8221; the invitation reads. The program of the event will be as follows:<\/p><p><strong>PROGRAM<\/strong><\/p><p>12:00 &#8211; Czech national anthem, hymn of the Romani prisoners of the Nazi concentration camps<\/p><p>12:10 &#8211; Welcoming of participants<\/p><p>12:20 &#8211; Laying of floral offerings at the memorial<\/p><p>13:20 &#8211; Spiritual offering<\/p><p>13:50 &#8211; Cultural program<\/p><p>14:10 &#8211; Speeches<\/p><p>15:10 &#8211; Closing of the event &#8211; those attending will be able to visit the parish cemetery in nearby Mirovice where the children who died as camp prisoners were buried en masse.\u00a0<\/p><p>The Committee for the Redress of the Roma Holocaust is chartering a round-trip bus from\u00a0Prague to the site free of charge for those interested. &#8220;The charter bus will be parked in the usual place near the Florenc bus station beneath the overpass on\u00a0Na Florenci Street in front of the newly-opened grocery market. The bus will have a sign reading LETY in the window,&#8221;\u00a0R\u016f\u017ei\u010dka told Romea.cz.\u00a0\u00a0<\/p><p>The charter bus will depart Prague at 9:45 AM on 1 August and is expected to return to Prague by 17:00 at the latest. Those interested in reserving a place on the bus can do so by emailing\u00a0ruzicka.vporh@seznam.cz\u00a0or calling or texting +420 603 247 617 (Czech only).<\/p>\t\t\t\t\t\t\t\t<\/div>\n\t\t\t\t<\/div>\n\t\t\t\t\t<\/div>\n\t\t<\/div>\n\t\t\t\t\t<\/div>\n\t\t<\/section>\n\t\t\t\t\t<\/div>\n\t\t<\/div>\n\t\t\t\t\t<\/div>\n\t\t<\/section>\n\t\t\t\t<section class=\"elementor-section elementor-top-section elementor-element elementor-element-1bfa5f1 elementor-section-boxed elementor-section-height-default elementor-section-height-default\" data-id=\"1bfa5f1\" data-element_type=\"section\" data-e-type=\"section\">\n\t\t\t\t\t\t<div class=\"elementor-container elementor-column-gap-default\">\n\t\t\t\t\t<div class=\"elementor-column elementor-col-100 elementor-top-column elementor-element elementor-element-cc20db9\" data-id=\"cc20db9\" data-element_type=\"column\" data-e-type=\"column\">\n\t\t\t<div class=\"elementor-widget-wrap elementor-element-populated\">\n\t\t\t\t\t\t<div class=\"elementor-element elementor-element-fb7bc65 elementor-widget elementor-widget-heading\" data-id=\"fb7bc65\" data-element_type=\"widget\" data-e-type=\"widget\" data-widget_type=\"heading.default\">\n\t\t\t\t<div class=\"elementor-widget-container\">\n\t\t\t\t\t<h4 class=\"elementor-heading-title elementor-size-default\">Current struggles and advocacy for recognition<\/h4>\t\t\t\t<\/div>\n\t\t\t\t<\/div>\n\t\t\t\t<div class=\"elementor-element elementor-element-aa93c55 elementor-posts--align-left elementor-grid-5 elementor-grid-tablet-4 elementor-grid-mobile-2 elementor-posts--thumbnail-top elementor-card-shadow-yes elementor-posts__hover-gradient elementor-widget elementor-widget-posts\" data-id=\"aa93c55\" data-element_type=\"widget\" data-e-type=\"widget\" data-settings=\"{&quot;cards_row_gap&quot;:{&quot;unit&quot;:&quot;px&quot;,&quot;size&quot;:20,&quot;sizes&quot;:[]},&quot;cards_columns&quot;:&quot;5&quot;,&quot;cards_columns_tablet&quot;:&quot;4&quot;,&quot;cards_columns_mobile&quot;:&quot;2&quot;,&quot;cards_row_gap_tablet&quot;:{&quot;unit&quot;:&quot;px&quot;,&quot;size&quot;:&quot;&quot;,&quot;sizes&quot;:[]},&quot;cards_row_gap_mobile&quot;:{&quot;unit&quot;:&quot;px&quot;,&quot;size&quot;:&quot;&quot;,&quot;sizes&quot;:[]}}\" data-widget_type=\"posts.cards\">\n\t\t\t\t<div class=\"elementor-widget-container\">\n\t\t\t\t\t\t\t<div class=\"elementor-posts-container elementor-posts elementor-posts--skin-cards elementor-grid\" role=\"list\">\n\t\t\t\t<article class=\"elementor-post elementor-grid-item post-3317 post type-post status-publish format-standard has-post-thumbnail hentry category-commemoration-ceremonies-2020 category-commemoration-ceremonies-across-europe category-current-struggles-and-advocacy-for-recognition category-recognition category-remembrance\" role=\"listitem\">\n\t\t\t<div class=\"elementor-post__card\">\n\t\t\t\t<a class=\"elementor-post__thumbnail__link\" href=\"https:\/\/www.roma-sinti-holocaust-memorial-day.eu\/pl\/recognition\/remember-us-commemoration-of-the-romani-genocide\/\" tabindex=\"-1\" ><div class=\"elementor-post__thumbnail\"><img decoding=\"async\" width=\"1275\" height=\"1650\" src=\"https:\/\/www.roma-sinti-holocaust-memorial-day.eu\/wp-content\/uploads\/2020\/08\/RomaniGenocideFlyer.jpg\" class=\"attachment-full size-full wp-image-3319\" alt=\"\" srcset=\"https:\/\/www.roma-sinti-holocaust-memorial-day.eu\/wp-content\/uploads\/2020\/08\/RomaniGenocideFlyer.jpg 1275w, https:\/\/www.roma-sinti-holocaust-memorial-day.eu\/wp-content\/uploads\/2020\/08\/RomaniGenocideFlyer-232x300.jpg 232w, https:\/\/www.roma-sinti-holocaust-memorial-day.eu\/wp-content\/uploads\/2020\/08\/RomaniGenocideFlyer-791x1024.jpg 791w, https:\/\/www.roma-sinti-holocaust-memorial-day.eu\/wp-content\/uploads\/2020\/08\/RomaniGenocideFlyer-768x994.jpg 768w, https:\/\/www.roma-sinti-holocaust-memorial-day.eu\/wp-content\/uploads\/2020\/08\/RomaniGenocideFlyer-1187x1536.jpg 1187w\" sizes=\"(max-width: 1275px) 100vw, 1275px\" \/><\/div><\/a>\n\t\t\t\t<div class=\"elementor-post__text\">\n\t\t\t\t<h2 class=\"elementor-post__title\">\n\t\t\t<a href=\"https:\/\/www.roma-sinti-holocaust-memorial-day.eu\/pl\/recognition\/remember-us-commemoration-of-the-romani-genocide\/\" >\n\t\t\t\tRemember Us: Commemoration of the Romani Genocide\t\t\t<\/a>\n\t\t<\/h2>\n\t\t\t\t<div class=\"elementor-post__excerpt\">\n\t\t\t<p>2 August 2020, 2 August, 17:00 EST (UTC\u221204:00), Virtual Event<\/p>\n\t\t<\/div>\n\t\t\t\t<\/div>\n\t\t\t\t\t<\/div>\n\t\t<\/article>\n\t\t\t\t<article class=\"elementor-post elementor-grid-item post-6156 post type-post status-publish format-standard has-post-thumbnail hentry category-current-struggles-and-advocacy-for-recognition category-recognition\" role=\"listitem\">\n\t\t\t<div class=\"elementor-post__card\">\n\t\t\t\t<a class=\"elementor-post__thumbnail__link\" href=\"https:\/\/www.roma-sinti-holocaust-memorial-day.eu\/pl\/recognition\/traditional-commemorative-ceremony-dedicated-to-the-romani-victims-of-nazism-will-be-held-on-sunday-1-august-at-lety-u-pisku-czech-republic\/\" tabindex=\"-1\" ><div class=\"elementor-post__thumbnail\"><img decoding=\"async\" width=\"630\" height=\"350\" src=\"https:\/\/www.roma-sinti-holocaust-memorial-day.eu\/wp-content\/uploads\/2021\/08\/phpThumb_generated_thumbnail.jpg\" class=\"attachment-full size-full wp-image-6149\" alt=\"\" srcset=\"https:\/\/www.roma-sinti-holocaust-memorial-day.eu\/wp-content\/uploads\/2021\/08\/phpThumb_generated_thumbnail.jpg 630w, https:\/\/www.roma-sinti-holocaust-memorial-day.eu\/wp-content\/uploads\/2021\/08\/phpThumb_generated_thumbnail-300x167.jpg 300w, https:\/\/www.roma-sinti-holocaust-memorial-day.eu\/wp-content\/uploads\/2021\/08\/phpThumb_generated_thumbnail-18x10.jpg 18w\" sizes=\"(max-width: 630px) 100vw, 630px\" \/><\/div><\/a>\n\t\t\t\t<div class=\"elementor-post__text\">\n\t\t\t\t<h2 class=\"elementor-post__title\">\n\t\t\t<a href=\"https:\/\/www.roma-sinti-holocaust-memorial-day.eu\/pl\/recognition\/traditional-commemorative-ceremony-dedicated-to-the-romani-victims-of-nazism-will-be-held-on-sunday-1-august-at-lety-u-pisku-czech-republic\/\" >\n\t\t\t\tTraditional commemorative ceremony dedicated to the Romani victims of Nazism will be held on Sunday, 1 August at Lety u P\u00edsku, Czech Republic\t\t\t<\/a>\n\t\t<\/h2>\n\t\t\t\t<div class=\"elementor-post__excerpt\">\n\t\t\t<p>Commemorative ceremony at Lety u P\u00edsku, 2 August 2020. (PHOTO:<\/p>\n\t\t<\/div>\n\t\t\t\t<\/div>\n\t\t\t\t\t<\/div>\n\t\t<\/article>\n\t\t\t\t<article class=\"elementor-post elementor-grid-item post-411 post type-post status-publish format-standard has-post-thumbnail hentry category-current-struggles-and-advocacy-for-recognition category-recognition\" role=\"listitem\">\n\t\t\t<div class=\"elementor-post__card\">\n\t\t\t\t<a class=\"elementor-post__thumbnail__link\" href=\"https:\/\/www.roma-sinti-holocaust-memorial-day.eu\/pl\/recognition\/lety\/\" tabindex=\"-1\" ><div class=\"elementor-post__thumbnail\"><img loading=\"lazy\" decoding=\"async\" width=\"1500\" height=\"1000\" src=\"https:\/\/www.roma-sinti-holocaust-memorial-day.eu\/wp-content\/uploads\/2020\/07\/Lety_photo02_Pursche.jpg\" class=\"attachment-full size-full wp-image-413\" alt=\"\" srcset=\"https:\/\/www.roma-sinti-holocaust-memorial-day.eu\/wp-content\/uploads\/2020\/07\/Lety_photo02_Pursche.jpg 1500w, https:\/\/www.roma-sinti-holocaust-memorial-day.eu\/wp-content\/uploads\/2020\/07\/Lety_photo02_Pursche-300x200.jpg 300w, https:\/\/www.roma-sinti-holocaust-memorial-day.eu\/wp-content\/uploads\/2020\/07\/Lety_photo02_Pursche-1024x683.jpg 1024w, https:\/\/www.roma-sinti-holocaust-memorial-day.eu\/wp-content\/uploads\/2020\/07\/Lety_photo02_Pursche-768x512.jpg 768w\" sizes=\"(max-width: 1500px) 100vw, 1500px\" \/><\/div><\/a>\n\t\t\t\t<div class=\"elementor-post__text\">\n\t\t\t\t<h2 class=\"elementor-post__title\">\n\t\t\t<a href=\"https:\/\/www.roma-sinti-holocaust-memorial-day.eu\/pl\/recognition\/lety\/\" >\n\t\t\t\tThe struggle for the removal of the pig farm at the former \u201cGypsy camp\u201d near Lety u P\u00edsku\t\t\t<\/a>\n\t\t<\/h2>\n\t\t\t\t<div class=\"elementor-post__excerpt\">\n\t\t\t<p>Exhibition \u201cThe long path to recognition of the Roma and Sinti Holocaust&#8221;<\/p>\n\t\t<\/div>\n\t\t\t\t<\/div>\n\t\t\t\t\t<\/div>\n\t\t<\/article>\n\t\t\t\t<article class=\"elementor-post elementor-grid-item post-3252 post type-post status-publish format-standard has-post-thumbnail hentry category-current-struggles-and-advocacy-for-recognition category-recognition\" role=\"listitem\">\n\t\t\t<div class=\"elementor-post__card\">\n\t\t\t\t<a class=\"elementor-post__thumbnail__link\" href=\"https:\/\/www.roma-sinti-holocaust-memorial-day.eu\/pl\/recognition\/romaremember\/\" tabindex=\"-1\" ><div class=\"elementor-post__thumbnail\"><img loading=\"lazy\" decoding=\"async\" width=\"651\" height=\"669\" src=\"https:\/\/www.roma-sinti-holocaust-memorial-day.eu\/wp-content\/uploads\/2020\/08\/Kachel-8.jpg\" class=\"attachment-full size-full wp-image-3253\" alt=\"\" srcset=\"https:\/\/www.roma-sinti-holocaust-memorial-day.eu\/wp-content\/uploads\/2020\/08\/Kachel-8.jpg 651w, https:\/\/www.roma-sinti-holocaust-memorial-day.eu\/wp-content\/uploads\/2020\/08\/Kachel-8-292x300.jpg 292w\" sizes=\"(max-width: 651px) 100vw, 651px\" \/><\/div><\/a>\n\t\t\t\t<div class=\"elementor-post__text\">\n\t\t\t\t<h2 class=\"elementor-post__title\">\n\t\t\t<a href=\"https:\/\/www.roma-sinti-holocaust-memorial-day.eu\/pl\/recognition\/romaremember\/\" >\n\t\t\t\t#RomaRemember\t\t\t<\/a>\n\t\t<\/h2>\n\t\t\t\t<div class=\"elementor-post__excerpt\">\n\t\t\t<p>Joint statement on the occasion of 2 August 2020 &#8211; International Holocaust Memorial Day for Sinti and Roma<\/p>\n\t\t<\/div>\n\t\t\t\t<\/div>\n\t\t\t\t\t<\/div>\n\t\t<\/article>\n\t\t\t\t<article class=\"elementor-post elementor-grid-item post-850 post type-post status-publish format-standard has-post-thumbnail hentry category-current-struggles-and-advocacy-for-recognition category-recognition\" role=\"listitem\">\n\t\t\t<div class=\"elementor-post__card\">\n\t\t\t\t<a class=\"elementor-post__thumbnail__link\" href=\"https:\/\/www.roma-sinti-holocaust-memorial-day.eu\/pl\/recognition\/the-holocaust-in-romania-and-deportations-of-roma-to-transnistria\/\" tabindex=\"-1\" ><div class=\"elementor-post__thumbnail\"><img loading=\"lazy\" decoding=\"async\" width=\"2560\" height=\"1702\" src=\"https:\/\/www.roma-sinti-holocaust-memorial-day.eu\/wp-content\/uploads\/2020\/07\/Poze_2-August-Holocaustul-Romilor_2016-30-scaled.jpg\" class=\"attachment-full size-full wp-image-851\" alt=\"Remembrance event in Bucharest on 2 August 2016; Daniel Vasile (former Member of Parliament), Constantin Braila (Roma survivor), Rozalia-Dana Varga (Roma State Counselor)\" srcset=\"https:\/\/www.roma-sinti-holocaust-memorial-day.eu\/wp-content\/uploads\/2020\/07\/Poze_2-August-Holocaustul-Romilor_2016-30-scaled.jpg 2560w, https:\/\/www.roma-sinti-holocaust-memorial-day.eu\/wp-content\/uploads\/2020\/07\/Poze_2-August-Holocaustul-Romilor_2016-30-300x199.jpg 300w, https:\/\/www.roma-sinti-holocaust-memorial-day.eu\/wp-content\/uploads\/2020\/07\/Poze_2-August-Holocaustul-Romilor_2016-30-1024x681.jpg 1024w, https:\/\/www.roma-sinti-holocaust-memorial-day.eu\/wp-content\/uploads\/2020\/07\/Poze_2-August-Holocaustul-Romilor_2016-30-768x511.jpg 768w, https:\/\/www.roma-sinti-holocaust-memorial-day.eu\/wp-content\/uploads\/2020\/07\/Poze_2-August-Holocaustul-Romilor_2016-30-1536x1021.jpg 1536w, https:\/\/www.roma-sinti-holocaust-memorial-day.eu\/wp-content\/uploads\/2020\/07\/Poze_2-August-Holocaustul-Romilor_2016-30-2048x1362.jpg 2048w\" sizes=\"(max-width: 2560px) 100vw, 2560px\" \/><\/div><\/a>\n\t\t\t\t<div class=\"elementor-post__text\">\n\t\t\t\t<h2 class=\"elementor-post__title\">\n\t\t\t<a href=\"https:\/\/www.roma-sinti-holocaust-memorial-day.eu\/pl\/recognition\/the-holocaust-in-romania-and-deportations-of-roma-to-transnistria\/\" >\n\t\t\t\tThe Holocaust in Romania and deportations of Roma to Transnistria\t\t\t<\/a>\n\t\t<\/h2>\n\t\t\t\t<div class=\"elementor-post__excerpt\">\n\t\t\t<p>Exhibition \u201cThe long path to recognition of the Roma and Sinti Holocaust&#8221;<\/p>\n\t\t<\/div>\n\t\t\t\t<\/div>\n\t\t\t\t\t<\/div>\n\t\t<\/article>\n\t\t\t\t<article class=\"elementor-post elementor-grid-item post-821 post type-post status-publish format-standard has-post-thumbnail hentry category-current-struggles-and-advocacy-for-recognition category-recognition\" role=\"listitem\">\n\t\t\t<div class=\"elementor-post__card\">\n\t\t\t\t<a class=\"elementor-post__thumbnail__link\" href=\"https:\/\/www.roma-sinti-holocaust-memorial-day.eu\/pl\/recognition\/the-jasenovac-concentration-camp-and-the-struggle-for-recognition-in-croatia\/\" tabindex=\"-1\" ><div class=\"elementor-post__thumbnail\"><img loading=\"lazy\" decoding=\"async\" width=\"2560\" height=\"1797\" src=\"https:\/\/www.roma-sinti-holocaust-memorial-day.eu\/wp-content\/uploads\/2020\/07\/Photo-1-scaled.jpg\" class=\"attachment-full size-full wp-image-824\" alt=\"Nadir and Fatima Dedic, Roma survivors of the Jasenovac concentration camp, July 2010\" srcset=\"https:\/\/www.roma-sinti-holocaust-memorial-day.eu\/wp-content\/uploads\/2020\/07\/Photo-1-scaled.jpg 2560w, https:\/\/www.roma-sinti-holocaust-memorial-day.eu\/wp-content\/uploads\/2020\/07\/Photo-1-300x211.jpg 300w, https:\/\/www.roma-sinti-holocaust-memorial-day.eu\/wp-content\/uploads\/2020\/07\/Photo-1-1024x719.jpg 1024w, https:\/\/www.roma-sinti-holocaust-memorial-day.eu\/wp-content\/uploads\/2020\/07\/Photo-1-768x539.jpg 768w, https:\/\/www.roma-sinti-holocaust-memorial-day.eu\/wp-content\/uploads\/2020\/07\/Photo-1-1536x1078.jpg 1536w, https:\/\/www.roma-sinti-holocaust-memorial-day.eu\/wp-content\/uploads\/2020\/07\/Photo-1-2048x1438.jpg 2048w\" sizes=\"(max-width: 2560px) 100vw, 2560px\" \/><\/div><\/a>\n\t\t\t\t<div class=\"elementor-post__text\">\n\t\t\t\t<h2 class=\"elementor-post__title\">\n\t\t\t<a href=\"https:\/\/www.roma-sinti-holocaust-memorial-day.eu\/pl\/recognition\/the-jasenovac-concentration-camp-and-the-struggle-for-recognition-in-croatia\/\" >\n\t\t\t\tThe Jasenovac concentration camp and the struggle for recognition in Croatia\t\t\t<\/a>\n\t\t<\/h2>\n\t\t\t\t<div class=\"elementor-post__excerpt\">\n\t\t\t<p>Exhibition \u201cThe long path to recognition of the Roma and Sinti Holocaust&#8221;<\/p>\n\t\t<\/div>\n\t\t\t\t<\/div>\n\t\t\t\t\t<\/div>\n\t\t<\/article>\n\t\t\t\t<article class=\"elementor-post elementor-grid-item post-3371 post type-post status-publish format-standard has-post-thumbnail hentry category-current-struggles-and-advocacy-for-recognition category-recognition\" role=\"listitem\">\n\t\t\t<div class=\"elementor-post__card\">\n\t\t\t\t<a class=\"elementor-post__thumbnail__link\" href=\"https:\/\/www.roma-sinti-holocaust-memorial-day.eu\/pl\/recognition\/struggle-for-a-dignified-memorial-site\/\" tabindex=\"-1\" ><div class=\"elementor-post__thumbnail\"><img loading=\"lazy\" decoding=\"async\" width=\"1920\" height=\"2560\" src=\"https:\/\/www.roma-sinti-holocaust-memorial-day.eu\/wp-content\/uploads\/2020\/08\/IMG_20200118_110934118_HDR-scaled.jpg\" class=\"attachment-full size-full wp-image-3373\" alt=\"\" srcset=\"https:\/\/www.roma-sinti-holocaust-memorial-day.eu\/wp-content\/uploads\/2020\/08\/IMG_20200118_110934118_HDR-scaled.jpg 1920w, https:\/\/www.roma-sinti-holocaust-memorial-day.eu\/wp-content\/uploads\/2020\/08\/IMG_20200118_110934118_HDR-225x300.jpg 225w, https:\/\/www.roma-sinti-holocaust-memorial-day.eu\/wp-content\/uploads\/2020\/08\/IMG_20200118_110934118_HDR-768x1024.jpg 768w, https:\/\/www.roma-sinti-holocaust-memorial-day.eu\/wp-content\/uploads\/2020\/08\/IMG_20200118_110934118_HDR-1152x1536.jpg 1152w, https:\/\/www.roma-sinti-holocaust-memorial-day.eu\/wp-content\/uploads\/2020\/08\/IMG_20200118_110934118_HDR-1536x2048.jpg 1536w\" sizes=\"(max-width: 1920px) 100vw, 1920px\" \/><\/div><\/a>\n\t\t\t\t<div class=\"elementor-post__text\">\n\t\t\t\t<h2 class=\"elementor-post__title\">\n\t\t\t<a href=\"https:\/\/www.roma-sinti-holocaust-memorial-day.eu\/pl\/recognition\/struggle-for-a-dignified-memorial-site\/\" >\n\t\t\t\tStruggle for a dignified memorial site\t\t\t<\/a>\n\t\t<\/h2>\n\t\t\t\t<div class=\"elementor-post__excerpt\">\n\t\t\t<p>Camp Topovske \u0161upe in Serbia<\/p>\n\t\t<\/div>\n\t\t\t\t<\/div>\n\t\t\t\t\t<\/div>\n\t\t<\/article>\n\t\t\t\t<article class=\"elementor-post elementor-grid-item post-4704 post type-post status-publish format-standard has-post-thumbnail hentry category-current-struggles-and-advocacy-for-recognition category-recognition\" role=\"listitem\">\n\t\t\t<div class=\"elementor-post__card\">\n\t\t\t\t<a class=\"elementor-post__thumbnail__link\" href=\"https:\/\/www.roma-sinti-holocaust-memorial-day.eu\/pl\/recognition\/from-remembrance-to-reconciliation\/\" tabindex=\"-1\" ><div class=\"elementor-post__thumbnail\"><img loading=\"lazy\" decoding=\"async\" width=\"1731\" height=\"1154\" src=\"https:\/\/www.roma-sinti-holocaust-memorial-day.eu\/wp-content\/uploads\/2020\/11\/20190321_EP-086596A_DBA_119_RESIZED_L.jpg\" class=\"attachment-full size-full wp-image-4699\" alt=\"\" srcset=\"https:\/\/www.roma-sinti-holocaust-memorial-day.eu\/wp-content\/uploads\/2020\/11\/20190321_EP-086596A_DBA_119_RESIZED_L.jpg 1731w, https:\/\/www.roma-sinti-holocaust-memorial-day.eu\/wp-content\/uploads\/2020\/11\/20190321_EP-086596A_DBA_119_RESIZED_L-300x200.jpg 300w, https:\/\/www.roma-sinti-holocaust-memorial-day.eu\/wp-content\/uploads\/2020\/11\/20190321_EP-086596A_DBA_119_RESIZED_L-1024x683.jpg 1024w, https:\/\/www.roma-sinti-holocaust-memorial-day.eu\/wp-content\/uploads\/2020\/11\/20190321_EP-086596A_DBA_119_RESIZED_L-768x512.jpg 768w, https:\/\/www.roma-sinti-holocaust-memorial-day.eu\/wp-content\/uploads\/2020\/11\/20190321_EP-086596A_DBA_119_RESIZED_L-1536x1024.jpg 1536w, https:\/\/www.roma-sinti-holocaust-memorial-day.eu\/wp-content\/uploads\/2020\/11\/20190321_EP-086596A_DBA_119_RESIZED_L-16x12.jpg 16w\" sizes=\"(max-width: 1731px) 100vw, 1731px\" \/><\/div><\/a>\n\t\t\t\t<div class=\"elementor-post__text\">\n\t\t\t\t<h2 class=\"elementor-post__title\">\n\t\t\t<a href=\"https:\/\/www.roma-sinti-holocaust-memorial-day.eu\/pl\/recognition\/from-remembrance-to-reconciliation\/\" >\n\t\t\t\tFrom Remembrance to Reconciliation\t\t\t<\/a>\n\t\t<\/h2>\n\t\t\t\t<div class=\"elementor-post__excerpt\">\n\t\t\t<p>International Conference in Brussels, March 2019<\/p>\n\t\t<\/div>\n\t\t\t\t<\/div>\n\t\t\t\t\t<\/div>\n\t\t<\/article>\n\t\t\t\t<\/div>\n\t\t\n\t\t\t\t\t\t<\/div>\n\t\t\t\t<\/div>\n\t\t\t\t<div class=\"elementor-element elementor-element-c8974d8 elementor-widget elementor-widget-spacer\" data-id=\"c8974d8\" data-element_type=\"widget\" data-e-type=\"widget\" data-widget_type=\"spacer.default\">\n\t\t\t\t<div class=\"elementor-widget-container\">\n\t\t\t\t\t\t\t<div class=\"elementor-spacer\">\n\t\t\t<div class=\"elementor-spacer-inner\"><\/div>\n\t\t<\/div>\n\t\t\t\t\t\t<\/div>\n\t\t\t\t<\/div>\n\t\t\t\t\t<\/div>\n\t\t<\/div>\n\t\t\t\t\t<\/div>\n\t\t<\/section>\n\t\t\t\t<\/div>\n\t\t","protected":false},"excerpt":{"rendered":"<p>Commemorative ceremony at Lety u P\u00edsku, 2 August 2020. (PHOTO: Richard Samko, Romea.cz) On Sunday, 1 August, the traditional commemorative ceremony honoring the Romani victims of Nazism will be held at the site of the unmarked burial ground for the victims of the WWII-era concentration camp at Lety u P\u00edsku, Czech Republic. &#8220;Esteemed friends, the [&hellip;]<\/p>\n","protected":false},"author":9,"featured_media":6149,"comment_status":"closed","ping_status":"closed","sticky":false,"template":"","format":"standard","meta":{"_monsterinsights_skip_tracking":false,"_monsterinsights_sitenote_active":false,"_monsterinsights_sitenote_note":"","_monsterinsights_sitenote_category":0,"site-sidebar-layout":"default","site-content-layout":"default","ast-site-content-layout":"default","site-content-style":"default","site-sidebar-style":"default","ast-global-header-display":"","ast-banner-title-visibility":"","ast-main-header-display":"","ast-hfb-above-header-display":"","ast-hfb-below-header-display":"","ast-hfb-mobile-header-display":"","site-post-title":"","ast-breadcrumbs-content":"","ast-featured-img":"","footer-sml-layout":"","ast-disable-related-posts":"","theme-transparent-header-meta":"default","adv-header-id-meta":"","stick-header-meta":"","header-above-stick-meta":"","header-main-stick-meta":"","header-below-stick-meta":"","astra-migrate-meta-layouts":"default","ast-page-background-enabled":"default","ast-page-background-meta":{"desktop":{"background-color":"","background-image":"","background-repeat":"repeat","background-position":"center center","background-size":"auto","background-attachment":"scroll","background-type":"","background-media":"","overlay-type":"","overlay-color":"","overlay-opacity":"","overlay-gradient":""},"tablet":{"background-color":"","background-image":"","background-repeat":"repeat","background-position":"center center","background-size":"auto","background-attachment":"scroll","background-type":"","background-media":"","overlay-type":"","overlay-color":"","overlay-opacity":"","overlay-gradient":""},"mobile":{"background-color":"","background-image":"","background-repeat":"repeat","background-position":"center center","background-size":"auto","background-attachment":"scroll","background-type":"","background-media":"","overlay-type":"","overlay-color":"","overlay-opacity":"","overlay-gradient":""}},"ast-content-background-meta":{"desktop":{"background-color":"var(--ast-global-color-5)","background-image":"","background-repeat":"repeat","background-position":"center center","background-size":"auto","background-attachment":"scroll","background-type":"","background-media":"","overlay-type":"","overlay-color":"","overlay-opacity":"","overlay-gradient":""},"tablet":{"background-color":"var(--ast-global-color-5)","background-image":"","background-repeat":"repeat","background-position":"center center","background-size":"auto","background-attachment":"scroll","background-type":"","background-media":"","overlay-type":"","overlay-color":"","overlay-opacity":"","overlay-gradient":""},"mobile":{"background-color":"var(--ast-global-color-5)","background-image":"","background-repeat":"repeat","background-position":"center center","background-size":"auto","background-attachment":"scroll","background-type":"","background-media":"","overlay-type":"","overlay-color":"","overlay-opacity":"","overlay-gradient":""}},"footnotes":""},"categories":[40,37],"tags":[],"class_list":["post-6156","post","type-post","status-publish","format-standard","has-post-thumbnail","hentry","category-current-struggles-and-advocacy-for-recognition","category-recognition"],"yoast_head":"<!-- This site is optimized with the Yoast SEO plugin v27.4 - https:\/\/yoast.com\/product\/yoast-seo-wordpress\/ -->\n<title>Traditional commemorative ceremony dedicated to the Romani victims of Nazism will be held on Sunday, 1 August at Lety u P\u00edsku, Czech Republic - European Holocaust Memorial Day for Sinti und Roma<\/title>\n<meta name=\"robots\" content=\"index, follow, max-snippet:-1, max-image-preview:large, max-video-preview:-1\" \/>\n<link rel=\"canonical\" href=\"https:\/\/www.roma-sinti-holocaust-memorial-day.eu\/pl\/recognition\/traditional-commemorative-ceremony-dedicated-to-the-romani-victims-of-nazism-will-be-held-on-sunday-1-august-at-lety-u-pisku-czech-republic\/\" \/>\n<meta property=\"og:locale\" content=\"pl_PL\" \/>\n<meta property=\"og:type\" content=\"article\" \/>\n<meta property=\"og:title\" content=\"Traditional commemorative ceremony dedicated to the Romani victims of Nazism will be held on Sunday, 1 August at Lety u P\u00edsku, Czech Republic - European Holocaust Memorial Day for Sinti und Roma\" \/>\n<meta property=\"og:description\" content=\"Commemorative ceremony at Lety u P\u00edsku, 2 August 2020. (PHOTO: Richard Samko, Romea.cz) On Sunday, 1 August, the traditional commemorative ceremony honoring the Romani victims of Nazism will be held at the site of the unmarked burial ground for the victims of the WWII-era concentration camp at Lety u P\u00edsku, Czech Republic. &#8220;Esteemed friends, the [&hellip;]\" \/>\n<meta property=\"og:url\" content=\"https:\/\/www.roma-sinti-holocaust-memorial-day.eu\/pl\/recognition\/traditional-commemorative-ceremony-dedicated-to-the-romani-victims-of-nazism-will-be-held-on-sunday-1-august-at-lety-u-pisku-czech-republic\/\" \/>\n<meta property=\"og:site_name\" content=\"European Holocaust Memorial Day for Sinti und Roma\" \/>\n<meta property=\"article:published_time\" content=\"2021-08-02T10:00:00+00:00\" \/>\n<meta property=\"og:image\" content=\"https:\/\/www.roma-sinti-holocaust-memorial-day.eu\/wp-content\/uploads\/2021\/08\/phpThumb_generated_thumbnail.jpg\" \/>\n\t<meta property=\"og:image:width\" content=\"630\" \/>\n\t<meta property=\"og:image:height\" content=\"350\" \/>\n\t<meta property=\"og:image:type\" content=\"image\/jpeg\" \/>\n<meta name=\"author\" content=\"Johannes Kaiser\" \/>\n<meta name=\"twitter:card\" content=\"summary_large_image\" \/>\n<meta name=\"twitter:label1\" content=\"Napisane przez\" \/>\n\t<meta name=\"twitter:data1\" content=\"Johannes Kaiser\" \/>\n\t<meta name=\"twitter:label2\" content=\"Szacowany czas czytania\" \/>\n\t<meta name=\"twitter:data2\" content=\"2 minuty\" \/>\n<script type=\"application\/ld+json\" class=\"yoast-schema-graph\">{\"@context\":\"https:\\\/\\\/schema.org\",\"@graph\":[{\"@type\":\"Article\",\"@id\":\"https:\\\/\\\/www.roma-sinti-holocaust-memorial-day.eu\\\/recognition\\\/traditional-commemorative-ceremony-dedicated-to-the-romani-victims-of-nazism-will-be-held-on-sunday-1-august-at-lety-u-pisku-czech-republic\\\/#article\",\"isPartOf\":{\"@id\":\"https:\\\/\\\/www.roma-sinti-holocaust-memorial-day.eu\\\/recognition\\\/traditional-commemorative-ceremony-dedicated-to-the-romani-victims-of-nazism-will-be-held-on-sunday-1-august-at-lety-u-pisku-czech-republic\\\/\"},\"author\":{\"name\":\"Johannes Kaiser\",\"@id\":\"https:\\\/\\\/www.roma-sinti-holocaust-memorial-day.eu\\\/#\\\/schema\\\/person\\\/601a661ba1e1354921643a3002c039dd\"},\"headline\":\"Traditional commemorative ceremony dedicated to the Romani victims of Nazism will be held on Sunday, 1 August at Lety u P\u00edsku, Czech Republic\",\"datePublished\":\"2021-08-02T10:00:00+00:00\",\"mainEntityOfPage\":{\"@id\":\"https:\\\/\\\/www.roma-sinti-holocaust-memorial-day.eu\\\/recognition\\\/traditional-commemorative-ceremony-dedicated-to-the-romani-victims-of-nazism-will-be-held-on-sunday-1-august-at-lety-u-pisku-czech-republic\\\/\"},\"wordCount\":441,\"publisher\":{\"@id\":\"https:\\\/\\\/www.roma-sinti-holocaust-memorial-day.eu\\\/#organization\"},\"image\":{\"@id\":\"https:\\\/\\\/www.roma-sinti-holocaust-memorial-day.eu\\\/recognition\\\/traditional-commemorative-ceremony-dedicated-to-the-romani-victims-of-nazism-will-be-held-on-sunday-1-august-at-lety-u-pisku-czech-republic\\\/#primaryimage\"},\"thumbnailUrl\":\"https:\\\/\\\/www.roma-sinti-holocaust-memorial-day.eu\\\/wp-content\\\/uploads\\\/2021\\\/08\\\/phpThumb_generated_thumbnail.jpg\",\"articleSection\":[\"Current struggles and advocacy for recognition\",\"Recognition\"],\"inLanguage\":\"pl-PL\"},{\"@type\":\"WebPage\",\"@id\":\"https:\\\/\\\/www.roma-sinti-holocaust-memorial-day.eu\\\/recognition\\\/traditional-commemorative-ceremony-dedicated-to-the-romani-victims-of-nazism-will-be-held-on-sunday-1-august-at-lety-u-pisku-czech-republic\\\/\",\"url\":\"https:\\\/\\\/www.roma-sinti-holocaust-memorial-day.eu\\\/recognition\\\/traditional-commemorative-ceremony-dedicated-to-the-romani-victims-of-nazism-will-be-held-on-sunday-1-august-at-lety-u-pisku-czech-republic\\\/\",\"name\":\"Traditional commemorative ceremony dedicated to the Romani victims of Nazism will be held on Sunday, 1 August at Lety u P\u00edsku, Czech Republic - European Holocaust Memorial Day for Sinti und Roma\",\"isPartOf\":{\"@id\":\"https:\\\/\\\/www.roma-sinti-holocaust-memorial-day.eu\\\/#website\"},\"primaryImageOfPage\":{\"@id\":\"https:\\\/\\\/www.roma-sinti-holocaust-memorial-day.eu\\\/recognition\\\/traditional-commemorative-ceremony-dedicated-to-the-romani-victims-of-nazism-will-be-held-on-sunday-1-august-at-lety-u-pisku-czech-republic\\\/#primaryimage\"},\"image\":{\"@id\":\"https:\\\/\\\/www.roma-sinti-holocaust-memorial-day.eu\\\/recognition\\\/traditional-commemorative-ceremony-dedicated-to-the-romani-victims-of-nazism-will-be-held-on-sunday-1-august-at-lety-u-pisku-czech-republic\\\/#primaryimage\"},\"thumbnailUrl\":\"https:\\\/\\\/www.roma-sinti-holocaust-memorial-day.eu\\\/wp-content\\\/uploads\\\/2021\\\/08\\\/phpThumb_generated_thumbnail.jpg\",\"datePublished\":\"2021-08-02T10:00:00+00:00\",\"breadcrumb\":{\"@id\":\"https:\\\/\\\/www.roma-sinti-holocaust-memorial-day.eu\\\/recognition\\\/traditional-commemorative-ceremony-dedicated-to-the-romani-victims-of-nazism-will-be-held-on-sunday-1-august-at-lety-u-pisku-czech-republic\\\/#breadcrumb\"},\"inLanguage\":\"pl-PL\",\"potentialAction\":[{\"@type\":\"ReadAction\",\"target\":[\"https:\\\/\\\/www.roma-sinti-holocaust-memorial-day.eu\\\/recognition\\\/traditional-commemorative-ceremony-dedicated-to-the-romani-victims-of-nazism-will-be-held-on-sunday-1-august-at-lety-u-pisku-czech-republic\\\/\"]}]},{\"@type\":\"ImageObject\",\"inLanguage\":\"pl-PL\",\"@id\":\"https:\\\/\\\/www.roma-sinti-holocaust-memorial-day.eu\\\/recognition\\\/traditional-commemorative-ceremony-dedicated-to-the-romani-victims-of-nazism-will-be-held-on-sunday-1-august-at-lety-u-pisku-czech-republic\\\/#primaryimage\",\"url\":\"https:\\\/\\\/www.roma-sinti-holocaust-memorial-day.eu\\\/wp-content\\\/uploads\\\/2021\\\/08\\\/phpThumb_generated_thumbnail.jpg\",\"contentUrl\":\"https:\\\/\\\/www.roma-sinti-holocaust-memorial-day.eu\\\/wp-content\\\/uploads\\\/2021\\\/08\\\/phpThumb_generated_thumbnail.jpg\",\"width\":630,\"height\":350,\"caption\":\"Commemorative ceremony at Lety u P\u00edsku, 2 August 2020. photo by Richard Samko, Romea.cz\"},{\"@type\":\"BreadcrumbList\",\"@id\":\"https:\\\/\\\/www.roma-sinti-holocaust-memorial-day.eu\\\/recognition\\\/traditional-commemorative-ceremony-dedicated-to-the-romani-victims-of-nazism-will-be-held-on-sunday-1-august-at-lety-u-pisku-czech-republic\\\/#breadcrumb\",\"itemListElement\":[{\"@type\":\"ListItem\",\"position\":1,\"name\":\"Home\",\"item\":\"https:\\\/\\\/www.roma-sinti-holocaust-memorial-day.eu\\\/\"},{\"@type\":\"ListItem\",\"position\":2,\"name\":\"Traditional commemorative ceremony dedicated to the Romani victims of Nazism will be held on Sunday, 1 August at Lety u P\u00edsku, Czech Republic\"}]},{\"@type\":\"WebSite\",\"@id\":\"https:\\\/\\\/www.roma-sinti-holocaust-memorial-day.eu\\\/#website\",\"url\":\"https:\\\/\\\/www.roma-sinti-holocaust-memorial-day.eu\\\/\",\"name\":\"European Holocaust Memorial Day for Sinti und Roma\",\"description\":\"\",\"publisher\":{\"@id\":\"https:\\\/\\\/www.roma-sinti-holocaust-memorial-day.eu\\\/#organization\"},\"potentialAction\":[{\"@type\":\"SearchAction\",\"target\":{\"@type\":\"EntryPoint\",\"urlTemplate\":\"https:\\\/\\\/www.roma-sinti-holocaust-memorial-day.eu\\\/?s={search_term_string}\"},\"query-input\":{\"@type\":\"PropertyValueSpecification\",\"valueRequired\":true,\"valueName\":\"search_term_string\"}}],\"inLanguage\":\"pl-PL\"},{\"@type\":\"Organization\",\"@id\":\"https:\\\/\\\/www.roma-sinti-holocaust-memorial-day.eu\\\/#organization\",\"name\":\"European Holocaust Memorial Day for Sinti und Roma\",\"url\":\"https:\\\/\\\/www.roma-sinti-holocaust-memorial-day.eu\\\/\",\"logo\":{\"@type\":\"ImageObject\",\"inLanguage\":\"pl-PL\",\"@id\":\"https:\\\/\\\/www.roma-sinti-holocaust-memorial-day.eu\\\/#\\\/schema\\\/logo\\\/image\\\/\",\"url\":\"https:\\\/\\\/www.roma-sinti-holocaust-memorial-day.eu\\\/wp-content\\\/uploads\\\/2020\\\/06\\\/en-logo-2020-europaeischer-holocaust-gedenktag-f\u00fcr-sinti-und-roma_gelb.svg\",\"contentUrl\":\"https:\\\/\\\/www.roma-sinti-holocaust-memorial-day.eu\\\/wp-content\\\/uploads\\\/2020\\\/06\\\/en-logo-2020-europaeischer-holocaust-gedenktag-f\u00fcr-sinti-und-roma_gelb.svg\",\"caption\":\"European Holocaust Memorial Day for Sinti und Roma\"},\"image\":{\"@id\":\"https:\\\/\\\/www.roma-sinti-holocaust-memorial-day.eu\\\/#\\\/schema\\\/logo\\\/image\\\/\"}},{\"@type\":\"Person\",\"@id\":\"https:\\\/\\\/www.roma-sinti-holocaust-memorial-day.eu\\\/#\\\/schema\\\/person\\\/601a661ba1e1354921643a3002c039dd\",\"name\":\"Johannes Kaiser\",\"image\":{\"@type\":\"ImageObject\",\"inLanguage\":\"pl-PL\",\"@id\":\"https:\\\/\\\/secure.gravatar.com\\\/avatar\\\/29396a57a818cc8ceb91634d4071bdf0aaadc1dbcca9871da11e1c709cd15369?s=96&d=mm&r=g\",\"url\":\"https:\\\/\\\/secure.gravatar.com\\\/avatar\\\/29396a57a818cc8ceb91634d4071bdf0aaadc1dbcca9871da11e1c709cd15369?s=96&d=mm&r=g\",\"contentUrl\":\"https:\\\/\\\/secure.gravatar.com\\\/avatar\\\/29396a57a818cc8ceb91634d4071bdf0aaadc1dbcca9871da11e1c709cd15369?s=96&d=mm&r=g\",\"caption\":\"Johannes Kaiser\"},\"url\":\"https:\\\/\\\/www.roma-sinti-holocaust-memorial-day.eu\\\/pl\\\/author\\\/johannes\\\/\"}]}<\/script>\n<!-- \/ Yoast SEO plugin. -->","yoast_head_json":{"title":"Traditional commemorative ceremony dedicated to the Romani victims of Nazism will be held on Sunday, 1 August at Lety u P\u00edsku, Czech Republic - European Holocaust Memorial Day for Sinti und Roma","robots":{"index":"index","follow":"follow","max-snippet":"max-snippet:-1","max-image-preview":"max-image-preview:large","max-video-preview":"max-video-preview:-1"},"canonical":"https:\/\/www.roma-sinti-holocaust-memorial-day.eu\/pl\/recognition\/traditional-commemorative-ceremony-dedicated-to-the-romani-victims-of-nazism-will-be-held-on-sunday-1-august-at-lety-u-pisku-czech-republic\/","og_locale":"pl_PL","og_type":"article","og_title":"Traditional commemorative ceremony dedicated to the Romani victims of Nazism will be held on Sunday, 1 August at Lety u P\u00edsku, Czech Republic - European Holocaust Memorial Day for Sinti und Roma","og_description":"Commemorative ceremony at Lety u P\u00edsku, 2 August 2020. (PHOTO: Richard Samko, Romea.cz) On Sunday, 1 August, the traditional commemorative ceremony honoring the Romani victims of Nazism will be held at the site of the unmarked burial ground for the victims of the WWII-era concentration camp at Lety u P\u00edsku, Czech Republic. &#8220;Esteemed friends, the [&hellip;]","og_url":"https:\/\/www.roma-sinti-holocaust-memorial-day.eu\/pl\/recognition\/traditional-commemorative-ceremony-dedicated-to-the-romani-victims-of-nazism-will-be-held-on-sunday-1-august-at-lety-u-pisku-czech-republic\/","og_site_name":"European Holocaust Memorial Day for Sinti und Roma","article_published_time":"2021-08-02T10:00:00+00:00","og_image":[{"width":630,"height":350,"url":"https:\/\/www.roma-sinti-holocaust-memorial-day.eu\/wp-content\/uploads\/2021\/08\/phpThumb_generated_thumbnail.jpg","type":"image\/jpeg"}],"author":"Johannes Kaiser","twitter_card":"summary_large_image","twitter_misc":{"Napisane przez":"Johannes Kaiser","Szacowany czas czytania":"2 minuty"},"schema":{"@context":"https:\/\/schema.org","@graph":[{"@type":"Article","@id":"https:\/\/www.roma-sinti-holocaust-memorial-day.eu\/recognition\/traditional-commemorative-ceremony-dedicated-to-the-romani-victims-of-nazism-will-be-held-on-sunday-1-august-at-lety-u-pisku-czech-republic\/#article","isPartOf":{"@id":"https:\/\/www.roma-sinti-holocaust-memorial-day.eu\/recognition\/traditional-commemorative-ceremony-dedicated-to-the-romani-victims-of-nazism-will-be-held-on-sunday-1-august-at-lety-u-pisku-czech-republic\/"},"author":{"name":"Johannes Kaiser","@id":"https:\/\/www.roma-sinti-holocaust-memorial-day.eu\/#\/schema\/person\/601a661ba1e1354921643a3002c039dd"},"headline":"Traditional commemorative ceremony dedicated to the Romani victims of Nazism will be held on Sunday, 1 August at Lety u P\u00edsku, Czech Republic","datePublished":"2021-08-02T10:00:00+00:00","mainEntityOfPage":{"@id":"https:\/\/www.roma-sinti-holocaust-memorial-day.eu\/recognition\/traditional-commemorative-ceremony-dedicated-to-the-romani-victims-of-nazism-will-be-held-on-sunday-1-august-at-lety-u-pisku-czech-republic\/"},"wordCount":441,"publisher":{"@id":"https:\/\/www.roma-sinti-holocaust-memorial-day.eu\/#organization"},"image":{"@id":"https:\/\/www.roma-sinti-holocaust-memorial-day.eu\/recognition\/traditional-commemorative-ceremony-dedicated-to-the-romani-victims-of-nazism-will-be-held-on-sunday-1-august-at-lety-u-pisku-czech-republic\/#primaryimage"},"thumbnailUrl":"https:\/\/www.roma-sinti-holocaust-memorial-day.eu\/wp-content\/uploads\/2021\/08\/phpThumb_generated_thumbnail.jpg","articleSection":["Current struggles and advocacy for recognition","Recognition"],"inLanguage":"pl-PL"},{"@type":"WebPage","@id":"https:\/\/www.roma-sinti-holocaust-memorial-day.eu\/recognition\/traditional-commemorative-ceremony-dedicated-to-the-romani-victims-of-nazism-will-be-held-on-sunday-1-august-at-lety-u-pisku-czech-republic\/","url":"https:\/\/www.roma-sinti-holocaust-memorial-day.eu\/recognition\/traditional-commemorative-ceremony-dedicated-to-the-romani-victims-of-nazism-will-be-held-on-sunday-1-august-at-lety-u-pisku-czech-republic\/","name":"Traditional commemorative ceremony dedicated to the Romani victims of Nazism will be held on Sunday, 1 August at Lety u P\u00edsku, Czech Republic - European Holocaust Memorial Day for Sinti und Roma","isPartOf":{"@id":"https:\/\/www.roma-sinti-holocaust-memorial-day.eu\/#website"},"primaryImageOfPage":{"@id":"https:\/\/www.roma-sinti-holocaust-memorial-day.eu\/recognition\/traditional-commemorative-ceremony-dedicated-to-the-romani-victims-of-nazism-will-be-held-on-sunday-1-august-at-lety-u-pisku-czech-republic\/#primaryimage"},"image":{"@id":"https:\/\/www.roma-sinti-holocaust-memorial-day.eu\/recognition\/traditional-commemorative-ceremony-dedicated-to-the-romani-victims-of-nazism-will-be-held-on-sunday-1-august-at-lety-u-pisku-czech-republic\/#primaryimage"},"thumbnailUrl":"https:\/\/www.roma-sinti-holocaust-memorial-day.eu\/wp-content\/uploads\/2021\/08\/phpThumb_generated_thumbnail.jpg","datePublished":"2021-08-02T10:00:00+00:00","breadcrumb":{"@id":"https:\/\/www.roma-sinti-holocaust-memorial-day.eu\/recognition\/traditional-commemorative-ceremony-dedicated-to-the-romani-victims-of-nazism-will-be-held-on-sunday-1-august-at-lety-u-pisku-czech-republic\/#breadcrumb"},"inLanguage":"pl-PL","potentialAction":[{"@type":"ReadAction","target":["https:\/\/www.roma-sinti-holocaust-memorial-day.eu\/recognition\/traditional-commemorative-ceremony-dedicated-to-the-romani-victims-of-nazism-will-be-held-on-sunday-1-august-at-lety-u-pisku-czech-republic\/"]}]},{"@type":"ImageObject","inLanguage":"pl-PL","@id":"https:\/\/www.roma-sinti-holocaust-memorial-day.eu\/recognition\/traditional-commemorative-ceremony-dedicated-to-the-romani-victims-of-nazism-will-be-held-on-sunday-1-august-at-lety-u-pisku-czech-republic\/#primaryimage","url":"https:\/\/www.roma-sinti-holocaust-memorial-day.eu\/wp-content\/uploads\/2021\/08\/phpThumb_generated_thumbnail.jpg","contentUrl":"https:\/\/www.roma-sinti-holocaust-memorial-day.eu\/wp-content\/uploads\/2021\/08\/phpThumb_generated_thumbnail.jpg","width":630,"height":350,"caption":"Commemorative ceremony at Lety u P\u00edsku, 2 August 2020. photo by Richard Samko, Romea.cz"},{"@type":"BreadcrumbList","@id":"https:\/\/www.roma-sinti-holocaust-memorial-day.eu\/recognition\/traditional-commemorative-ceremony-dedicated-to-the-romani-victims-of-nazism-will-be-held-on-sunday-1-august-at-lety-u-pisku-czech-republic\/#breadcrumb","itemListElement":[{"@type":"ListItem","position":1,"name":"Home","item":"https:\/\/www.roma-sinti-holocaust-memorial-day.eu\/"},{"@type":"ListItem","position":2,"name":"Traditional commemorative ceremony dedicated to the Romani victims of Nazism will be held on Sunday, 1 August at Lety u P\u00edsku, Czech Republic"}]},{"@type":"WebSite","@id":"https:\/\/www.roma-sinti-holocaust-memorial-day.eu\/#website","url":"https:\/\/www.roma-sinti-holocaust-memorial-day.eu\/","name":"European Holocaust Memorial Day for Sinti und Roma","description":"","publisher":{"@id":"https:\/\/www.roma-sinti-holocaust-memorial-day.eu\/#organization"},"potentialAction":[{"@type":"SearchAction","target":{"@type":"EntryPoint","urlTemplate":"https:\/\/www.roma-sinti-holocaust-memorial-day.eu\/?s={search_term_string}"},"query-input":{"@type":"PropertyValueSpecification","valueRequired":true,"valueName":"search_term_string"}}],"inLanguage":"pl-PL"},{"@type":"Organization","@id":"https:\/\/www.roma-sinti-holocaust-memorial-day.eu\/#organization","name":"European Holocaust Memorial Day for Sinti und Roma","url":"https:\/\/www.roma-sinti-holocaust-memorial-day.eu\/","logo":{"@type":"ImageObject","inLanguage":"pl-PL","@id":"https:\/\/www.roma-sinti-holocaust-memorial-day.eu\/#\/schema\/logo\/image\/","url":"https:\/\/www.roma-sinti-holocaust-memorial-day.eu\/wp-content\/uploads\/2020\/06\/en-logo-2020-europaeischer-holocaust-gedenktag-f\u00fcr-sinti-und-roma_gelb.svg","contentUrl":"https:\/\/www.roma-sinti-holocaust-memorial-day.eu\/wp-content\/uploads\/2020\/06\/en-logo-2020-europaeischer-holocaust-gedenktag-f\u00fcr-sinti-und-roma_gelb.svg","caption":"European Holocaust Memorial Day for Sinti und Roma"},"image":{"@id":"https:\/\/www.roma-sinti-holocaust-memorial-day.eu\/#\/schema\/logo\/image\/"}},{"@type":"Person","@id":"https:\/\/www.roma-sinti-holocaust-memorial-day.eu\/#\/schema\/person\/601a661ba1e1354921643a3002c039dd","name":"Johannes Kaiser","image":{"@type":"ImageObject","inLanguage":"pl-PL","@id":"https:\/\/secure.gravatar.com\/avatar\/29396a57a818cc8ceb91634d4071bdf0aaadc1dbcca9871da11e1c709cd15369?s=96&d=mm&r=g","url":"https:\/\/secure.gravatar.com\/avatar\/29396a57a818cc8ceb91634d4071bdf0aaadc1dbcca9871da11e1c709cd15369?s=96&d=mm&r=g","contentUrl":"https:\/\/secure.gravatar.com\/avatar\/29396a57a818cc8ceb91634d4071bdf0aaadc1dbcca9871da11e1c709cd15369?s=96&d=mm&r=g","caption":"Johannes Kaiser"},"url":"https:\/\/www.roma-sinti-holocaust-memorial-day.eu\/pl\/author\/johannes\/"}]}},"_links":{"self":[{"href":"https:\/\/www.roma-sinti-holocaust-memorial-day.eu\/pl\/wp-json\/wp\/v2\/posts\/6156","targetHints":{"allow":["GET"]}}],"collection":[{"href":"https:\/\/www.roma-sinti-holocaust-memorial-day.eu\/pl\/wp-json\/wp\/v2\/posts"}],"about":[{"href":"https:\/\/www.roma-sinti-holocaust-memorial-day.eu\/pl\/wp-json\/wp\/v2\/types\/post"}],"author":[{"embeddable":true,"href":"https:\/\/www.roma-sinti-holocaust-memorial-day.eu\/pl\/wp-json\/wp\/v2\/users\/9"}],"replies":[{"embeddable":true,"href":"https:\/\/www.roma-sinti-holocaust-memorial-day.eu\/pl\/wp-json\/wp\/v2\/comments?post=6156"}],"version-history":[{"count":57,"href":"https:\/\/www.roma-sinti-holocaust-memorial-day.eu\/pl\/wp-json\/wp\/v2\/posts\/6156\/revisions"}],"predecessor-version":[{"id":6221,"href":"https:\/\/www.roma-sinti-holocaust-memorial-day.eu\/pl\/wp-json\/wp\/v2\/posts\/6156\/revisions\/6221"}],"wp:featuredmedia":[{"embeddable":true,"href":"https:\/\/www.roma-sinti-holocaust-memorial-day.eu\/pl\/wp-json\/wp\/v2\/media\/6149"}],"wp:attachment":[{"href":"https:\/\/www.roma-sinti-holocaust-memorial-day.eu\/pl\/wp-json\/wp\/v2\/media?parent=6156"}],"wp:term":[{"taxonomy":"category","embeddable":true,"href":"https:\/\/www.roma-sinti-holocaust-memorial-day.eu\/pl\/wp-json\/wp\/v2\/categories?post=6156"},{"taxonomy":"post_tag","embeddable":true,"href":"https:\/\/www.roma-sinti-holocaust-memorial-day.eu\/pl\/wp-json\/wp\/v2\/tags?post=6156"}],"curies":[{"name":"wp","href":"https:\/\/api.w.org\/{rel}","templated":true}]}}